
{"id":6,"date":"2011-12-26T19:18:31","date_gmt":"2011-12-26T19:18:31","guid":{"rendered":"http:\/\/colegioarquitectos.com\/noticias\/?p=6"},"modified":"2011-12-28T17:03:17","modified_gmt":"2011-12-28T17:03:17","slug":"cena-anual-69o-aniversario-colegio-de-arquitectos-de-chile","status":"publish","type":"post","link":"https:\/\/colegioarquitectos.com\/noticias\/?p=6","title":{"rendered":"CENA ANUAL 69\u00ba ANIVERSARIO COLEGIO DE ARQUITECTOS DE CHILE"},"content":{"rendered":"<p align=\"left\"><strong><img loading=\"lazy\" decoding=\"async\" class=\"alignnone wp-image-8\" src=\"http:\/\/www.colegioarquitectos.com\/aniversario\/CENA1.jpg\" alt=\"\" width=\"450\" height=\"300\" \/><\/strong><\/p>\n<p style=\"text-align: left;\" align=\"center\"><strong>COLEGIO DE ARQUITECTOS CELEBRA 69 A\u00d1OS JUNTO A NUEVOS ASOCIADOS <\/strong><\/p>\n<p align=\"justify\">Conmemorando los 69 a\u00f1os que cumple el Colegio de Arquitectos de Chile desde su fundaci\u00f3n en 1942, el viernes 26 de agosto se realiz\u00f3 la Cena Anual de Aniversario de la Orden en el Centro de Eventos Castillo Hidalgo del Cerro Santa Luc\u00eda. Cerca de 500 arquitectos colegiados provenientes de las Delegaciones de todo el pa\u00eds compartieron y recibieron a los nuevos asociados que se integraron a la instituci\u00f3n en el \u00faltimo a\u00f1o.<\/p>\n<p align=\"justify\">En la oportunidad, el Presidente Nacional de la entidad, Luis Eduardo Bresciani P., se dirigi\u00f3 a los socios presentando los lineamientos de trabajo para este nuevo per\u00edodo que se inicia, planteando que, frente a la realidad nacional, \u201cel Colegio debe constituirse como un lugar de debate de temas pa\u00eds a trav\u00e9s de foros p\u00fablicos, abiertos a la comunidad nacional, constituy\u00e9ndonos en un canal propicio para acoger y manifestar sus inquietudes y propuestas. Nos proponemos ser un \u00f3rgano articulador entre la autoridad y ciudadan\u00eda, estando en condiciones de generar una potente y coordinada discusi\u00f3n pol\u00edtico-t\u00e9cnica, al interior de nuestros propios comit\u00e9s de especialidades, con otros colegios afines y organizaciones ciudadanas, para realizar acciones directas y generar los cambios y adecuaciones en la legislaci\u00f3n que nos afecta\u201d.<\/p>\n<p align=\"justify\"><img loading=\"lazy\" decoding=\"async\" class=\"alignnone\" src=\"http:\/\/www.colegioarquitectos.com\/aniversario\/CENA2.jpg\" alt=\"\" width=\"451\" height=\"265\" \/><\/p>\n<p align=\"justify\"><img loading=\"lazy\" decoding=\"async\" class=\"alignnone\" src=\"http:\/\/www.colegioarquitectos.com\/aniversario\/CENA3.jpg\" alt=\"\" width=\"450\" height=\"285\" \/><\/p>\n<p align=\"justify\"><img loading=\"lazy\" decoding=\"async\" class=\"alignnone\" src=\"http:\/\/www.colegioarquitectos.com\/aniversario\/CENA4.jpg\" alt=\"\" width=\"453\" height=\"340\" \/><\/p>\n<p align=\"justify\"><img loading=\"lazy\" decoding=\"async\" class=\"alignnone\" src=\"http:\/\/www.colegioarquitectos.com\/aniversario\/CENA5.jpg\" alt=\"\" width=\"450\" height=\"300\" \/><\/p>\n<p align=\"justify\">\n<p><\/p>","protected":false},"excerpt":{"rendered":"<p>COLEGIO DE ARQUITECTOS CELEBRA 69 A\u00d1OS JUNTO A NUEVOS ASOCIADOS Conmemorando los 69 a\u00f1os que cumple el Colegio de Arquitectos de Chile desde su fundaci\u00f3n en 1942, el viernes 26 de agosto se realiz\u00f3 la Cena Anual de Aniversario de &hellip; <a class=\"more-link\" href=\"https:\/\/colegioarquitectos.com\/noticias\/?p=6\">ver m\u00e1s<\/a><\/p>","protected":false},"author":1,"featured_media":0,"comment_status":"open","ping_status":"open","sticky":false,"template":"","format":"standard","meta":{"footnotes":""},"categories":[3],"tags":[],"class_list":["post-6","post","type-post","status-publish","format-standard","hentry","category-noticias"],"yoast_head":"<!-- This site is optimized with the Yoast SEO plugin v24.2 - https:\/\/yoast.com\/wordpress\/plugins\/seo\/ -->\n<title>CENA ANUAL 69\u00ba ANIVERSARIO COLEGIO DE ARQUITECTOS DE CHILE  - COLEGIO DE ARQUITECTOS DE CHILE<\/title>\n<meta name=\"robots\" content=\"index, follow, max-snippet:-1, max-image-preview:large, max-video-preview:-1\" \/>\n<link rel=\"canonical\" href=\"https:\/\/colegioarquitectos.com\/noticias\/?p=6\" \/>\n<meta property=\"og:locale\" content=\"es_ES\" \/>\n<meta property=\"og:type\" content=\"article\" \/>\n<meta property=\"og:title\" content=\"CENA ANUAL 69\u00ba ANIVERSARIO COLEGIO DE ARQUITECTOS DE CHILE  - COLEGIO DE ARQUITECTOS DE CHILE\" \/>\n<meta property=\"og:description\" content=\"COLEGIO DE ARQUITECTOS CELEBRA 69 A\u00d1OS JUNTO A NUEVOS ASOCIADOS Conmemorando los 69 a\u00f1os que cumple el Colegio de Arquitectos de Chile desde su fundaci\u00f3n en 1942, el viernes 26 de agosto se realiz\u00f3 la Cena Anual de Aniversario de &hellip; ver m\u00e1s\" \/>\n<meta property=\"og:url\" content=\"https:\/\/colegioarquitectos.com\/noticias\/?p=6\" \/>\n<meta property=\"og:site_name\" content=\"COLEGIO DE ARQUITECTOS DE CHILE\" \/>\n<meta property=\"article:publisher\" content=\"https:\/\/facebook.com\/Colegioarq\/\" \/>\n<meta property=\"article:published_time\" content=\"2011-12-26T19:18:31+00:00\" \/>\n<meta property=\"article:modified_time\" content=\"2011-12-28T17:03:17+00:00\" \/>\n<meta property=\"og:image\" content=\"http:\/\/www.colegioarquitectos.com\/aniversario\/CENA1.jpg\" \/>\n<meta name=\"author\" content=\"Gabriel Salgado S.\" \/>\n<meta name=\"twitter:card\" content=\"summary_large_image\" \/>\n<meta name=\"twitter:creator\" content=\"@colegioarq\" \/>\n<meta name=\"twitter:site\" content=\"@colegioarq\" \/>\n<meta name=\"twitter:label1\" content=\"Escrito por\" \/>\n\t<meta name=\"twitter:data1\" content=\"Gabriel Salgado S.\" \/>\n\t<meta name=\"twitter:label2\" content=\"Tiempo de lectura\" \/>\n\t<meta name=\"twitter:data2\" content=\"1 minuto\" \/>\n<script type=\"application\/ld+json\" class=\"yoast-schema-graph\">{\"@context\":\"https:\/\/schema.org\",\"@graph\":[{\"@type\":\"Article\",\"@id\":\"https:\/\/colegioarquitectos.com\/noticias\/?p=6#article\",\"isPartOf\":{\"@id\":\"https:\/\/colegioarquitectos.com\/noticias\/?p=6\"},\"author\":{\"name\":\"Gabriel Salgado S.\",\"@id\":\"https:\/\/colegioarquitectos.com\/noticias\/#\/schema\/person\/b6c7e912cd1283c089114093ed09741f\"},\"headline\":\"CENA ANUAL 69\u00ba ANIVERSARIO COLEGIO DE ARQUITECTOS DE CHILE\",\"datePublished\":\"2011-12-26T19:18:31+00:00\",\"dateModified\":\"2011-12-28T17:03:17+00:00\",\"mainEntityOfPage\":{\"@id\":\"https:\/\/colegioarquitectos.com\/noticias\/?p=6\"},\"wordCount\":229,\"commentCount\":0,\"publisher\":{\"@id\":\"https:\/\/colegioarquitectos.com\/noticias\/#organization\"},\"image\":{\"@id\":\"https:\/\/colegioarquitectos.com\/noticias\/?p=6#primaryimage\"},\"thumbnailUrl\":\"http:\/\/www.colegioarquitectos.com\/aniversario\/CENA1.jpg\",\"articleSection\":[\"Noticias\"],\"inLanguage\":\"es\",\"potentialAction\":[{\"@type\":\"CommentAction\",\"name\":\"Comment\",\"target\":[\"https:\/\/colegioarquitectos.com\/noticias\/?p=6#respond\"]}]},{\"@type\":\"WebPage\",\"@id\":\"https:\/\/colegioarquitectos.com\/noticias\/?p=6\",\"url\":\"https:\/\/colegioarquitectos.com\/noticias\/?p=6\",\"name\":\"CENA ANUAL 69\u00ba ANIVERSARIO COLEGIO DE ARQUITECTOS DE CHILE - COLEGIO DE ARQUITECTOS DE CHILE\",\"isPartOf\":{\"@id\":\"https:\/\/colegioarquitectos.com\/noticias\/#website\"},\"primaryImageOfPage\":{\"@id\":\"https:\/\/colegioarquitectos.com\/noticias\/?p=6#primaryimage\"},\"image\":{\"@id\":\"https:\/\/colegioarquitectos.com\/noticias\/?p=6#primaryimage\"},\"thumbnailUrl\":\"http:\/\/www.colegioarquitectos.com\/aniversario\/CENA1.jpg\",\"datePublished\":\"2011-12-26T19:18:31+00:00\",\"dateModified\":\"2011-12-28T17:03:17+00:00\",\"breadcrumb\":{\"@id\":\"https:\/\/colegioarquitectos.com\/noticias\/?p=6#breadcrumb\"},\"inLanguage\":\"es\",\"potentialAction\":[{\"@type\":\"ReadAction\",\"target\":[\"https:\/\/colegioarquitectos.com\/noticias\/?p=6\"]}]},{\"@type\":\"ImageObject\",\"inLanguage\":\"es\",\"@id\":\"https:\/\/colegioarquitectos.com\/noticias\/?p=6#primaryimage\",\"url\":\"http:\/\/www.colegioarquitectos.com\/aniversario\/CENA1.jpg\",\"contentUrl\":\"http:\/\/www.colegioarquitectos.com\/aniversario\/CENA1.jpg\"},{\"@type\":\"BreadcrumbList\",\"@id\":\"https:\/\/colegioarquitectos.com\/noticias\/?p=6#breadcrumb\",\"itemListElement\":[{\"@type\":\"ListItem\",\"position\":1,\"name\":\"Portada\",\"item\":\"https:\/\/colegioarquitectos.com\/noticias\"},{\"@type\":\"ListItem\",\"position\":2,\"name\":\"CENA ANUAL 69\u00ba ANIVERSARIO COLEGIO DE ARQUITECTOS DE CHILE\"}]},{\"@type\":\"WebSite\",\"@id\":\"https:\/\/colegioarquitectos.com\/noticias\/#website\",\"url\":\"https:\/\/colegioarquitectos.com\/noticias\/\",\"name\":\"COLEGIO DE ARQUITECTOS DE CHILE\",\"description\":\"\",\"publisher\":{\"@id\":\"https:\/\/colegioarquitectos.com\/noticias\/#organization\"},\"potentialAction\":[{\"@type\":\"SearchAction\",\"target\":{\"@type\":\"EntryPoint\",\"urlTemplate\":\"https:\/\/colegioarquitectos.com\/noticias\/?s={search_term_string}\"},\"query-input\":{\"@type\":\"PropertyValueSpecification\",\"valueRequired\":true,\"valueName\":\"search_term_string\"}}],\"inLanguage\":\"es\"},{\"@type\":\"Organization\",\"@id\":\"https:\/\/colegioarquitectos.com\/noticias\/#organization\",\"name\":\"COLEGIO DE ARQUITECTOS DE CHILE\",\"url\":\"https:\/\/colegioarquitectos.com\/noticias\/\",\"logo\":{\"@type\":\"ImageObject\",\"inLanguage\":\"es\",\"@id\":\"https:\/\/colegioarquitectos.com\/noticias\/#\/schema\/logo\/image\/\",\"url\":\"https:\/\/colegioarquitectos.com\/noticias\/wp-content\/uploads\/2021\/05\/ENCABEZADO-LOGO-CA.jpg\",\"contentUrl\":\"https:\/\/colegioarquitectos.com\/noticias\/wp-content\/uploads\/2021\/05\/ENCABEZADO-LOGO-CA.jpg\",\"width\":690,\"height\":350,\"caption\":\"COLEGIO DE ARQUITECTOS DE CHILE\"},\"image\":{\"@id\":\"https:\/\/colegioarquitectos.com\/noticias\/#\/schema\/logo\/image\/\"},\"sameAs\":[\"https:\/\/facebook.com\/Colegioarq\/\",\"https:\/\/x.com\/colegioarq\",\"https:\/\/instagram.com\/colegioarq\",\"https:\/\/youtube.com\/@ColegiodeArquitectosdeChile\"]},{\"@type\":\"Person\",\"@id\":\"https:\/\/colegioarquitectos.com\/noticias\/#\/schema\/person\/b6c7e912cd1283c089114093ed09741f\",\"name\":\"Gabriel Salgado S.\",\"url\":\"https:\/\/colegioarquitectos.com\/noticias\/?author=1\"}]}<\/script>\n<!-- \/ Yoast SEO plugin. -->","yoast_head_json":{"title":"CENA ANUAL 69\u00ba ANIVERSARIO COLEGIO DE ARQUITECTOS DE CHILE  - COLEGIO DE ARQUITECTOS DE CHILE","robots":{"index":"index","follow":"follow","max-snippet":"max-snippet:-1","max-image-preview":"max-image-preview:large","max-video-preview":"max-video-preview:-1"},"canonical":"https:\/\/colegioarquitectos.com\/noticias\/?p=6","og_locale":"es_ES","og_type":"article","og_title":"CENA ANUAL 69\u00ba ANIVERSARIO COLEGIO DE ARQUITECTOS DE CHILE  - COLEGIO DE ARQUITECTOS DE CHILE","og_description":"COLEGIO DE ARQUITECTOS CELEBRA 69 A\u00d1OS JUNTO A NUEVOS ASOCIADOS Conmemorando los 69 a\u00f1os que cumple el Colegio de Arquitectos de Chile desde su fundaci\u00f3n en 1942, el viernes 26 de agosto se realiz\u00f3 la Cena Anual de Aniversario de &hellip; ver m\u00e1s","og_url":"https:\/\/colegioarquitectos.com\/noticias\/?p=6","og_site_name":"COLEGIO DE ARQUITECTOS DE CHILE","article_publisher":"https:\/\/facebook.com\/Colegioarq\/","article_published_time":"2011-12-26T19:18:31+00:00","article_modified_time":"2011-12-28T17:03:17+00:00","og_image":[{"url":"http:\/\/www.colegioarquitectos.com\/aniversario\/CENA1.jpg","type":"","width":"","height":""}],"author":"Gabriel Salgado S.","twitter_card":"summary_large_image","twitter_creator":"@colegioarq","twitter_site":"@colegioarq","twitter_misc":{"Escrito por":"Gabriel Salgado S.","Tiempo de lectura":"1 minuto"},"schema":{"@context":"https:\/\/schema.org","@graph":[{"@type":"Article","@id":"https:\/\/colegioarquitectos.com\/noticias\/?p=6#article","isPartOf":{"@id":"https:\/\/colegioarquitectos.com\/noticias\/?p=6"},"author":{"name":"Gabriel Salgado S.","@id":"https:\/\/colegioarquitectos.com\/noticias\/#\/schema\/person\/b6c7e912cd1283c089114093ed09741f"},"headline":"CENA ANUAL 69\u00ba ANIVERSARIO COLEGIO DE ARQUITECTOS DE CHILE","datePublished":"2011-12-26T19:18:31+00:00","dateModified":"2011-12-28T17:03:17+00:00","mainEntityOfPage":{"@id":"https:\/\/colegioarquitectos.com\/noticias\/?p=6"},"wordCount":229,"commentCount":0,"publisher":{"@id":"https:\/\/colegioarquitectos.com\/noticias\/#organization"},"image":{"@id":"https:\/\/colegioarquitectos.com\/noticias\/?p=6#primaryimage"},"thumbnailUrl":"http:\/\/www.colegioarquitectos.com\/aniversario\/CENA1.jpg","articleSection":["Noticias"],"inLanguage":"es","potentialAction":[{"@type":"CommentAction","name":"Comment","target":["https:\/\/colegioarquitectos.com\/noticias\/?p=6#respond"]}]},{"@type":"WebPage","@id":"https:\/\/colegioarquitectos.com\/noticias\/?p=6","url":"https:\/\/colegioarquitectos.com\/noticias\/?p=6","name":"CENA ANUAL 69\u00ba ANIVERSARIO COLEGIO DE ARQUITECTOS DE CHILE - COLEGIO DE ARQUITECTOS DE CHILE","isPartOf":{"@id":"https:\/\/colegioarquitectos.com\/noticias\/#website"},"primaryImageOfPage":{"@id":"https:\/\/colegioarquitectos.com\/noticias\/?p=6#primaryimage"},"image":{"@id":"https:\/\/colegioarquitectos.com\/noticias\/?p=6#primaryimage"},"thumbnailUrl":"http:\/\/www.colegioarquitectos.com\/aniversario\/CENA1.jpg","datePublished":"2011-12-26T19:18:31+00:00","dateModified":"2011-12-28T17:03:17+00:00","breadcrumb":{"@id":"https:\/\/colegioarquitectos.com\/noticias\/?p=6#breadcrumb"},"inLanguage":"es","potentialAction":[{"@type":"ReadAction","target":["https:\/\/colegioarquitectos.com\/noticias\/?p=6"]}]},{"@type":"ImageObject","inLanguage":"es","@id":"https:\/\/colegioarquitectos.com\/noticias\/?p=6#primaryimage","url":"http:\/\/www.colegioarquitectos.com\/aniversario\/CENA1.jpg","contentUrl":"http:\/\/www.colegioarquitectos.com\/aniversario\/CENA1.jpg"},{"@type":"BreadcrumbList","@id":"https:\/\/colegioarquitectos.com\/noticias\/?p=6#breadcrumb","itemListElement":[{"@type":"ListItem","position":1,"name":"Portada","item":"https:\/\/colegioarquitectos.com\/noticias"},{"@type":"ListItem","position":2,"name":"CENA ANUAL 69\u00ba ANIVERSARIO COLEGIO DE ARQUITECTOS DE CHILE"}]},{"@type":"WebSite","@id":"https:\/\/colegioarquitectos.com\/noticias\/#website","url":"https:\/\/colegioarquitectos.com\/noticias\/","name":"COLEGIO DE ARQUITECTOS DE CHILE","description":"","publisher":{"@id":"https:\/\/colegioarquitectos.com\/noticias\/#organization"},"potentialAction":[{"@type":"SearchAction","target":{"@type":"EntryPoint","urlTemplate":"https:\/\/colegioarquitectos.com\/noticias\/?s={search_term_string}"},"query-input":{"@type":"PropertyValueSpecification","valueRequired":true,"valueName":"search_term_string"}}],"inLanguage":"es"},{"@type":"Organization","@id":"https:\/\/colegioarquitectos.com\/noticias\/#organization","name":"COLEGIO DE ARQUITECTOS DE CHILE","url":"https:\/\/colegioarquitectos.com\/noticias\/","logo":{"@type":"ImageObject","inLanguage":"es","@id":"https:\/\/colegioarquitectos.com\/noticias\/#\/schema\/logo\/image\/","url":"https:\/\/colegioarquitectos.com\/noticias\/wp-content\/uploads\/2021\/05\/ENCABEZADO-LOGO-CA.jpg","contentUrl":"https:\/\/colegioarquitectos.com\/noticias\/wp-content\/uploads\/2021\/05\/ENCABEZADO-LOGO-CA.jpg","width":690,"height":350,"caption":"COLEGIO DE ARQUITECTOS DE CHILE"},"image":{"@id":"https:\/\/colegioarquitectos.com\/noticias\/#\/schema\/logo\/image\/"},"sameAs":["https:\/\/facebook.com\/Colegioarq\/","https:\/\/x.com\/colegioarq","https:\/\/instagram.com\/colegioarq","https:\/\/youtube.com\/@ColegiodeArquitectosdeChile"]},{"@type":"Person","@id":"https:\/\/colegioarquitectos.com\/noticias\/#\/schema\/person\/b6c7e912cd1283c089114093ed09741f","name":"Gabriel Salgado S.","url":"https:\/\/colegioarquitectos.com\/noticias\/?author=1"}]}},"_links":{"self":[{"href":"https:\/\/colegioarquitectos.com\/noticias\/index.php?rest_route=\/wp\/v2\/posts\/6","targetHints":{"allow":["GET"]}}],"collection":[{"href":"https:\/\/colegioarquitectos.com\/noticias\/index.php?rest_route=\/wp\/v2\/posts"}],"about":[{"href":"https:\/\/colegioarquitectos.com\/noticias\/index.php?rest_route=\/wp\/v2\/types\/post"}],"author":[{"embeddable":true,"href":"https:\/\/colegioarquitectos.com\/noticias\/index.php?rest_route=\/wp\/v2\/users\/1"}],"replies":[{"embeddable":true,"href":"https:\/\/colegioarquitectos.com\/noticias\/index.php?rest_route=%2Fwp%2Fv2%2Fcomments&post=6"}],"version-history":[{"count":0,"href":"https:\/\/colegioarquitectos.com\/noticias\/index.php?rest_route=\/wp\/v2\/posts\/6\/revisions"}],"wp:attachment":[{"href":"https:\/\/colegioarquitectos.com\/noticias\/index.php?rest_route=%2Fwp%2Fv2%2Fmedia&parent=6"}],"wp:term":[{"taxonomy":"category","embeddable":true,"href":"https:\/\/colegioarquitectos.com\/noticias\/index.php?rest_route=%2Fwp%2Fv2%2Fcategories&post=6"},{"taxonomy":"post_tag","embeddable":true,"href":"https:\/\/colegioarquitectos.com\/noticias\/index.php?rest_route=%2Fwp%2Fv2%2Ftags&post=6"}],"curies":[{"name":"wp","href":"https:\/\/api.w.org\/{rel}","templated":true}]}}