
{"id":6036,"date":"2014-11-06T18:55:05","date_gmt":"2014-11-06T18:55:05","guid":{"rendered":"http:\/\/colegioarquitectos.com\/?p=6036"},"modified":"2014-11-06T18:55:18","modified_gmt":"2014-11-06T18:55:18","slug":"se-crea-la-asociacion-chilena-de-urbanistas","status":"publish","type":"post","link":"https:\/\/colegioarquitectos.com\/noticias\/?p=6036","title":{"rendered":"Se crea la  \u00abASOCIACION CHILENA DE URBANISTAS\u00bb"},"content":{"rendered":"<p>Se crea la\u00a0\u00a0 \u00a0\u00abASOCIACION CHILENA DE URBANISTAS\u00bb<\/p>\n<p>&nbsp;<\/p>\n<p>Este d\u00eda Viernes 7 de Noviembre de 1914 en el marco de la celebraci\u00f3n de los 65 a\u00f1os de vida del organismo que celebra \u00abEl d\u00eda Mundial del Urbanismo\u00bb les invitamos al lanzamiento de la constituci\u00f3n de la\u00a0 \u00abASOCIACION CHILENA DE URBANISTAS\u00bb, \u00a0que pasar\u00e1 a formar parte de la FEDERACI\u00d3N IBEROAMERICANA DE URBANISTAS.<\/p>\n<p>&nbsp;<\/p>\n<p>En esta ocasi\u00f3n, la Asociaci\u00f3n de urbanistas que se crea, \u00a0manifiesta su preocupaci\u00f3n por el retroceso habido en la Planificaci\u00f3n Urbana en las \u00faltimas d\u00e9cadas, que ha tenido como resultado una calidad de vida cada vez m\u00e1s desigual al interior de nuestras ciudades; territorios fragmentados f\u00edsica y socialmente y el abandono de extensas zonas en las periferias pobres.<\/p>\n<p>&nbsp;<\/p>\n<p>La Asociaci\u00f3n Chilena de Urbanistas, \u00a0se propone desde su rol multidisciplinario y su contribuci\u00f3n al Ordenamiento Territorial y Urbano y del Uso de Suelo, impulsar el logro del Derecho Urban\u00edstico, en justicia y equidad para lograr el buen vivir de todas y todos.<\/p>\n<p>&nbsp;<\/p>\n<p>Los invitamos a asistir a la fundaci\u00f3n de la Asociaci\u00f3n, en el Acceso del Centro Cultural GAM en Alameda 227 a las 11 de la ma\u00f1ana de este Viernes 7 de Noviembre.<\/p>\n<p>&nbsp;<\/p>\n<p>Comunicaci\u00f3n provisoria<\/p>\n<p>julioalegriag@gmail,com<\/p>\n<p>98257188<\/p>\n<p><\/p>","protected":false},"excerpt":{"rendered":"<p>Se crea la\u00a0\u00a0 \u00a0\u00abASOCIACION CHILENA DE URBANISTAS\u00bb &nbsp; Este d\u00eda Viernes 7 de Noviembre de 1914 en el marco de la celebraci\u00f3n de los 65 a\u00f1os de vida del organismo que celebra \u00abEl d\u00eda Mundial del Urbanismo\u00bb les invitamos al &hellip; <a class=\"more-link\" href=\"https:\/\/colegioarquitectos.com\/noticias\/?p=6036\">ver m\u00e1s<\/a><\/p>","protected":false},"author":1,"featured_media":0,"comment_status":"open","ping_status":"open","sticky":false,"template":"","format":"standard","meta":{"footnotes":""},"categories":[8],"tags":[],"class_list":["post-6036","post","type-post","status-publish","format-standard","hentry","category-colegio-de-arquitectos"],"yoast_head":"<!-- This site is optimized with the Yoast SEO plugin v24.2 - https:\/\/yoast.com\/wordpress\/plugins\/seo\/ -->\n<title>Se crea la &quot;ASOCIACION CHILENA DE URBANISTAS&quot; - COLEGIO DE ARQUITECTOS DE CHILE<\/title>\n<meta name=\"robots\" content=\"index, follow, max-snippet:-1, max-image-preview:large, max-video-preview:-1\" \/>\n<link rel=\"canonical\" href=\"https:\/\/colegioarquitectos.com\/noticias\/?p=6036\" \/>\n<meta property=\"og:locale\" content=\"es_ES\" \/>\n<meta property=\"og:type\" content=\"article\" \/>\n<meta property=\"og:title\" content=\"Se crea la &quot;ASOCIACION CHILENA DE URBANISTAS&quot; - COLEGIO DE ARQUITECTOS DE CHILE\" \/>\n<meta property=\"og:description\" content=\"Se crea la\u00a0\u00a0 \u00a0\u00abASOCIACION CHILENA DE URBANISTAS\u00bb &nbsp; Este d\u00eda Viernes 7 de Noviembre de 1914 en el marco de la celebraci\u00f3n de los 65 a\u00f1os de vida del organismo que celebra \u00abEl d\u00eda Mundial del Urbanismo\u00bb les invitamos al &hellip; ver m\u00e1s\" \/>\n<meta property=\"og:url\" content=\"https:\/\/colegioarquitectos.com\/noticias\/?p=6036\" \/>\n<meta property=\"og:site_name\" content=\"COLEGIO DE ARQUITECTOS DE CHILE\" \/>\n<meta property=\"article:publisher\" content=\"https:\/\/facebook.com\/Colegioarq\/\" \/>\n<meta property=\"article:published_time\" content=\"2014-11-06T18:55:05+00:00\" \/>\n<meta property=\"article:modified_time\" content=\"2014-11-06T18:55:18+00:00\" \/>\n<meta name=\"author\" content=\"Gabriel Salgado S.\" \/>\n<meta name=\"twitter:card\" content=\"summary_large_image\" \/>\n<meta name=\"twitter:creator\" content=\"@colegioarq\" \/>\n<meta name=\"twitter:site\" content=\"@colegioarq\" \/>\n<meta name=\"twitter:label1\" content=\"Escrito por\" \/>\n\t<meta name=\"twitter:data1\" content=\"Gabriel Salgado S.\" \/>\n\t<meta name=\"twitter:label2\" content=\"Tiempo de lectura\" \/>\n\t<meta name=\"twitter:data2\" content=\"1 minuto\" \/>\n<script type=\"application\/ld+json\" class=\"yoast-schema-graph\">{\"@context\":\"https:\/\/schema.org\",\"@graph\":[{\"@type\":\"Article\",\"@id\":\"https:\/\/colegioarquitectos.com\/noticias\/?p=6036#article\",\"isPartOf\":{\"@id\":\"https:\/\/colegioarquitectos.com\/noticias\/?p=6036\"},\"author\":{\"name\":\"Gabriel Salgado S.\",\"@id\":\"https:\/\/colegioarquitectos.com\/noticias\/#\/schema\/person\/b6c7e912cd1283c089114093ed09741f\"},\"headline\":\"Se crea la \u00abASOCIACION CHILENA DE URBANISTAS\u00bb\",\"datePublished\":\"2014-11-06T18:55:05+00:00\",\"dateModified\":\"2014-11-06T18:55:18+00:00\",\"mainEntityOfPage\":{\"@id\":\"https:\/\/colegioarquitectos.com\/noticias\/?p=6036\"},\"wordCount\":224,\"commentCount\":1,\"publisher\":{\"@id\":\"https:\/\/colegioarquitectos.com\/noticias\/#organization\"},\"articleSection\":[\"Colegio\"],\"inLanguage\":\"es\",\"potentialAction\":[{\"@type\":\"CommentAction\",\"name\":\"Comment\",\"target\":[\"https:\/\/colegioarquitectos.com\/noticias\/?p=6036#respond\"]}]},{\"@type\":\"WebPage\",\"@id\":\"https:\/\/colegioarquitectos.com\/noticias\/?p=6036\",\"url\":\"https:\/\/colegioarquitectos.com\/noticias\/?p=6036\",\"name\":\"Se crea la \\\"ASOCIACION CHILENA DE URBANISTAS\\\" - COLEGIO DE ARQUITECTOS DE CHILE\",\"isPartOf\":{\"@id\":\"https:\/\/colegioarquitectos.com\/noticias\/#website\"},\"datePublished\":\"2014-11-06T18:55:05+00:00\",\"dateModified\":\"2014-11-06T18:55:18+00:00\",\"breadcrumb\":{\"@id\":\"https:\/\/colegioarquitectos.com\/noticias\/?p=6036#breadcrumb\"},\"inLanguage\":\"es\",\"potentialAction\":[{\"@type\":\"ReadAction\",\"target\":[\"https:\/\/colegioarquitectos.com\/noticias\/?p=6036\"]}]},{\"@type\":\"BreadcrumbList\",\"@id\":\"https:\/\/colegioarquitectos.com\/noticias\/?p=6036#breadcrumb\",\"itemListElement\":[{\"@type\":\"ListItem\",\"position\":1,\"name\":\"Portada\",\"item\":\"https:\/\/colegioarquitectos.com\/noticias\"},{\"@type\":\"ListItem\",\"position\":2,\"name\":\"Se crea la \u00abASOCIACION CHILENA DE URBANISTAS\u00bb\"}]},{\"@type\":\"WebSite\",\"@id\":\"https:\/\/colegioarquitectos.com\/noticias\/#website\",\"url\":\"https:\/\/colegioarquitectos.com\/noticias\/\",\"name\":\"COLEGIO DE ARQUITECTOS DE CHILE\",\"description\":\"\",\"publisher\":{\"@id\":\"https:\/\/colegioarquitectos.com\/noticias\/#organization\"},\"potentialAction\":[{\"@type\":\"SearchAction\",\"target\":{\"@type\":\"EntryPoint\",\"urlTemplate\":\"https:\/\/colegioarquitectos.com\/noticias\/?s={search_term_string}\"},\"query-input\":{\"@type\":\"PropertyValueSpecification\",\"valueRequired\":true,\"valueName\":\"search_term_string\"}}],\"inLanguage\":\"es\"},{\"@type\":\"Organization\",\"@id\":\"https:\/\/colegioarquitectos.com\/noticias\/#organization\",\"name\":\"COLEGIO DE ARQUITECTOS DE CHILE\",\"url\":\"https:\/\/colegioarquitectos.com\/noticias\/\",\"logo\":{\"@type\":\"ImageObject\",\"inLanguage\":\"es\",\"@id\":\"https:\/\/colegioarquitectos.com\/noticias\/#\/schema\/logo\/image\/\",\"url\":\"https:\/\/colegioarquitectos.com\/noticias\/wp-content\/uploads\/2021\/05\/ENCABEZADO-LOGO-CA.jpg\",\"contentUrl\":\"https:\/\/colegioarquitectos.com\/noticias\/wp-content\/uploads\/2021\/05\/ENCABEZADO-LOGO-CA.jpg\",\"width\":690,\"height\":350,\"caption\":\"COLEGIO DE ARQUITECTOS DE CHILE\"},\"image\":{\"@id\":\"https:\/\/colegioarquitectos.com\/noticias\/#\/schema\/logo\/image\/\"},\"sameAs\":[\"https:\/\/facebook.com\/Colegioarq\/\",\"https:\/\/x.com\/colegioarq\",\"https:\/\/instagram.com\/colegioarq\",\"https:\/\/youtube.com\/@ColegiodeArquitectosdeChile\"]},{\"@type\":\"Person\",\"@id\":\"https:\/\/colegioarquitectos.com\/noticias\/#\/schema\/person\/b6c7e912cd1283c089114093ed09741f\",\"name\":\"Gabriel Salgado S.\",\"url\":\"https:\/\/colegioarquitectos.com\/noticias\/?author=1\"}]}<\/script>\n<!-- \/ Yoast SEO plugin. -->","yoast_head_json":{"title":"Se crea la \"ASOCIACION CHILENA DE URBANISTAS\" - COLEGIO DE ARQUITECTOS DE CHILE","robots":{"index":"index","follow":"follow","max-snippet":"max-snippet:-1","max-image-preview":"max-image-preview:large","max-video-preview":"max-video-preview:-1"},"canonical":"https:\/\/colegioarquitectos.com\/noticias\/?p=6036","og_locale":"es_ES","og_type":"article","og_title":"Se crea la \"ASOCIACION CHILENA DE URBANISTAS\" - COLEGIO DE ARQUITECTOS DE CHILE","og_description":"Se crea la\u00a0\u00a0 \u00a0\u00abASOCIACION CHILENA DE URBANISTAS\u00bb &nbsp; Este d\u00eda Viernes 7 de Noviembre de 1914 en el marco de la celebraci\u00f3n de los 65 a\u00f1os de vida del organismo que celebra \u00abEl d\u00eda Mundial del Urbanismo\u00bb les invitamos al &hellip; ver m\u00e1s","og_url":"https:\/\/colegioarquitectos.com\/noticias\/?p=6036","og_site_name":"COLEGIO DE ARQUITECTOS DE CHILE","article_publisher":"https:\/\/facebook.com\/Colegioarq\/","article_published_time":"2014-11-06T18:55:05+00:00","article_modified_time":"2014-11-06T18:55:18+00:00","author":"Gabriel Salgado S.","twitter_card":"summary_large_image","twitter_creator":"@colegioarq","twitter_site":"@colegioarq","twitter_misc":{"Escrito por":"Gabriel Salgado S.","Tiempo de lectura":"1 minuto"},"schema":{"@context":"https:\/\/schema.org","@graph":[{"@type":"Article","@id":"https:\/\/colegioarquitectos.com\/noticias\/?p=6036#article","isPartOf":{"@id":"https:\/\/colegioarquitectos.com\/noticias\/?p=6036"},"author":{"name":"Gabriel Salgado S.","@id":"https:\/\/colegioarquitectos.com\/noticias\/#\/schema\/person\/b6c7e912cd1283c089114093ed09741f"},"headline":"Se crea la \u00abASOCIACION CHILENA DE URBANISTAS\u00bb","datePublished":"2014-11-06T18:55:05+00:00","dateModified":"2014-11-06T18:55:18+00:00","mainEntityOfPage":{"@id":"https:\/\/colegioarquitectos.com\/noticias\/?p=6036"},"wordCount":224,"commentCount":1,"publisher":{"@id":"https:\/\/colegioarquitectos.com\/noticias\/#organization"},"articleSection":["Colegio"],"inLanguage":"es","potentialAction":[{"@type":"CommentAction","name":"Comment","target":["https:\/\/colegioarquitectos.com\/noticias\/?p=6036#respond"]}]},{"@type":"WebPage","@id":"https:\/\/colegioarquitectos.com\/noticias\/?p=6036","url":"https:\/\/colegioarquitectos.com\/noticias\/?p=6036","name":"Se crea la \"ASOCIACION CHILENA DE URBANISTAS\" - COLEGIO DE ARQUITECTOS DE CHILE","isPartOf":{"@id":"https:\/\/colegioarquitectos.com\/noticias\/#website"},"datePublished":"2014-11-06T18:55:05+00:00","dateModified":"2014-11-06T18:55:18+00:00","breadcrumb":{"@id":"https:\/\/colegioarquitectos.com\/noticias\/?p=6036#breadcrumb"},"inLanguage":"es","potentialAction":[{"@type":"ReadAction","target":["https:\/\/colegioarquitectos.com\/noticias\/?p=6036"]}]},{"@type":"BreadcrumbList","@id":"https:\/\/colegioarquitectos.com\/noticias\/?p=6036#breadcrumb","itemListElement":[{"@type":"ListItem","position":1,"name":"Portada","item":"https:\/\/colegioarquitectos.com\/noticias"},{"@type":"ListItem","position":2,"name":"Se crea la \u00abASOCIACION CHILENA DE URBANISTAS\u00bb"}]},{"@type":"WebSite","@id":"https:\/\/colegioarquitectos.com\/noticias\/#website","url":"https:\/\/colegioarquitectos.com\/noticias\/","name":"COLEGIO DE ARQUITECTOS DE CHILE","description":"","publisher":{"@id":"https:\/\/colegioarquitectos.com\/noticias\/#organization"},"potentialAction":[{"@type":"SearchAction","target":{"@type":"EntryPoint","urlTemplate":"https:\/\/colegioarquitectos.com\/noticias\/?s={search_term_string}"},"query-input":{"@type":"PropertyValueSpecification","valueRequired":true,"valueName":"search_term_string"}}],"inLanguage":"es"},{"@type":"Organization","@id":"https:\/\/colegioarquitectos.com\/noticias\/#organization","name":"COLEGIO DE ARQUITECTOS DE CHILE","url":"https:\/\/colegioarquitectos.com\/noticias\/","logo":{"@type":"ImageObject","inLanguage":"es","@id":"https:\/\/colegioarquitectos.com\/noticias\/#\/schema\/logo\/image\/","url":"https:\/\/colegioarquitectos.com\/noticias\/wp-content\/uploads\/2021\/05\/ENCABEZADO-LOGO-CA.jpg","contentUrl":"https:\/\/colegioarquitectos.com\/noticias\/wp-content\/uploads\/2021\/05\/ENCABEZADO-LOGO-CA.jpg","width":690,"height":350,"caption":"COLEGIO DE ARQUITECTOS DE CHILE"},"image":{"@id":"https:\/\/colegioarquitectos.com\/noticias\/#\/schema\/logo\/image\/"},"sameAs":["https:\/\/facebook.com\/Colegioarq\/","https:\/\/x.com\/colegioarq","https:\/\/instagram.com\/colegioarq","https:\/\/youtube.com\/@ColegiodeArquitectosdeChile"]},{"@type":"Person","@id":"https:\/\/colegioarquitectos.com\/noticias\/#\/schema\/person\/b6c7e912cd1283c089114093ed09741f","name":"Gabriel Salgado S.","url":"https:\/\/colegioarquitectos.com\/noticias\/?author=1"}]}},"_links":{"self":[{"href":"https:\/\/colegioarquitectos.com\/noticias\/index.php?rest_route=\/wp\/v2\/posts\/6036","targetHints":{"allow":["GET"]}}],"collection":[{"href":"https:\/\/colegioarquitectos.com\/noticias\/index.php?rest_route=\/wp\/v2\/posts"}],"about":[{"href":"https:\/\/colegioarquitectos.com\/noticias\/index.php?rest_route=\/wp\/v2\/types\/post"}],"author":[{"embeddable":true,"href":"https:\/\/colegioarquitectos.com\/noticias\/index.php?rest_route=\/wp\/v2\/users\/1"}],"replies":[{"embeddable":true,"href":"https:\/\/colegioarquitectos.com\/noticias\/index.php?rest_route=%2Fwp%2Fv2%2Fcomments&post=6036"}],"version-history":[{"count":0,"href":"https:\/\/colegioarquitectos.com\/noticias\/index.php?rest_route=\/wp\/v2\/posts\/6036\/revisions"}],"wp:attachment":[{"href":"https:\/\/colegioarquitectos.com\/noticias\/index.php?rest_route=%2Fwp%2Fv2%2Fmedia&parent=6036"}],"wp:term":[{"taxonomy":"category","embeddable":true,"href":"https:\/\/colegioarquitectos.com\/noticias\/index.php?rest_route=%2Fwp%2Fv2%2Fcategories&post=6036"},{"taxonomy":"post_tag","embeddable":true,"href":"https:\/\/colegioarquitectos.com\/noticias\/index.php?rest_route=%2Fwp%2Fv2%2Ftags&post=6036"}],"curies":[{"name":"wp","href":"https:\/\/api.w.org\/{rel}","templated":true}]}}