
{"id":6073,"date":"2014-11-12T15:36:10","date_gmt":"2014-11-12T15:36:10","guid":{"rendered":"http:\/\/colegioarquitectos.com\/?p=6073"},"modified":"2014-11-13T13:52:11","modified_gmt":"2014-11-13T13:52:11","slug":"gonzalo-martinez-de-urquidi-presenta-emblematico-proyecto-de-recuperacion-de-maestranza-san-bernardo-en-charla-organizada-por-comite-de-gestion-inmobiliaria","status":"publish","type":"post","link":"https:\/\/colegioarquitectos.com\/noticias\/?p=6073","title":{"rendered":"Gonzalo Martinez de Urquidi presenta proyecto de recuperaci\u00f3n de Maestranza San Bernardo en charla organizada por Comit\u00e9 de Gesti\u00f3n Inmobiliaria"},"content":{"rendered":"<p>Un proyecto\u00a0de recuperaci\u00f3n patrimonial que hoy est\u00e1 en desarrollo es la Rehabilitaci\u00f3n de la Maestranza San Bernardo, una de las primeras estaciones ferroviarias de Chile (1920), declarada Monumento Nacional en 2010, la que ser\u00e1 transformada en un bulevar comercial y adem\u00e1s en un centro cultural y comunitario.<\/p>\n<p>De la obra, que ha sido valorada por muchos y tambi\u00e9n criticada por los vecinos de San Bernardo, est\u00e1 a cargo el arquitecto Gonzalo Mart\u00ednez de Urquidi, de la oficina Uno Arquitectos Asociados. Invitado por el Comit\u00e9 de Gesti\u00f3n Inmobiliaria, durante un almuerzo en la Sede Nacional del Colegio de Arquitectos el martes 4 de noviembre explic\u00f3 al p\u00fablico \u00a0la iniciativa que contempla la rehabilitaci\u00f3n de los tres inmuebles que conforman la ex Maestranza, para albergar 126 locales comerciales, incluy\u00e9ndose una intervenci\u00f3n de los espacios abiertos donde se considera la habilitaci\u00f3n de cinco bulevares y la construcci\u00f3n de tres edificios, dos para oficinas de doce pisos cada uno y otro de cinco como un centro educacional.<\/p>\n<p>En mayo el Consejo de Monumentos Nacionales (CMN) aprob\u00f3 la primera fase del anteproyecto que s\u00f3lo en su etapa de restauraci\u00f3n tendr\u00e1 un costo de 200 mil UF, lo que fue criticado por un grupo de vecinos que quieren transformarlo en museo. La Maestranza dej\u00f3 de funcionar en 1980 y ha sido v\u00edctima de un deterioro por abandono\u00a0y da\u00f1os provocados por los terremotos.<\/p>\n<p>Esta gran estructura ferroviaria fue adquirida por un consorcio malasio-chileno y est\u00e1 siendo financiada por un grupo de inversionistas chilenos. A\u00fan en su fase de dise\u00f1o, el proyecto comenzar\u00e1 a ser construido en 2015 y tambi\u00e9n contempla un memorial a los detenidos desaparecidos encontrados en el Cerro Chena, en la misma comuna.<\/p>\n<p><\/p>","protected":false},"excerpt":{"rendered":"<p>Un proyecto\u00a0de recuperaci\u00f3n patrimonial que hoy est\u00e1 en desarrollo es la Rehabilitaci\u00f3n de la Maestranza San Bernardo, una de las primeras estaciones ferroviarias de Chile (1920), declarada Monumento Nacional en 2010, la que ser\u00e1 transformada en un bulevar comercial y &hellip; <a class=\"more-link\" href=\"https:\/\/colegioarquitectos.com\/noticias\/?p=6073\">ver m\u00e1s<\/a><\/p>","protected":false},"author":4,"featured_media":6074,"comment_status":"open","ping_status":"open","sticky":false,"template":"","format":"standard","meta":{"footnotes":""},"categories":[9],"tags":[],"class_list":["post-6073","post","type-post","status-publish","format-standard","has-post-thumbnail","hentry","category-comites"],"yoast_head":"<!-- This site is optimized with the Yoast SEO plugin v24.2 - https:\/\/yoast.com\/wordpress\/plugins\/seo\/ -->\n<title>Gonzalo Martinez de Urquidi presenta proyecto de recuperaci\u00f3n de Maestranza San Bernardo en charla organizada por Comit\u00e9 de Gesti\u00f3n Inmobiliaria - COLEGIO DE ARQUITECTOS DE CHILE<\/title>\n<meta name=\"robots\" content=\"index, follow, max-snippet:-1, max-image-preview:large, max-video-preview:-1\" \/>\n<link rel=\"canonical\" href=\"https:\/\/colegioarquitectos.com\/noticias\/?p=6073\" \/>\n<meta property=\"og:locale\" content=\"es_ES\" \/>\n<meta property=\"og:type\" content=\"article\" \/>\n<meta property=\"og:title\" content=\"Gonzalo Martinez de Urquidi presenta proyecto de recuperaci\u00f3n de Maestranza San Bernardo en charla organizada por Comit\u00e9 de Gesti\u00f3n Inmobiliaria - COLEGIO DE ARQUITECTOS DE CHILE\" \/>\n<meta property=\"og:description\" content=\"Un proyecto\u00a0de recuperaci\u00f3n patrimonial que hoy est\u00e1 en desarrollo es la Rehabilitaci\u00f3n de la Maestranza San Bernardo, una de las primeras estaciones ferroviarias de Chile (1920), declarada Monumento Nacional en 2010, la que ser\u00e1 transformada en un bulevar comercial y &hellip; ver m\u00e1s\" \/>\n<meta property=\"og:url\" content=\"https:\/\/colegioarquitectos.com\/noticias\/?p=6073\" \/>\n<meta property=\"og:site_name\" content=\"COLEGIO DE ARQUITECTOS DE CHILE\" \/>\n<meta property=\"article:publisher\" content=\"https:\/\/facebook.com\/Colegioarq\/\" \/>\n<meta property=\"article:published_time\" content=\"2014-11-12T15:36:10+00:00\" \/>\n<meta property=\"article:modified_time\" content=\"2014-11-13T13:52:11+00:00\" \/>\n<meta property=\"og:image\" content=\"https:\/\/colegioarquitectos.com\/noticias\/wp-content\/uploads\/2014\/11\/DSCF0032.jpg\" \/>\n\t<meta property=\"og:image:width\" content=\"690\" \/>\n\t<meta property=\"og:image:height\" content=\"518\" \/>\n\t<meta property=\"og:image:type\" content=\"image\/jpeg\" \/>\n<meta name=\"author\" content=\"Colegio de Arquitectos de Chile\" \/>\n<meta name=\"twitter:card\" content=\"summary_large_image\" \/>\n<meta name=\"twitter:creator\" content=\"@colegioarq\" \/>\n<meta name=\"twitter:site\" content=\"@colegioarq\" \/>\n<meta name=\"twitter:label1\" content=\"Escrito por\" \/>\n\t<meta name=\"twitter:data1\" content=\"Colegio de Arquitectos de Chile\" \/>\n\t<meta name=\"twitter:label2\" content=\"Tiempo de lectura\" \/>\n\t<meta name=\"twitter:data2\" content=\"1 minuto\" \/>\n<script type=\"application\/ld+json\" class=\"yoast-schema-graph\">{\"@context\":\"https:\/\/schema.org\",\"@graph\":[{\"@type\":\"Article\",\"@id\":\"https:\/\/colegioarquitectos.com\/noticias\/?p=6073#article\",\"isPartOf\":{\"@id\":\"https:\/\/colegioarquitectos.com\/noticias\/?p=6073\"},\"author\":{\"name\":\"Colegio de Arquitectos de Chile\",\"@id\":\"https:\/\/colegioarquitectos.com\/noticias\/#\/schema\/person\/685cc0aad148303c5608f049af8285ad\"},\"headline\":\"Gonzalo Martinez de Urquidi presenta proyecto de recuperaci\u00f3n de Maestranza San Bernardo en charla organizada por Comit\u00e9 de Gesti\u00f3n Inmobiliaria\",\"datePublished\":\"2014-11-12T15:36:10+00:00\",\"dateModified\":\"2014-11-13T13:52:11+00:00\",\"mainEntityOfPage\":{\"@id\":\"https:\/\/colegioarquitectos.com\/noticias\/?p=6073\"},\"wordCount\":314,\"commentCount\":0,\"publisher\":{\"@id\":\"https:\/\/colegioarquitectos.com\/noticias\/#organization\"},\"image\":{\"@id\":\"https:\/\/colegioarquitectos.com\/noticias\/?p=6073#primaryimage\"},\"thumbnailUrl\":\"https:\/\/colegioarquitectos.com\/noticias\/wp-content\/uploads\/2014\/11\/DSCF0032.jpg\",\"articleSection\":[\"Comit\u00e9s\"],\"inLanguage\":\"es\",\"potentialAction\":[{\"@type\":\"CommentAction\",\"name\":\"Comment\",\"target\":[\"https:\/\/colegioarquitectos.com\/noticias\/?p=6073#respond\"]}]},{\"@type\":\"WebPage\",\"@id\":\"https:\/\/colegioarquitectos.com\/noticias\/?p=6073\",\"url\":\"https:\/\/colegioarquitectos.com\/noticias\/?p=6073\",\"name\":\"Gonzalo Martinez de Urquidi presenta proyecto de recuperaci\u00f3n de Maestranza San Bernardo en charla organizada por Comit\u00e9 de Gesti\u00f3n Inmobiliaria - COLEGIO DE ARQUITECTOS DE CHILE\",\"isPartOf\":{\"@id\":\"https:\/\/colegioarquitectos.com\/noticias\/#website\"},\"primaryImageOfPage\":{\"@id\":\"https:\/\/colegioarquitectos.com\/noticias\/?p=6073#primaryimage\"},\"image\":{\"@id\":\"https:\/\/colegioarquitectos.com\/noticias\/?p=6073#primaryimage\"},\"thumbnailUrl\":\"https:\/\/colegioarquitectos.com\/noticias\/wp-content\/uploads\/2014\/11\/DSCF0032.jpg\",\"datePublished\":\"2014-11-12T15:36:10+00:00\",\"dateModified\":\"2014-11-13T13:52:11+00:00\",\"breadcrumb\":{\"@id\":\"https:\/\/colegioarquitectos.com\/noticias\/?p=6073#breadcrumb\"},\"inLanguage\":\"es\",\"potentialAction\":[{\"@type\":\"ReadAction\",\"target\":[\"https:\/\/colegioarquitectos.com\/noticias\/?p=6073\"]}]},{\"@type\":\"ImageObject\",\"inLanguage\":\"es\",\"@id\":\"https:\/\/colegioarquitectos.com\/noticias\/?p=6073#primaryimage\",\"url\":\"https:\/\/colegioarquitectos.com\/noticias\/wp-content\/uploads\/2014\/11\/DSCF0032.jpg\",\"contentUrl\":\"https:\/\/colegioarquitectos.com\/noticias\/wp-content\/uploads\/2014\/11\/DSCF0032.jpg\",\"width\":690,\"height\":518},{\"@type\":\"BreadcrumbList\",\"@id\":\"https:\/\/colegioarquitectos.com\/noticias\/?p=6073#breadcrumb\",\"itemListElement\":[{\"@type\":\"ListItem\",\"position\":1,\"name\":\"Portada\",\"item\":\"https:\/\/colegioarquitectos.com\/noticias\"},{\"@type\":\"ListItem\",\"position\":2,\"name\":\"Gonzalo Martinez de Urquidi presenta proyecto de recuperaci\u00f3n de Maestranza San Bernardo en charla organizada por Comit\u00e9 de Gesti\u00f3n Inmobiliaria\"}]},{\"@type\":\"WebSite\",\"@id\":\"https:\/\/colegioarquitectos.com\/noticias\/#website\",\"url\":\"https:\/\/colegioarquitectos.com\/noticias\/\",\"name\":\"COLEGIO DE ARQUITECTOS DE CHILE\",\"description\":\"\",\"publisher\":{\"@id\":\"https:\/\/colegioarquitectos.com\/noticias\/#organization\"},\"potentialAction\":[{\"@type\":\"SearchAction\",\"target\":{\"@type\":\"EntryPoint\",\"urlTemplate\":\"https:\/\/colegioarquitectos.com\/noticias\/?s={search_term_string}\"},\"query-input\":{\"@type\":\"PropertyValueSpecification\",\"valueRequired\":true,\"valueName\":\"search_term_string\"}}],\"inLanguage\":\"es\"},{\"@type\":\"Organization\",\"@id\":\"https:\/\/colegioarquitectos.com\/noticias\/#organization\",\"name\":\"COLEGIO DE ARQUITECTOS DE CHILE\",\"url\":\"https:\/\/colegioarquitectos.com\/noticias\/\",\"logo\":{\"@type\":\"ImageObject\",\"inLanguage\":\"es\",\"@id\":\"https:\/\/colegioarquitectos.com\/noticias\/#\/schema\/logo\/image\/\",\"url\":\"https:\/\/colegioarquitectos.com\/noticias\/wp-content\/uploads\/2021\/05\/ENCABEZADO-LOGO-CA.jpg\",\"contentUrl\":\"https:\/\/colegioarquitectos.com\/noticias\/wp-content\/uploads\/2021\/05\/ENCABEZADO-LOGO-CA.jpg\",\"width\":690,\"height\":350,\"caption\":\"COLEGIO DE ARQUITECTOS DE CHILE\"},\"image\":{\"@id\":\"https:\/\/colegioarquitectos.com\/noticias\/#\/schema\/logo\/image\/\"},\"sameAs\":[\"https:\/\/facebook.com\/Colegioarq\/\",\"https:\/\/x.com\/colegioarq\",\"https:\/\/instagram.com\/colegioarq\",\"https:\/\/youtube.com\/@ColegiodeArquitectosdeChile\"]},{\"@type\":\"Person\",\"@id\":\"https:\/\/colegioarquitectos.com\/noticias\/#\/schema\/person\/685cc0aad148303c5608f049af8285ad\",\"name\":\"Colegio de Arquitectos de Chile\",\"url\":\"https:\/\/colegioarquitectos.com\/noticias\/?author=4\"}]}<\/script>\n<!-- \/ Yoast SEO plugin. -->","yoast_head_json":{"title":"Gonzalo Martinez de Urquidi presenta proyecto de recuperaci\u00f3n de Maestranza San Bernardo en charla organizada por Comit\u00e9 de Gesti\u00f3n Inmobiliaria - COLEGIO DE ARQUITECTOS DE CHILE","robots":{"index":"index","follow":"follow","max-snippet":"max-snippet:-1","max-image-preview":"max-image-preview:large","max-video-preview":"max-video-preview:-1"},"canonical":"https:\/\/colegioarquitectos.com\/noticias\/?p=6073","og_locale":"es_ES","og_type":"article","og_title":"Gonzalo Martinez de Urquidi presenta proyecto de recuperaci\u00f3n de Maestranza San Bernardo en charla organizada por Comit\u00e9 de Gesti\u00f3n Inmobiliaria - COLEGIO DE ARQUITECTOS DE CHILE","og_description":"Un proyecto\u00a0de recuperaci\u00f3n patrimonial que hoy est\u00e1 en desarrollo es la Rehabilitaci\u00f3n de la Maestranza San Bernardo, una de las primeras estaciones ferroviarias de Chile (1920), declarada Monumento Nacional en 2010, la que ser\u00e1 transformada en un bulevar comercial y &hellip; ver m\u00e1s","og_url":"https:\/\/colegioarquitectos.com\/noticias\/?p=6073","og_site_name":"COLEGIO DE ARQUITECTOS DE CHILE","article_publisher":"https:\/\/facebook.com\/Colegioarq\/","article_published_time":"2014-11-12T15:36:10+00:00","article_modified_time":"2014-11-13T13:52:11+00:00","og_image":[{"width":690,"height":518,"url":"https:\/\/colegioarquitectos.com\/noticias\/wp-content\/uploads\/2014\/11\/DSCF0032.jpg","type":"image\/jpeg"}],"author":"Colegio de Arquitectos de Chile","twitter_card":"summary_large_image","twitter_creator":"@colegioarq","twitter_site":"@colegioarq","twitter_misc":{"Escrito por":"Colegio de Arquitectos de Chile","Tiempo de lectura":"1 minuto"},"schema":{"@context":"https:\/\/schema.org","@graph":[{"@type":"Article","@id":"https:\/\/colegioarquitectos.com\/noticias\/?p=6073#article","isPartOf":{"@id":"https:\/\/colegioarquitectos.com\/noticias\/?p=6073"},"author":{"name":"Colegio de Arquitectos de Chile","@id":"https:\/\/colegioarquitectos.com\/noticias\/#\/schema\/person\/685cc0aad148303c5608f049af8285ad"},"headline":"Gonzalo Martinez de Urquidi presenta proyecto de recuperaci\u00f3n de Maestranza San Bernardo en charla organizada por Comit\u00e9 de Gesti\u00f3n Inmobiliaria","datePublished":"2014-11-12T15:36:10+00:00","dateModified":"2014-11-13T13:52:11+00:00","mainEntityOfPage":{"@id":"https:\/\/colegioarquitectos.com\/noticias\/?p=6073"},"wordCount":314,"commentCount":0,"publisher":{"@id":"https:\/\/colegioarquitectos.com\/noticias\/#organization"},"image":{"@id":"https:\/\/colegioarquitectos.com\/noticias\/?p=6073#primaryimage"},"thumbnailUrl":"https:\/\/colegioarquitectos.com\/noticias\/wp-content\/uploads\/2014\/11\/DSCF0032.jpg","articleSection":["Comit\u00e9s"],"inLanguage":"es","potentialAction":[{"@type":"CommentAction","name":"Comment","target":["https:\/\/colegioarquitectos.com\/noticias\/?p=6073#respond"]}]},{"@type":"WebPage","@id":"https:\/\/colegioarquitectos.com\/noticias\/?p=6073","url":"https:\/\/colegioarquitectos.com\/noticias\/?p=6073","name":"Gonzalo Martinez de Urquidi presenta proyecto de recuperaci\u00f3n de Maestranza San Bernardo en charla organizada por Comit\u00e9 de Gesti\u00f3n Inmobiliaria - COLEGIO DE ARQUITECTOS DE CHILE","isPartOf":{"@id":"https:\/\/colegioarquitectos.com\/noticias\/#website"},"primaryImageOfPage":{"@id":"https:\/\/colegioarquitectos.com\/noticias\/?p=6073#primaryimage"},"image":{"@id":"https:\/\/colegioarquitectos.com\/noticias\/?p=6073#primaryimage"},"thumbnailUrl":"https:\/\/colegioarquitectos.com\/noticias\/wp-content\/uploads\/2014\/11\/DSCF0032.jpg","datePublished":"2014-11-12T15:36:10+00:00","dateModified":"2014-11-13T13:52:11+00:00","breadcrumb":{"@id":"https:\/\/colegioarquitectos.com\/noticias\/?p=6073#breadcrumb"},"inLanguage":"es","potentialAction":[{"@type":"ReadAction","target":["https:\/\/colegioarquitectos.com\/noticias\/?p=6073"]}]},{"@type":"ImageObject","inLanguage":"es","@id":"https:\/\/colegioarquitectos.com\/noticias\/?p=6073#primaryimage","url":"https:\/\/colegioarquitectos.com\/noticias\/wp-content\/uploads\/2014\/11\/DSCF0032.jpg","contentUrl":"https:\/\/colegioarquitectos.com\/noticias\/wp-content\/uploads\/2014\/11\/DSCF0032.jpg","width":690,"height":518},{"@type":"BreadcrumbList","@id":"https:\/\/colegioarquitectos.com\/noticias\/?p=6073#breadcrumb","itemListElement":[{"@type":"ListItem","position":1,"name":"Portada","item":"https:\/\/colegioarquitectos.com\/noticias"},{"@type":"ListItem","position":2,"name":"Gonzalo Martinez de Urquidi presenta proyecto de recuperaci\u00f3n de Maestranza San Bernardo en charla organizada por Comit\u00e9 de Gesti\u00f3n Inmobiliaria"}]},{"@type":"WebSite","@id":"https:\/\/colegioarquitectos.com\/noticias\/#website","url":"https:\/\/colegioarquitectos.com\/noticias\/","name":"COLEGIO DE ARQUITECTOS DE CHILE","description":"","publisher":{"@id":"https:\/\/colegioarquitectos.com\/noticias\/#organization"},"potentialAction":[{"@type":"SearchAction","target":{"@type":"EntryPoint","urlTemplate":"https:\/\/colegioarquitectos.com\/noticias\/?s={search_term_string}"},"query-input":{"@type":"PropertyValueSpecification","valueRequired":true,"valueName":"search_term_string"}}],"inLanguage":"es"},{"@type":"Organization","@id":"https:\/\/colegioarquitectos.com\/noticias\/#organization","name":"COLEGIO DE ARQUITECTOS DE CHILE","url":"https:\/\/colegioarquitectos.com\/noticias\/","logo":{"@type":"ImageObject","inLanguage":"es","@id":"https:\/\/colegioarquitectos.com\/noticias\/#\/schema\/logo\/image\/","url":"https:\/\/colegioarquitectos.com\/noticias\/wp-content\/uploads\/2021\/05\/ENCABEZADO-LOGO-CA.jpg","contentUrl":"https:\/\/colegioarquitectos.com\/noticias\/wp-content\/uploads\/2021\/05\/ENCABEZADO-LOGO-CA.jpg","width":690,"height":350,"caption":"COLEGIO DE ARQUITECTOS DE CHILE"},"image":{"@id":"https:\/\/colegioarquitectos.com\/noticias\/#\/schema\/logo\/image\/"},"sameAs":["https:\/\/facebook.com\/Colegioarq\/","https:\/\/x.com\/colegioarq","https:\/\/instagram.com\/colegioarq","https:\/\/youtube.com\/@ColegiodeArquitectosdeChile"]},{"@type":"Person","@id":"https:\/\/colegioarquitectos.com\/noticias\/#\/schema\/person\/685cc0aad148303c5608f049af8285ad","name":"Colegio de Arquitectos de Chile","url":"https:\/\/colegioarquitectos.com\/noticias\/?author=4"}]}},"_links":{"self":[{"href":"https:\/\/colegioarquitectos.com\/noticias\/index.php?rest_route=\/wp\/v2\/posts\/6073","targetHints":{"allow":["GET"]}}],"collection":[{"href":"https:\/\/colegioarquitectos.com\/noticias\/index.php?rest_route=\/wp\/v2\/posts"}],"about":[{"href":"https:\/\/colegioarquitectos.com\/noticias\/index.php?rest_route=\/wp\/v2\/types\/post"}],"author":[{"embeddable":true,"href":"https:\/\/colegioarquitectos.com\/noticias\/index.php?rest_route=\/wp\/v2\/users\/4"}],"replies":[{"embeddable":true,"href":"https:\/\/colegioarquitectos.com\/noticias\/index.php?rest_route=%2Fwp%2Fv2%2Fcomments&post=6073"}],"version-history":[{"count":0,"href":"https:\/\/colegioarquitectos.com\/noticias\/index.php?rest_route=\/wp\/v2\/posts\/6073\/revisions"}],"wp:featuredmedia":[{"embeddable":true,"href":"https:\/\/colegioarquitectos.com\/noticias\/index.php?rest_route=\/wp\/v2\/media\/6074"}],"wp:attachment":[{"href":"https:\/\/colegioarquitectos.com\/noticias\/index.php?rest_route=%2Fwp%2Fv2%2Fmedia&parent=6073"}],"wp:term":[{"taxonomy":"category","embeddable":true,"href":"https:\/\/colegioarquitectos.com\/noticias\/index.php?rest_route=%2Fwp%2Fv2%2Fcategories&post=6073"},{"taxonomy":"post_tag","embeddable":true,"href":"https:\/\/colegioarquitectos.com\/noticias\/index.php?rest_route=%2Fwp%2Fv2%2Ftags&post=6073"}],"curies":[{"name":"wp","href":"https:\/\/api.w.org\/{rel}","templated":true}]}}