
{"id":61,"date":"2011-12-27T15:30:40","date_gmt":"2011-12-27T15:30:40","guid":{"rendered":"http:\/\/colegioarquitectos.com\/noticias\/?p=61"},"modified":"2011-12-28T17:07:54","modified_gmt":"2011-12-28T17:07:54","slug":"proyecto-mall-plaza-baron-en-valparaiso-declaracion-publica-colegio-de-arquitectos-de-chile","status":"publish","type":"post","link":"https:\/\/colegioarquitectos.com\/noticias\/?p=61","title":{"rendered":"Proyecto Mall Plaza Bar\u00f3n en Valpara\u00edso. Declaraci\u00f3n P\u00fablica Colegio de Arquitectos de Chile"},"content":{"rendered":"<h3 style=\"text-align: center;\"><\/h3>\n<h3 style=\"text-align: center;\"><strong>ALERTA ANTE ATENTADO A LA IDENTIDAD HIST\u00d3RICO CULTURAL DE VALPARA\u00cdSO COMO CIUDAD-PUERTO<\/strong><\/h3>\n<p>&nbsp;<\/p>\n<p>El Proyecto Urbano Bar\u00f3n -que incluye la construcci\u00f3n de un mall- en el borde costero de Valpara\u00edso ha generado fuertes reacciones y manifestaciones ciudadanas, encontr\u00e1ndose en alerta por la intervenci\u00f3n a esta ciudad declarada como Patrimonio de la Humanidad.<\/p>\n<p>El Directorio Nacional del Colegio de Arquitectos de Chile, apoya esta declaraci\u00f3n p\u00fablica generada por la Delegaci\u00f3n Valpara\u00edso de la Orden, donde manifiestan su preocupaci\u00f3n por el proyecto, declarando que \u201clas iniciativas anunciadas afectar\u00edan significativamente el patrimonio cultural de la naci\u00f3n y en forma negativa el borde costero urbano y las relaciones urbano mar\u00edtimas que presenta el sector del espig\u00f3n, que enfrenta la Zona T\u00edpica \u201c\u00c1rea Hist\u00f3rica\u201d inscrita en el Sitio del Patrimonio Mundial por la\u00a0 UNESCO el 2 de Julio del a\u00f1o 2003 y el Centro Comercial en Bar\u00f3n a\u00a0 la Zona de Conservaci\u00f3n Hist\u00f3rica de El Almendral\u201d.<\/p>\n<p>En este marco, se\u00f1alan que resulta imperioso \u201cgenerar las condiciones adecuadas para un estudio que abarque la totalidad de la ciudad, en donde el puerto sea una parte que los ciudadanos la vivamos integrada arm\u00f3nicamente a nuestro diario vivir, y no sea una actividad segregadora y ensimismada en su propio devenir\u201d. En virtud de ello, se propone la generaci\u00f3n de un Plan Maestro, que integre los distintos instrumentos de planificaci\u00f3n que actualmente se encuentren vigentes, o aquellos que sean necesarios generar, ante este nuevo escenario de integraci\u00f3n funcional, y que adem\u00e1s sea el trazado consensuado ciudadanamente que perdure en el largo plazo, como una verdadera carta de navegaci\u00f3n.<\/p>\n<p>Resulta de gran importancia para la elaboraci\u00f3n del Plan Maestro, <span style=\"text-decoration: underline;\">la realizaci\u00f3n de una licitaci\u00f3n de car\u00e1cter nacional e internacional<\/span>, haciendo un llamado a congregar a los expertos con experiencia probada en modelos de desarrollo y de gesti\u00f3n en otras ciudades m\u00e1s desarrolladas, las que han sabido comprender cabalmente que los buenos resultados vienen siempre acompa\u00f1ados de una buena elaboraci\u00f3n.<\/p>\n<p>Junto con ello, expresan que \u201cdem\u00e1s est\u00e1 decir que este Plan Maestro, debe ser enriquecido con las experiencias y los anhelos de sus habitantes, y de las organizaciones vivas que despliegan su quehacer en el diario vivir de nuestra ciudad\u201d.<\/p>\n<p><strong>A continuaci\u00f3n declaraci\u00f3n completa. <a href=\"http:\/\/colegioarquitectos.com\/noticias\/wp-content\/uploads\/2011\/12\/Declaraci\u00f3n.pdf\">Declaraci\u00f3n<\/a><br \/>\n<\/strong><\/p>\n<h3><\/h3>\n<p>&nbsp;<\/p>\n<p><\/p>","protected":false},"excerpt":{"rendered":"<p>ALERTA ANTE ATENTADO A LA IDENTIDAD HIST\u00d3RICO CULTURAL DE VALPARA\u00cdSO COMO CIUDAD-PUERTO &nbsp; El Proyecto Urbano Bar\u00f3n -que incluye la construcci\u00f3n de un mall- en el borde costero de Valpara\u00edso ha generado fuertes reacciones y manifestaciones ciudadanas, encontr\u00e1ndose en alerta &hellip; <a class=\"more-link\" href=\"https:\/\/colegioarquitectos.com\/noticias\/?p=61\">ver m\u00e1s<\/a><\/p>","protected":false},"author":1,"featured_media":0,"comment_status":"open","ping_status":"open","sticky":false,"template":"","format":"standard","meta":{"footnotes":""},"categories":[8,7,10],"tags":[],"class_list":["post-61","post","type-post","status-publish","format-standard","hentry","category-colegio-de-arquitectos","category-declaraciones","category-delegaciones-zonales"],"yoast_head":"<!-- This site is optimized with the Yoast SEO plugin v24.2 - https:\/\/yoast.com\/wordpress\/plugins\/seo\/ -->\n<title>Proyecto Mall Plaza Bar\u00f3n en Valpara\u00edso. Declaraci\u00f3n P\u00fablica Colegio de Arquitectos de Chile - COLEGIO DE ARQUITECTOS DE CHILE<\/title>\n<meta name=\"robots\" content=\"index, follow, max-snippet:-1, max-image-preview:large, max-video-preview:-1\" \/>\n<link rel=\"canonical\" href=\"https:\/\/colegioarquitectos.com\/noticias\/?p=61\" \/>\n<meta property=\"og:locale\" content=\"es_ES\" \/>\n<meta property=\"og:type\" content=\"article\" \/>\n<meta property=\"og:title\" content=\"Proyecto Mall Plaza Bar\u00f3n en Valpara\u00edso. Declaraci\u00f3n P\u00fablica Colegio de Arquitectos de Chile - COLEGIO DE ARQUITECTOS DE CHILE\" \/>\n<meta property=\"og:description\" content=\"ALERTA ANTE ATENTADO A LA IDENTIDAD HIST\u00d3RICO CULTURAL DE VALPARA\u00cdSO COMO CIUDAD-PUERTO &nbsp; El Proyecto Urbano Bar\u00f3n -que incluye la construcci\u00f3n de un mall- en el borde costero de Valpara\u00edso ha generado fuertes reacciones y manifestaciones ciudadanas, encontr\u00e1ndose en alerta &hellip; ver m\u00e1s\" \/>\n<meta property=\"og:url\" content=\"https:\/\/colegioarquitectos.com\/noticias\/?p=61\" \/>\n<meta property=\"og:site_name\" content=\"COLEGIO DE ARQUITECTOS DE CHILE\" \/>\n<meta property=\"article:publisher\" content=\"https:\/\/facebook.com\/Colegioarq\/\" \/>\n<meta property=\"article:published_time\" content=\"2011-12-27T15:30:40+00:00\" \/>\n<meta property=\"article:modified_time\" content=\"2011-12-28T17:07:54+00:00\" \/>\n<meta name=\"author\" content=\"Gabriel Salgado S.\" \/>\n<meta name=\"twitter:card\" content=\"summary_large_image\" \/>\n<meta name=\"twitter:creator\" content=\"@colegioarq\" \/>\n<meta name=\"twitter:site\" content=\"@colegioarq\" \/>\n<meta name=\"twitter:label1\" content=\"Escrito por\" \/>\n\t<meta name=\"twitter:data1\" content=\"Gabriel Salgado S.\" \/>\n\t<meta name=\"twitter:label2\" content=\"Tiempo de lectura\" \/>\n\t<meta name=\"twitter:data2\" content=\"2 minutos\" \/>\n<script type=\"application\/ld+json\" class=\"yoast-schema-graph\">{\"@context\":\"https:\/\/schema.org\",\"@graph\":[{\"@type\":\"Article\",\"@id\":\"https:\/\/colegioarquitectos.com\/noticias\/?p=61#article\",\"isPartOf\":{\"@id\":\"https:\/\/colegioarquitectos.com\/noticias\/?p=61\"},\"author\":{\"name\":\"Gabriel Salgado S.\",\"@id\":\"https:\/\/colegioarquitectos.com\/noticias\/#\/schema\/person\/b6c7e912cd1283c089114093ed09741f\"},\"headline\":\"Proyecto Mall Plaza Bar\u00f3n en Valpara\u00edso. Declaraci\u00f3n P\u00fablica Colegio de Arquitectos de Chile\",\"datePublished\":\"2011-12-27T15:30:40+00:00\",\"dateModified\":\"2011-12-28T17:07:54+00:00\",\"mainEntityOfPage\":{\"@id\":\"https:\/\/colegioarquitectos.com\/noticias\/?p=61\"},\"wordCount\":421,\"commentCount\":0,\"publisher\":{\"@id\":\"https:\/\/colegioarquitectos.com\/noticias\/#organization\"},\"articleSection\":[\"Colegio\",\"Declaraciones\",\"Delegaciones\"],\"inLanguage\":\"es\",\"potentialAction\":[{\"@type\":\"CommentAction\",\"name\":\"Comment\",\"target\":[\"https:\/\/colegioarquitectos.com\/noticias\/?p=61#respond\"]}]},{\"@type\":\"WebPage\",\"@id\":\"https:\/\/colegioarquitectos.com\/noticias\/?p=61\",\"url\":\"https:\/\/colegioarquitectos.com\/noticias\/?p=61\",\"name\":\"Proyecto Mall Plaza Bar\u00f3n en Valpara\u00edso. Declaraci\u00f3n P\u00fablica Colegio de Arquitectos de Chile - COLEGIO DE ARQUITECTOS DE CHILE\",\"isPartOf\":{\"@id\":\"https:\/\/colegioarquitectos.com\/noticias\/#website\"},\"datePublished\":\"2011-12-27T15:30:40+00:00\",\"dateModified\":\"2011-12-28T17:07:54+00:00\",\"breadcrumb\":{\"@id\":\"https:\/\/colegioarquitectos.com\/noticias\/?p=61#breadcrumb\"},\"inLanguage\":\"es\",\"potentialAction\":[{\"@type\":\"ReadAction\",\"target\":[\"https:\/\/colegioarquitectos.com\/noticias\/?p=61\"]}]},{\"@type\":\"BreadcrumbList\",\"@id\":\"https:\/\/colegioarquitectos.com\/noticias\/?p=61#breadcrumb\",\"itemListElement\":[{\"@type\":\"ListItem\",\"position\":1,\"name\":\"Portada\",\"item\":\"https:\/\/colegioarquitectos.com\/noticias\"},{\"@type\":\"ListItem\",\"position\":2,\"name\":\"Proyecto Mall Plaza Bar\u00f3n en Valpara\u00edso. Declaraci\u00f3n P\u00fablica Colegio de Arquitectos de Chile\"}]},{\"@type\":\"WebSite\",\"@id\":\"https:\/\/colegioarquitectos.com\/noticias\/#website\",\"url\":\"https:\/\/colegioarquitectos.com\/noticias\/\",\"name\":\"COLEGIO DE ARQUITECTOS DE CHILE\",\"description\":\"\",\"publisher\":{\"@id\":\"https:\/\/colegioarquitectos.com\/noticias\/#organization\"},\"potentialAction\":[{\"@type\":\"SearchAction\",\"target\":{\"@type\":\"EntryPoint\",\"urlTemplate\":\"https:\/\/colegioarquitectos.com\/noticias\/?s={search_term_string}\"},\"query-input\":{\"@type\":\"PropertyValueSpecification\",\"valueRequired\":true,\"valueName\":\"search_term_string\"}}],\"inLanguage\":\"es\"},{\"@type\":\"Organization\",\"@id\":\"https:\/\/colegioarquitectos.com\/noticias\/#organization\",\"name\":\"COLEGIO DE ARQUITECTOS DE CHILE\",\"url\":\"https:\/\/colegioarquitectos.com\/noticias\/\",\"logo\":{\"@type\":\"ImageObject\",\"inLanguage\":\"es\",\"@id\":\"https:\/\/colegioarquitectos.com\/noticias\/#\/schema\/logo\/image\/\",\"url\":\"https:\/\/colegioarquitectos.com\/noticias\/wp-content\/uploads\/2021\/05\/ENCABEZADO-LOGO-CA.jpg\",\"contentUrl\":\"https:\/\/colegioarquitectos.com\/noticias\/wp-content\/uploads\/2021\/05\/ENCABEZADO-LOGO-CA.jpg\",\"width\":690,\"height\":350,\"caption\":\"COLEGIO DE ARQUITECTOS DE CHILE\"},\"image\":{\"@id\":\"https:\/\/colegioarquitectos.com\/noticias\/#\/schema\/logo\/image\/\"},\"sameAs\":[\"https:\/\/facebook.com\/Colegioarq\/\",\"https:\/\/x.com\/colegioarq\",\"https:\/\/instagram.com\/colegioarq\",\"https:\/\/youtube.com\/@ColegiodeArquitectosdeChile\"]},{\"@type\":\"Person\",\"@id\":\"https:\/\/colegioarquitectos.com\/noticias\/#\/schema\/person\/b6c7e912cd1283c089114093ed09741f\",\"name\":\"Gabriel Salgado S.\",\"url\":\"https:\/\/colegioarquitectos.com\/noticias\/?author=1\"}]}<\/script>\n<!-- \/ Yoast SEO plugin. -->","yoast_head_json":{"title":"Proyecto Mall Plaza Bar\u00f3n en Valpara\u00edso. Declaraci\u00f3n P\u00fablica Colegio de Arquitectos de Chile - COLEGIO DE ARQUITECTOS DE CHILE","robots":{"index":"index","follow":"follow","max-snippet":"max-snippet:-1","max-image-preview":"max-image-preview:large","max-video-preview":"max-video-preview:-1"},"canonical":"https:\/\/colegioarquitectos.com\/noticias\/?p=61","og_locale":"es_ES","og_type":"article","og_title":"Proyecto Mall Plaza Bar\u00f3n en Valpara\u00edso. Declaraci\u00f3n P\u00fablica Colegio de Arquitectos de Chile - COLEGIO DE ARQUITECTOS DE CHILE","og_description":"ALERTA ANTE ATENTADO A LA IDENTIDAD HIST\u00d3RICO CULTURAL DE VALPARA\u00cdSO COMO CIUDAD-PUERTO &nbsp; El Proyecto Urbano Bar\u00f3n -que incluye la construcci\u00f3n de un mall- en el borde costero de Valpara\u00edso ha generado fuertes reacciones y manifestaciones ciudadanas, encontr\u00e1ndose en alerta &hellip; ver m\u00e1s","og_url":"https:\/\/colegioarquitectos.com\/noticias\/?p=61","og_site_name":"COLEGIO DE ARQUITECTOS DE CHILE","article_publisher":"https:\/\/facebook.com\/Colegioarq\/","article_published_time":"2011-12-27T15:30:40+00:00","article_modified_time":"2011-12-28T17:07:54+00:00","author":"Gabriel Salgado S.","twitter_card":"summary_large_image","twitter_creator":"@colegioarq","twitter_site":"@colegioarq","twitter_misc":{"Escrito por":"Gabriel Salgado S.","Tiempo de lectura":"2 minutos"},"schema":{"@context":"https:\/\/schema.org","@graph":[{"@type":"Article","@id":"https:\/\/colegioarquitectos.com\/noticias\/?p=61#article","isPartOf":{"@id":"https:\/\/colegioarquitectos.com\/noticias\/?p=61"},"author":{"name":"Gabriel Salgado S.","@id":"https:\/\/colegioarquitectos.com\/noticias\/#\/schema\/person\/b6c7e912cd1283c089114093ed09741f"},"headline":"Proyecto Mall Plaza Bar\u00f3n en Valpara\u00edso. Declaraci\u00f3n P\u00fablica Colegio de Arquitectos de Chile","datePublished":"2011-12-27T15:30:40+00:00","dateModified":"2011-12-28T17:07:54+00:00","mainEntityOfPage":{"@id":"https:\/\/colegioarquitectos.com\/noticias\/?p=61"},"wordCount":421,"commentCount":0,"publisher":{"@id":"https:\/\/colegioarquitectos.com\/noticias\/#organization"},"articleSection":["Colegio","Declaraciones","Delegaciones"],"inLanguage":"es","potentialAction":[{"@type":"CommentAction","name":"Comment","target":["https:\/\/colegioarquitectos.com\/noticias\/?p=61#respond"]}]},{"@type":"WebPage","@id":"https:\/\/colegioarquitectos.com\/noticias\/?p=61","url":"https:\/\/colegioarquitectos.com\/noticias\/?p=61","name":"Proyecto Mall Plaza Bar\u00f3n en Valpara\u00edso. Declaraci\u00f3n P\u00fablica Colegio de Arquitectos de Chile - COLEGIO DE ARQUITECTOS DE CHILE","isPartOf":{"@id":"https:\/\/colegioarquitectos.com\/noticias\/#website"},"datePublished":"2011-12-27T15:30:40+00:00","dateModified":"2011-12-28T17:07:54+00:00","breadcrumb":{"@id":"https:\/\/colegioarquitectos.com\/noticias\/?p=61#breadcrumb"},"inLanguage":"es","potentialAction":[{"@type":"ReadAction","target":["https:\/\/colegioarquitectos.com\/noticias\/?p=61"]}]},{"@type":"BreadcrumbList","@id":"https:\/\/colegioarquitectos.com\/noticias\/?p=61#breadcrumb","itemListElement":[{"@type":"ListItem","position":1,"name":"Portada","item":"https:\/\/colegioarquitectos.com\/noticias"},{"@type":"ListItem","position":2,"name":"Proyecto Mall Plaza Bar\u00f3n en Valpara\u00edso. Declaraci\u00f3n P\u00fablica Colegio de Arquitectos de Chile"}]},{"@type":"WebSite","@id":"https:\/\/colegioarquitectos.com\/noticias\/#website","url":"https:\/\/colegioarquitectos.com\/noticias\/","name":"COLEGIO DE ARQUITECTOS DE CHILE","description":"","publisher":{"@id":"https:\/\/colegioarquitectos.com\/noticias\/#organization"},"potentialAction":[{"@type":"SearchAction","target":{"@type":"EntryPoint","urlTemplate":"https:\/\/colegioarquitectos.com\/noticias\/?s={search_term_string}"},"query-input":{"@type":"PropertyValueSpecification","valueRequired":true,"valueName":"search_term_string"}}],"inLanguage":"es"},{"@type":"Organization","@id":"https:\/\/colegioarquitectos.com\/noticias\/#organization","name":"COLEGIO DE ARQUITECTOS DE CHILE","url":"https:\/\/colegioarquitectos.com\/noticias\/","logo":{"@type":"ImageObject","inLanguage":"es","@id":"https:\/\/colegioarquitectos.com\/noticias\/#\/schema\/logo\/image\/","url":"https:\/\/colegioarquitectos.com\/noticias\/wp-content\/uploads\/2021\/05\/ENCABEZADO-LOGO-CA.jpg","contentUrl":"https:\/\/colegioarquitectos.com\/noticias\/wp-content\/uploads\/2021\/05\/ENCABEZADO-LOGO-CA.jpg","width":690,"height":350,"caption":"COLEGIO DE ARQUITECTOS DE CHILE"},"image":{"@id":"https:\/\/colegioarquitectos.com\/noticias\/#\/schema\/logo\/image\/"},"sameAs":["https:\/\/facebook.com\/Colegioarq\/","https:\/\/x.com\/colegioarq","https:\/\/instagram.com\/colegioarq","https:\/\/youtube.com\/@ColegiodeArquitectosdeChile"]},{"@type":"Person","@id":"https:\/\/colegioarquitectos.com\/noticias\/#\/schema\/person\/b6c7e912cd1283c089114093ed09741f","name":"Gabriel Salgado S.","url":"https:\/\/colegioarquitectos.com\/noticias\/?author=1"}]}},"_links":{"self":[{"href":"https:\/\/colegioarquitectos.com\/noticias\/index.php?rest_route=\/wp\/v2\/posts\/61","targetHints":{"allow":["GET"]}}],"collection":[{"href":"https:\/\/colegioarquitectos.com\/noticias\/index.php?rest_route=\/wp\/v2\/posts"}],"about":[{"href":"https:\/\/colegioarquitectos.com\/noticias\/index.php?rest_route=\/wp\/v2\/types\/post"}],"author":[{"embeddable":true,"href":"https:\/\/colegioarquitectos.com\/noticias\/index.php?rest_route=\/wp\/v2\/users\/1"}],"replies":[{"embeddable":true,"href":"https:\/\/colegioarquitectos.com\/noticias\/index.php?rest_route=%2Fwp%2Fv2%2Fcomments&post=61"}],"version-history":[{"count":0,"href":"https:\/\/colegioarquitectos.com\/noticias\/index.php?rest_route=\/wp\/v2\/posts\/61\/revisions"}],"wp:attachment":[{"href":"https:\/\/colegioarquitectos.com\/noticias\/index.php?rest_route=%2Fwp%2Fv2%2Fmedia&parent=61"}],"wp:term":[{"taxonomy":"category","embeddable":true,"href":"https:\/\/colegioarquitectos.com\/noticias\/index.php?rest_route=%2Fwp%2Fv2%2Fcategories&post=61"},{"taxonomy":"post_tag","embeddable":true,"href":"https:\/\/colegioarquitectos.com\/noticias\/index.php?rest_route=%2Fwp%2Fv2%2Ftags&post=61"}],"curies":[{"name":"wp","href":"https:\/\/api.w.org\/{rel}","templated":true}]}}