
{"id":6222,"date":"2014-12-02T15:51:53","date_gmt":"2014-12-02T15:51:53","guid":{"rendered":"http:\/\/colegioarquitectos.com\/?p=6222"},"modified":"2014-12-02T20:58:47","modified_gmt":"2014-12-02T20:58:47","slug":"premio-nacional-de-arquitectura-2014-al-arquitecto-teodoro-fernandez","status":"publish","type":"post","link":"https:\/\/colegioarquitectos.com\/noticias\/?p=6222","title":{"rendered":"Se conoce el Premio Nacional de Arquitectura 2014: Arquitecto Teodoro Fern\u00e1ndez"},"content":{"rendered":"<p>Cada dos a\u00f1os el Colegio de Arquitectos de Chile otorga el Premio Nacional de Arquitectura y al igual que en sus versiones anteriores este 2014, el Directorio Nacional de la instituci\u00f3n eligi\u00f3 a un Comit\u00e9 de B\u00fasqueda que seleccion\u00f3 entre todas las postulaciones recibidas a una terna de candidatos, para otorgar a uno de ellos la m\u00e1xima distinci\u00f3n en su categor\u00eda en el pa\u00eds.<\/p>\n<p>Un representante de cada uno de los miembros de esa terna hizo una presentaci\u00f3n formal sobre la trayectoria, obra y aportes de su representado y este lunes 01 de diciembre en una sesi\u00f3n extraordinaria, el Directorio Nacional del Colegio de Arquitectos de Chile acord\u00f3 a trav\u00e9s de una votaci\u00f3n que el Premio Nacional de Arquitectura 2014 se otorgue al Arquitecto <strong>Teodoro Fern\u00e1ndez Larra\u00f1aga<\/strong> (1948).<\/p>\n<p>Arquitecto y tambi\u00e9n paisajista, formado en la Universidad Cat\u00f3lica de Chile donde ha sido docente por a\u00f1os, a Teodoro Fern\u00e1ndez se le reconoce por su obra y propuestas de gran calidad, entre ellas el edificio del Ministerio de Obras P\u00fablicas de La Serena, el edificio Moneda Bicentenario, el Templo en el Campus San Joaqu\u00edn de la UC, las remodelaciones de la Estaci\u00f3n Mapocho y el Parque Quinta Normal, la Biblioteca del Campus Lo Contador UC, el parque\u00a0 Bicentenario, proyectos de viviendas sociales y muchas otras obras que tambi\u00e9n nacieron de Concursos P\u00fablicos de Anteproyectos.<\/p>\n<p>M\u00e1s del 60% del trabajo de Teodoro Fern\u00e1ndez corresponde a espacio p\u00fablico y su larga trayectoria profesional y acad\u00e9mica que ha marcado a varias generaciones de alumnos, combina su capacidad de innovaci\u00f3n y su sensibilidad proyectual que ha generado m\u00faltiples invitaciones a exponer su obra y su fundamento en diferentes foros, seminarios y congresos.<\/p>\n<p>Junto al Premio Nacional ha recibido la distinci\u00f3n <em>Ferm\u00edn Vivaceta<\/em> (2002), <em>Reconocimiento a la Excelencia Acad\u00e9mica<\/em> (2008) y el <em>Premio Internacional Reina Sof\u00eda<\/em> de Patrimonio Cultural por el redise\u00f1o del Centro Cultural Estaci\u00f3n Mapocho (2008).<\/p>\n<p>&nbsp;<\/p>\n<p>&nbsp;<\/p>\n<p><\/p>","protected":false},"excerpt":{"rendered":"<p>Cada dos a\u00f1os el Colegio de Arquitectos de Chile otorga el Premio Nacional de Arquitectura y al igual que en sus versiones anteriores este 2014, el Directorio Nacional de la instituci\u00f3n eligi\u00f3 a un Comit\u00e9 de B\u00fasqueda que seleccion\u00f3 entre &hellip; <a class=\"more-link\" href=\"https:\/\/colegioarquitectos.com\/noticias\/?p=6222\">ver m\u00e1s<\/a><\/p>","protected":false},"author":4,"featured_media":6223,"comment_status":"open","ping_status":"open","sticky":false,"template":"","format":"standard","meta":{"footnotes":""},"categories":[8,3],"tags":[],"class_list":["post-6222","post","type-post","status-publish","format-standard","has-post-thumbnail","hentry","category-colegio-de-arquitectos","category-noticias"],"yoast_head":"<!-- This site is optimized with the Yoast SEO plugin v24.2 - https:\/\/yoast.com\/wordpress\/plugins\/seo\/ -->\n<title>Se conoce el Premio Nacional de Arquitectura 2014: Arquitecto Teodoro Fern\u00e1ndez - COLEGIO DE ARQUITECTOS DE CHILE<\/title>\n<meta name=\"robots\" content=\"index, follow, max-snippet:-1, max-image-preview:large, max-video-preview:-1\" \/>\n<link rel=\"canonical\" href=\"https:\/\/colegioarquitectos.com\/noticias\/?p=6222\" \/>\n<meta property=\"og:locale\" content=\"es_ES\" \/>\n<meta property=\"og:type\" content=\"article\" \/>\n<meta property=\"og:title\" content=\"Se conoce el Premio Nacional de Arquitectura 2014: Arquitecto Teodoro Fern\u00e1ndez - COLEGIO DE ARQUITECTOS DE CHILE\" \/>\n<meta property=\"og:description\" content=\"Cada dos a\u00f1os el Colegio de Arquitectos de Chile otorga el Premio Nacional de Arquitectura y al igual que en sus versiones anteriores este 2014, el Directorio Nacional de la instituci\u00f3n eligi\u00f3 a un Comit\u00e9 de B\u00fasqueda que seleccion\u00f3 entre &hellip; ver m\u00e1s\" \/>\n<meta property=\"og:url\" content=\"https:\/\/colegioarquitectos.com\/noticias\/?p=6222\" \/>\n<meta property=\"og:site_name\" content=\"COLEGIO DE ARQUITECTOS DE CHILE\" \/>\n<meta property=\"article:publisher\" content=\"https:\/\/facebook.com\/Colegioarq\/\" \/>\n<meta property=\"article:published_time\" content=\"2014-12-02T15:51:53+00:00\" \/>\n<meta property=\"article:modified_time\" content=\"2014-12-02T20:58:47+00:00\" \/>\n<meta property=\"og:image\" content=\"https:\/\/colegioarquitectos.com\/noticias\/wp-content\/uploads\/2014\/12\/Retrato-Teo002.jpg\" \/>\n\t<meta property=\"og:image:width\" content=\"690\" \/>\n\t<meta property=\"og:image:height\" content=\"488\" \/>\n\t<meta property=\"og:image:type\" content=\"image\/jpeg\" \/>\n<meta name=\"author\" content=\"Colegio de Arquitectos de Chile\" \/>\n<meta name=\"twitter:card\" content=\"summary_large_image\" \/>\n<meta name=\"twitter:creator\" content=\"@colegioarq\" \/>\n<meta name=\"twitter:site\" content=\"@colegioarq\" \/>\n<meta name=\"twitter:label1\" content=\"Escrito por\" \/>\n\t<meta name=\"twitter:data1\" content=\"Colegio de Arquitectos de Chile\" \/>\n\t<meta name=\"twitter:label2\" content=\"Tiempo de lectura\" \/>\n\t<meta name=\"twitter:data2\" content=\"2 minutos\" \/>\n<script type=\"application\/ld+json\" class=\"yoast-schema-graph\">{\"@context\":\"https:\/\/schema.org\",\"@graph\":[{\"@type\":\"Article\",\"@id\":\"https:\/\/colegioarquitectos.com\/noticias\/?p=6222#article\",\"isPartOf\":{\"@id\":\"https:\/\/colegioarquitectos.com\/noticias\/?p=6222\"},\"author\":{\"name\":\"Colegio de Arquitectos de Chile\",\"@id\":\"https:\/\/colegioarquitectos.com\/noticias\/#\/schema\/person\/685cc0aad148303c5608f049af8285ad\"},\"headline\":\"Se conoce el Premio Nacional de Arquitectura 2014: Arquitecto Teodoro Fern\u00e1ndez\",\"datePublished\":\"2014-12-02T15:51:53+00:00\",\"dateModified\":\"2014-12-02T20:58:47+00:00\",\"mainEntityOfPage\":{\"@id\":\"https:\/\/colegioarquitectos.com\/noticias\/?p=6222\"},\"wordCount\":350,\"commentCount\":0,\"publisher\":{\"@id\":\"https:\/\/colegioarquitectos.com\/noticias\/#organization\"},\"image\":{\"@id\":\"https:\/\/colegioarquitectos.com\/noticias\/?p=6222#primaryimage\"},\"thumbnailUrl\":\"https:\/\/colegioarquitectos.com\/noticias\/wp-content\/uploads\/2014\/12\/Retrato-Teo002.jpg\",\"articleSection\":[\"Colegio\",\"Noticias\"],\"inLanguage\":\"es\",\"potentialAction\":[{\"@type\":\"CommentAction\",\"name\":\"Comment\",\"target\":[\"https:\/\/colegioarquitectos.com\/noticias\/?p=6222#respond\"]}]},{\"@type\":\"WebPage\",\"@id\":\"https:\/\/colegioarquitectos.com\/noticias\/?p=6222\",\"url\":\"https:\/\/colegioarquitectos.com\/noticias\/?p=6222\",\"name\":\"Se conoce el Premio Nacional de Arquitectura 2014: Arquitecto Teodoro Fern\u00e1ndez - COLEGIO DE ARQUITECTOS DE CHILE\",\"isPartOf\":{\"@id\":\"https:\/\/colegioarquitectos.com\/noticias\/#website\"},\"primaryImageOfPage\":{\"@id\":\"https:\/\/colegioarquitectos.com\/noticias\/?p=6222#primaryimage\"},\"image\":{\"@id\":\"https:\/\/colegioarquitectos.com\/noticias\/?p=6222#primaryimage\"},\"thumbnailUrl\":\"https:\/\/colegioarquitectos.com\/noticias\/wp-content\/uploads\/2014\/12\/Retrato-Teo002.jpg\",\"datePublished\":\"2014-12-02T15:51:53+00:00\",\"dateModified\":\"2014-12-02T20:58:47+00:00\",\"breadcrumb\":{\"@id\":\"https:\/\/colegioarquitectos.com\/noticias\/?p=6222#breadcrumb\"},\"inLanguage\":\"es\",\"potentialAction\":[{\"@type\":\"ReadAction\",\"target\":[\"https:\/\/colegioarquitectos.com\/noticias\/?p=6222\"]}]},{\"@type\":\"ImageObject\",\"inLanguage\":\"es\",\"@id\":\"https:\/\/colegioarquitectos.com\/noticias\/?p=6222#primaryimage\",\"url\":\"https:\/\/colegioarquitectos.com\/noticias\/wp-content\/uploads\/2014\/12\/Retrato-Teo002.jpg\",\"contentUrl\":\"https:\/\/colegioarquitectos.com\/noticias\/wp-content\/uploads\/2014\/12\/Retrato-Teo002.jpg\",\"width\":690,\"height\":488},{\"@type\":\"BreadcrumbList\",\"@id\":\"https:\/\/colegioarquitectos.com\/noticias\/?p=6222#breadcrumb\",\"itemListElement\":[{\"@type\":\"ListItem\",\"position\":1,\"name\":\"Portada\",\"item\":\"https:\/\/colegioarquitectos.com\/noticias\"},{\"@type\":\"ListItem\",\"position\":2,\"name\":\"Se conoce el Premio Nacional de Arquitectura 2014: Arquitecto Teodoro Fern\u00e1ndez\"}]},{\"@type\":\"WebSite\",\"@id\":\"https:\/\/colegioarquitectos.com\/noticias\/#website\",\"url\":\"https:\/\/colegioarquitectos.com\/noticias\/\",\"name\":\"COLEGIO DE ARQUITECTOS DE CHILE\",\"description\":\"\",\"publisher\":{\"@id\":\"https:\/\/colegioarquitectos.com\/noticias\/#organization\"},\"potentialAction\":[{\"@type\":\"SearchAction\",\"target\":{\"@type\":\"EntryPoint\",\"urlTemplate\":\"https:\/\/colegioarquitectos.com\/noticias\/?s={search_term_string}\"},\"query-input\":{\"@type\":\"PropertyValueSpecification\",\"valueRequired\":true,\"valueName\":\"search_term_string\"}}],\"inLanguage\":\"es\"},{\"@type\":\"Organization\",\"@id\":\"https:\/\/colegioarquitectos.com\/noticias\/#organization\",\"name\":\"COLEGIO DE ARQUITECTOS DE CHILE\",\"url\":\"https:\/\/colegioarquitectos.com\/noticias\/\",\"logo\":{\"@type\":\"ImageObject\",\"inLanguage\":\"es\",\"@id\":\"https:\/\/colegioarquitectos.com\/noticias\/#\/schema\/logo\/image\/\",\"url\":\"https:\/\/colegioarquitectos.com\/noticias\/wp-content\/uploads\/2021\/05\/ENCABEZADO-LOGO-CA.jpg\",\"contentUrl\":\"https:\/\/colegioarquitectos.com\/noticias\/wp-content\/uploads\/2021\/05\/ENCABEZADO-LOGO-CA.jpg\",\"width\":690,\"height\":350,\"caption\":\"COLEGIO DE ARQUITECTOS DE CHILE\"},\"image\":{\"@id\":\"https:\/\/colegioarquitectos.com\/noticias\/#\/schema\/logo\/image\/\"},\"sameAs\":[\"https:\/\/facebook.com\/Colegioarq\/\",\"https:\/\/x.com\/colegioarq\",\"https:\/\/instagram.com\/colegioarq\",\"https:\/\/youtube.com\/@ColegiodeArquitectosdeChile\"]},{\"@type\":\"Person\",\"@id\":\"https:\/\/colegioarquitectos.com\/noticias\/#\/schema\/person\/685cc0aad148303c5608f049af8285ad\",\"name\":\"Colegio de Arquitectos de Chile\",\"url\":\"https:\/\/colegioarquitectos.com\/noticias\/?author=4\"}]}<\/script>\n<!-- \/ Yoast SEO plugin. -->","yoast_head_json":{"title":"Se conoce el Premio Nacional de Arquitectura 2014: Arquitecto Teodoro Fern\u00e1ndez - COLEGIO DE ARQUITECTOS DE CHILE","robots":{"index":"index","follow":"follow","max-snippet":"max-snippet:-1","max-image-preview":"max-image-preview:large","max-video-preview":"max-video-preview:-1"},"canonical":"https:\/\/colegioarquitectos.com\/noticias\/?p=6222","og_locale":"es_ES","og_type":"article","og_title":"Se conoce el Premio Nacional de Arquitectura 2014: Arquitecto Teodoro Fern\u00e1ndez - COLEGIO DE ARQUITECTOS DE CHILE","og_description":"Cada dos a\u00f1os el Colegio de Arquitectos de Chile otorga el Premio Nacional de Arquitectura y al igual que en sus versiones anteriores este 2014, el Directorio Nacional de la instituci\u00f3n eligi\u00f3 a un Comit\u00e9 de B\u00fasqueda que seleccion\u00f3 entre &hellip; ver m\u00e1s","og_url":"https:\/\/colegioarquitectos.com\/noticias\/?p=6222","og_site_name":"COLEGIO DE ARQUITECTOS DE CHILE","article_publisher":"https:\/\/facebook.com\/Colegioarq\/","article_published_time":"2014-12-02T15:51:53+00:00","article_modified_time":"2014-12-02T20:58:47+00:00","og_image":[{"width":690,"height":488,"url":"https:\/\/colegioarquitectos.com\/noticias\/wp-content\/uploads\/2014\/12\/Retrato-Teo002.jpg","type":"image\/jpeg"}],"author":"Colegio de Arquitectos de Chile","twitter_card":"summary_large_image","twitter_creator":"@colegioarq","twitter_site":"@colegioarq","twitter_misc":{"Escrito por":"Colegio de Arquitectos de Chile","Tiempo de lectura":"2 minutos"},"schema":{"@context":"https:\/\/schema.org","@graph":[{"@type":"Article","@id":"https:\/\/colegioarquitectos.com\/noticias\/?p=6222#article","isPartOf":{"@id":"https:\/\/colegioarquitectos.com\/noticias\/?p=6222"},"author":{"name":"Colegio de Arquitectos de Chile","@id":"https:\/\/colegioarquitectos.com\/noticias\/#\/schema\/person\/685cc0aad148303c5608f049af8285ad"},"headline":"Se conoce el Premio Nacional de Arquitectura 2014: Arquitecto Teodoro Fern\u00e1ndez","datePublished":"2014-12-02T15:51:53+00:00","dateModified":"2014-12-02T20:58:47+00:00","mainEntityOfPage":{"@id":"https:\/\/colegioarquitectos.com\/noticias\/?p=6222"},"wordCount":350,"commentCount":0,"publisher":{"@id":"https:\/\/colegioarquitectos.com\/noticias\/#organization"},"image":{"@id":"https:\/\/colegioarquitectos.com\/noticias\/?p=6222#primaryimage"},"thumbnailUrl":"https:\/\/colegioarquitectos.com\/noticias\/wp-content\/uploads\/2014\/12\/Retrato-Teo002.jpg","articleSection":["Colegio","Noticias"],"inLanguage":"es","potentialAction":[{"@type":"CommentAction","name":"Comment","target":["https:\/\/colegioarquitectos.com\/noticias\/?p=6222#respond"]}]},{"@type":"WebPage","@id":"https:\/\/colegioarquitectos.com\/noticias\/?p=6222","url":"https:\/\/colegioarquitectos.com\/noticias\/?p=6222","name":"Se conoce el Premio Nacional de Arquitectura 2014: Arquitecto Teodoro Fern\u00e1ndez - COLEGIO DE ARQUITECTOS DE CHILE","isPartOf":{"@id":"https:\/\/colegioarquitectos.com\/noticias\/#website"},"primaryImageOfPage":{"@id":"https:\/\/colegioarquitectos.com\/noticias\/?p=6222#primaryimage"},"image":{"@id":"https:\/\/colegioarquitectos.com\/noticias\/?p=6222#primaryimage"},"thumbnailUrl":"https:\/\/colegioarquitectos.com\/noticias\/wp-content\/uploads\/2014\/12\/Retrato-Teo002.jpg","datePublished":"2014-12-02T15:51:53+00:00","dateModified":"2014-12-02T20:58:47+00:00","breadcrumb":{"@id":"https:\/\/colegioarquitectos.com\/noticias\/?p=6222#breadcrumb"},"inLanguage":"es","potentialAction":[{"@type":"ReadAction","target":["https:\/\/colegioarquitectos.com\/noticias\/?p=6222"]}]},{"@type":"ImageObject","inLanguage":"es","@id":"https:\/\/colegioarquitectos.com\/noticias\/?p=6222#primaryimage","url":"https:\/\/colegioarquitectos.com\/noticias\/wp-content\/uploads\/2014\/12\/Retrato-Teo002.jpg","contentUrl":"https:\/\/colegioarquitectos.com\/noticias\/wp-content\/uploads\/2014\/12\/Retrato-Teo002.jpg","width":690,"height":488},{"@type":"BreadcrumbList","@id":"https:\/\/colegioarquitectos.com\/noticias\/?p=6222#breadcrumb","itemListElement":[{"@type":"ListItem","position":1,"name":"Portada","item":"https:\/\/colegioarquitectos.com\/noticias"},{"@type":"ListItem","position":2,"name":"Se conoce el Premio Nacional de Arquitectura 2014: Arquitecto Teodoro Fern\u00e1ndez"}]},{"@type":"WebSite","@id":"https:\/\/colegioarquitectos.com\/noticias\/#website","url":"https:\/\/colegioarquitectos.com\/noticias\/","name":"COLEGIO DE ARQUITECTOS DE CHILE","description":"","publisher":{"@id":"https:\/\/colegioarquitectos.com\/noticias\/#organization"},"potentialAction":[{"@type":"SearchAction","target":{"@type":"EntryPoint","urlTemplate":"https:\/\/colegioarquitectos.com\/noticias\/?s={search_term_string}"},"query-input":{"@type":"PropertyValueSpecification","valueRequired":true,"valueName":"search_term_string"}}],"inLanguage":"es"},{"@type":"Organization","@id":"https:\/\/colegioarquitectos.com\/noticias\/#organization","name":"COLEGIO DE ARQUITECTOS DE CHILE","url":"https:\/\/colegioarquitectos.com\/noticias\/","logo":{"@type":"ImageObject","inLanguage":"es","@id":"https:\/\/colegioarquitectos.com\/noticias\/#\/schema\/logo\/image\/","url":"https:\/\/colegioarquitectos.com\/noticias\/wp-content\/uploads\/2021\/05\/ENCABEZADO-LOGO-CA.jpg","contentUrl":"https:\/\/colegioarquitectos.com\/noticias\/wp-content\/uploads\/2021\/05\/ENCABEZADO-LOGO-CA.jpg","width":690,"height":350,"caption":"COLEGIO DE ARQUITECTOS DE CHILE"},"image":{"@id":"https:\/\/colegioarquitectos.com\/noticias\/#\/schema\/logo\/image\/"},"sameAs":["https:\/\/facebook.com\/Colegioarq\/","https:\/\/x.com\/colegioarq","https:\/\/instagram.com\/colegioarq","https:\/\/youtube.com\/@ColegiodeArquitectosdeChile"]},{"@type":"Person","@id":"https:\/\/colegioarquitectos.com\/noticias\/#\/schema\/person\/685cc0aad148303c5608f049af8285ad","name":"Colegio de Arquitectos de Chile","url":"https:\/\/colegioarquitectos.com\/noticias\/?author=4"}]}},"_links":{"self":[{"href":"https:\/\/colegioarquitectos.com\/noticias\/index.php?rest_route=\/wp\/v2\/posts\/6222","targetHints":{"allow":["GET"]}}],"collection":[{"href":"https:\/\/colegioarquitectos.com\/noticias\/index.php?rest_route=\/wp\/v2\/posts"}],"about":[{"href":"https:\/\/colegioarquitectos.com\/noticias\/index.php?rest_route=\/wp\/v2\/types\/post"}],"author":[{"embeddable":true,"href":"https:\/\/colegioarquitectos.com\/noticias\/index.php?rest_route=\/wp\/v2\/users\/4"}],"replies":[{"embeddable":true,"href":"https:\/\/colegioarquitectos.com\/noticias\/index.php?rest_route=%2Fwp%2Fv2%2Fcomments&post=6222"}],"version-history":[{"count":0,"href":"https:\/\/colegioarquitectos.com\/noticias\/index.php?rest_route=\/wp\/v2\/posts\/6222\/revisions"}],"wp:featuredmedia":[{"embeddable":true,"href":"https:\/\/colegioarquitectos.com\/noticias\/index.php?rest_route=\/wp\/v2\/media\/6223"}],"wp:attachment":[{"href":"https:\/\/colegioarquitectos.com\/noticias\/index.php?rest_route=%2Fwp%2Fv2%2Fmedia&parent=6222"}],"wp:term":[{"taxonomy":"category","embeddable":true,"href":"https:\/\/colegioarquitectos.com\/noticias\/index.php?rest_route=%2Fwp%2Fv2%2Fcategories&post=6222"},{"taxonomy":"post_tag","embeddable":true,"href":"https:\/\/colegioarquitectos.com\/noticias\/index.php?rest_route=%2Fwp%2Fv2%2Ftags&post=6222"}],"curies":[{"name":"wp","href":"https:\/\/api.w.org\/{rel}","templated":true}]}}