
{"id":6341,"date":"2014-12-17T18:19:07","date_gmt":"2014-12-17T18:19:07","guid":{"rendered":"http:\/\/colegioarquitectos.com\/?p=6341"},"modified":"2014-12-18T16:34:32","modified_gmt":"2014-12-18T16:34:32","slug":"con-las-ministras-de-cultura-vivienda-y-mas-de-un-centenar-de-personas-se-dio-el-vamos-a-la-xix-bienal-de-arquitectura-y-urbanismo-2015","status":"publish","type":"post","link":"https:\/\/colegioarquitectos.com\/noticias\/?p=6341","title":{"rendered":"Con las Ministras de Cultura, Vivienda y m\u00e1s de un centenar de personas se dio el vamos a la XIX Bienal de Arquitectura y Urbanismo 2015\u00a0 \u00a0"},"content":{"rendered":"<p>Est\u00e1 confirmado que entre el 16 y el 26 de abril pr\u00f3ximo Valpara\u00edso recibir\u00e1 la muestra m\u00e1s grande de arquitectura y urbanismo del pa\u00eds, tambi\u00e9n la m\u00e1s importante del rubro, que por primera vez saldr\u00e1 de Santiago para tener un despliegue a nivel nacional.<\/p>\n<p>A cuatro meses de su comienzo, se realiz\u00f3 este martes un exitoso lanzamiento en la Ciudad Puerto que cont\u00f3 con la presencia de la Ministra de Cultura Claudia Barattini, la Ministra de Vivienda y Urbanismo, Paulina Saball; el Presidente del Colegio de Arquitectos, Sebasti\u00e1n Gray; el Vicepresidente de la Asociaci\u00f3n de Oficinas de Arquitectos (AOA) Pablo Larra\u00edn, adem\u00e1s de Fernando Mar\u00edn, quien encabeza el equipo curatorial. Entre el p\u00fablico hubo destacados arquitectos nacionales, entre ellos Teodoro Fern\u00e1ndez, Premio Nacional de Arquitectura 2014.<\/p>\n<p>El presidente del Colegio de Arquitectos, Sebasti\u00e1n Gray, asegur\u00f3 que esta Bienal presenta importantes innovaciones al situarse, por primera vez en su historia, fuera de Santiago; por convocar a la AOA y a las universidades chilenas a coorganizar el evento, y por recibir por primera vez aportes del FONDART.<\/p>\n<p>A su vez Fernando Mar\u00edn, Director del equipo Curatorial, explic\u00f3 que la muestra adem\u00e1s ofrecer\u00e1 una exhibici\u00f3n virtual y diferentes foros sociales, para recoger opiniones ciudadanas en torno al eslogan \u201cEl pa\u00eds que queremos\u201d. \u201cInvitamos a todos los chilenos y chilenas a ser parte de la Bienal. Un llamado concreto es a proponer obras arquitect\u00f3nicas contempor\u00e1neas que ser\u00e1n sometidas a votaci\u00f3n popular para las ganadoras ser incluidas de manera simb\u00f3lica como parte del Patrimonio del siglo XXII\u201d, explica.<\/p>\n<p>La Ministra de Vivienda, Paulina Saball dijo que \u201cEn el Ministerio de Vivienda y Urbanismo estamos realizando acciones concretas para avanzar hacia un Chile con mayor equidad territorial. Hemos puesto en marcha tres ambiciosos planes de Gobierno que son la construcci\u00f3n 192 kil\u00f3metros de ciclov\u00edas de alto est\u00e1ndar; la construcci\u00f3n de parques urbanos en 34 comunas a lo largo de todo el pa\u00eds, que tendr\u00e1n una superficie entre 1 y 64 hect\u00e1reas; y estamos repotenciando nuestro Programa Quiero Mi Barrio, donde estamos trabajando con 203 nuevos barrios en donde a la acci\u00f3n de organizaci\u00f3n social e inversi\u00f3n estrat\u00e9gica sobre los espacios p\u00fablicos, hemos sumado para este per\u00edodo la intervenci\u00f3n en el mejoramiento de las viviendas\u201d.<\/p>\n<p>Por su parte la AOA representada por Pablo Larra\u00edn -que agrupa a 170 oficinas y por primera vez participa en la muestra- valor\u00f3 la opci\u00f3n de incluir las diferentes facetas del mundo de la arquitectura chilena, tanto institucional como privada y acad\u00e9mica, lo que seg\u00fan ellos har\u00e1n especialmente atractiva e in\u00e9dita esta versi\u00f3n de la bienal.<\/p>\n<p>En tanto, la Ministra Presidenta del Consejo Nacional de la Cultura y las Artes, Claudia Barattini sostuvo que \u201ccomo Consejo de la Cultura apoyamos esta iniciativa, porque la arquitectura es un \u00e1rea que est\u00e1 vinculada profundamente con las personas y su entorno m\u00e1s inmediato y es destacable el esfuerzo de los organizadores de la bienal por construir puentes con la ciudadan\u00eda. Todo esto sin olvidar la valiosa contribuci\u00f3n que hace en el \u00e1mbito de la generaci\u00f3n de ideas y el intercambio de experiencias entre destacados profesionales y las nuevas generaciones\u201d.<\/p>\n<p>DESPLIEGUE NACIONAL<\/p>\n<p>La XIX Bienal Nacional de Arquitectura y Urbanismo 2015 tendr\u00e1 a Valpara\u00edso como Puerto de Arquitectura y recibir\u00e1 una enorme muestra de trabajos recientes de arquitectos nacionales y estudiantes universitarios, en las categor\u00edas de Arquitectura, Dise\u00f1o Urbano, Paisajismo, Arquitectura Interior, Patrimonio, Publicaciones e Investigaci\u00f3n.<\/p>\n<p><strong><em>\u00a0<\/em><\/strong>Se espera que en el evento participen m\u00e1s de 25 mil personas, sumado a otras miles que ser\u00e1n testigos de un in\u00e9dito despliegue nacional pues en paralelo habr\u00e1 muestras en Antofagasta, La Serena, Concepci\u00f3n, Puerto Montt y Punta Arenas.<\/p>\n<p>&nbsp;<\/p>\n\n\t\t<style type=\"text\/css\">\n\t\t\t#gallery-1 {\n\t\t\t\tmargin: auto;\n\t\t\t}\n\t\t\t#gallery-1 .gallery-item {\n\t\t\t\tfloat: left;\n\t\t\t\tmargin-top: 10px;\n\t\t\t\ttext-align: center;\n\t\t\t\twidth: 33%;\n\t\t\t}\n\t\t\t#gallery-1 img {\n\t\t\t\tborder: 2px solid #cfcfcf;\n\t\t\t}\n\t\t\t#gallery-1 .gallery-caption {\n\t\t\t\tmargin-left: 0;\n\t\t\t}\n\t\t\t\/* see gallery_shortcode() in wp-includes\/media.php *\/\n\t\t<\/style>\n\t\t<div id='gallery-1' class='gallery galleryid-6341 gallery-columns-3 gallery-size-thumbnail'><dl class='gallery-item'>\n\t\t\t<dt class='gallery-icon landscape'>\n\t\t\t\t<a href='https:\/\/colegioarquitectos.com\/noticias\/?attachment_id=6344'><img loading=\"lazy\" decoding=\"async\" width=\"180\" height=\"180\" src=\"https:\/\/colegioarquitectos.com\/noticias\/wp-content\/uploads\/2014\/12\/IMG_3271_2048-180x180.jpg\" class=\"attachment-thumbnail size-thumbnail\" alt=\"\" aria-describedby=\"gallery-1-6344\" \/><\/a>\n\t\t\t<\/dt>\n\t\t\t\t<dd class='wp-caption-text gallery-caption' id='gallery-1-6344'>\n\t\t\t\tEl edificio del Parque Cultural de Valpara\u00edso, Sede de la XIX Bienal de Arquitectura 2015\n\t\t\t\t<\/dd><\/dl><dl class='gallery-item'>\n\t\t\t<dt class='gallery-icon landscape'>\n\t\t\t\t<a href='https:\/\/colegioarquitectos.com\/noticias\/?attachment_id=6345'><img loading=\"lazy\" decoding=\"async\" width=\"180\" height=\"180\" src=\"https:\/\/colegioarquitectos.com\/noticias\/wp-content\/uploads\/2014\/12\/IMG_3276_2048-180x180.jpg\" class=\"attachment-thumbnail size-thumbnail\" alt=\"\" \/><\/a>\n\t\t\t<\/dt><\/dl><dl class='gallery-item'>\n\t\t\t<dt class='gallery-icon landscape'>\n\t\t\t\t<a href='https:\/\/colegioarquitectos.com\/noticias\/?attachment_id=6346'><img loading=\"lazy\" decoding=\"async\" width=\"180\" height=\"180\" src=\"https:\/\/colegioarquitectos.com\/noticias\/wp-content\/uploads\/2014\/12\/IMG_3283_2048-180x180.jpg\" class=\"attachment-thumbnail size-thumbnail\" alt=\"\" aria-describedby=\"gallery-1-6346\" \/><\/a>\n\t\t\t<\/dt>\n\t\t\t\t<dd class='wp-caption-text gallery-caption' id='gallery-1-6346'>\n\t\t\t\tFernando Mar\u00edn, Pablo Larra\u00edn, S\u00f3tero Apablaza, Caludia Barattini, Sebasti\u00e1n Gray, Paulina Saball y Nelson Morgado  \n\t\t\t\t<\/dd><\/dl><br style=\"clear: both\" \/><dl class='gallery-item'>\n\t\t\t<dt class='gallery-icon landscape'>\n\t\t\t\t<a href='https:\/\/colegioarquitectos.com\/noticias\/?attachment_id=6347'><img loading=\"lazy\" decoding=\"async\" width=\"180\" height=\"180\" src=\"https:\/\/colegioarquitectos.com\/noticias\/wp-content\/uploads\/2014\/12\/IMG_3292_20481-180x180.jpg\" class=\"attachment-thumbnail size-thumbnail\" alt=\"\" \/><\/a>\n\t\t\t<\/dt><\/dl><dl class='gallery-item'>\n\t\t\t<dt class='gallery-icon landscape'>\n\t\t\t\t<a href='https:\/\/colegioarquitectos.com\/noticias\/?attachment_id=6348'><img loading=\"lazy\" decoding=\"async\" width=\"180\" height=\"180\" src=\"https:\/\/colegioarquitectos.com\/noticias\/wp-content\/uploads\/2014\/12\/IMG_3296_2048-180x180.jpg\" class=\"attachment-thumbnail size-thumbnail\" alt=\"\" \/><\/a>\n\t\t\t<\/dt><\/dl><dl class='gallery-item'>\n\t\t\t<dt class='gallery-icon landscape'>\n\t\t\t\t<a href='https:\/\/colegioarquitectos.com\/noticias\/?attachment_id=6349'><img loading=\"lazy\" decoding=\"async\" width=\"180\" height=\"180\" src=\"https:\/\/colegioarquitectos.com\/noticias\/wp-content\/uploads\/2014\/12\/IMG_3305_2048-180x180.jpg\" class=\"attachment-thumbnail size-thumbnail\" alt=\"\" \/><\/a>\n\t\t\t<\/dt><\/dl><br style=\"clear: both\" \/><dl class='gallery-item'>\n\t\t\t<dt class='gallery-icon landscape'>\n\t\t\t\t<a href='https:\/\/colegioarquitectos.com\/noticias\/?attachment_id=6350'><img loading=\"lazy\" decoding=\"async\" width=\"180\" height=\"180\" src=\"https:\/\/colegioarquitectos.com\/noticias\/wp-content\/uploads\/2014\/12\/IMG_3337_2048-180x180.jpg\" class=\"attachment-thumbnail size-thumbnail\" alt=\"\" aria-describedby=\"gallery-1-6350\" \/><\/a>\n\t\t\t<\/dt>\n\t\t\t\t<dd class='wp-caption-text gallery-caption' id='gallery-1-6350'>\n\t\t\t\tSebasti\u00e1n Gray, Presidente Nacional del Colegio de Arquitectos de Chile\n\t\t\t\t<\/dd><\/dl><dl class='gallery-item'>\n\t\t\t<dt class='gallery-icon landscape'>\n\t\t\t\t<a href='https:\/\/colegioarquitectos.com\/noticias\/?attachment_id=6351'><img loading=\"lazy\" decoding=\"async\" width=\"180\" height=\"180\" src=\"https:\/\/colegioarquitectos.com\/noticias\/wp-content\/uploads\/2014\/12\/IMG_3341_2048-180x180.jpg\" class=\"attachment-thumbnail size-thumbnail\" alt=\"\" \/><\/a>\n\t\t\t<\/dt><\/dl><dl class='gallery-item'>\n\t\t\t<dt class='gallery-icon landscape'>\n\t\t\t\t<a href='https:\/\/colegioarquitectos.com\/noticias\/?attachment_id=6352'><img loading=\"lazy\" decoding=\"async\" width=\"180\" height=\"180\" src=\"https:\/\/colegioarquitectos.com\/noticias\/wp-content\/uploads\/2014\/12\/IMG_3354_2048-180x180.jpg\" class=\"attachment-thumbnail size-thumbnail\" alt=\"\" aria-describedby=\"gallery-1-6352\" \/><\/a>\n\t\t\t<\/dt>\n\t\t\t\t<dd class='wp-caption-text gallery-caption' id='gallery-1-6352'>\n\t\t\t\tPablo Larra\u00edn, Vicepresidente de la Asociaci\u00f3n de Oficinas de Arquitectos (AOA)\n\t\t\t\t<\/dd><\/dl><br style=\"clear: both\" \/><dl class='gallery-item'>\n\t\t\t<dt class='gallery-icon landscape'>\n\t\t\t\t<a href='https:\/\/colegioarquitectos.com\/noticias\/?attachment_id=6353'><img loading=\"lazy\" decoding=\"async\" width=\"180\" height=\"180\" src=\"https:\/\/colegioarquitectos.com\/noticias\/wp-content\/uploads\/2014\/12\/IMG_3393_2048-180x180.jpg\" class=\"attachment-thumbnail size-thumbnail\" alt=\"\" aria-describedby=\"gallery-1-6353\" \/><\/a>\n\t\t\t<\/dt>\n\t\t\t\t<dd class='wp-caption-text gallery-caption' id='gallery-1-6353'>\n\t\t\t\tFernando Mar\u00edn, Curador de la XIX Bienal de Arquitectura y Urbanismo 2015\n\t\t\t\t<\/dd><\/dl><dl class='gallery-item'>\n\t\t\t<dt class='gallery-icon landscape'>\n\t\t\t\t<a href='https:\/\/colegioarquitectos.com\/noticias\/?attachment_id=6354'><img loading=\"lazy\" decoding=\"async\" width=\"180\" height=\"180\" src=\"https:\/\/colegioarquitectos.com\/noticias\/wp-content\/uploads\/2014\/12\/IMG_3406_2048-180x180.jpg\" class=\"attachment-thumbnail size-thumbnail\" alt=\"\" aria-describedby=\"gallery-1-6354\" \/><\/a>\n\t\t\t<\/dt>\n\t\t\t\t<dd class='wp-caption-text gallery-caption' id='gallery-1-6354'>\n\t\t\t\tPaulina Saball, Ministra de Vivienda y Urbanismo\n\t\t\t\t<\/dd><\/dl><dl class='gallery-item'>\n\t\t\t<dt class='gallery-icon landscape'>\n\t\t\t\t<a href='https:\/\/colegioarquitectos.com\/noticias\/?attachment_id=6355'><img loading=\"lazy\" decoding=\"async\" width=\"180\" height=\"180\" src=\"https:\/\/colegioarquitectos.com\/noticias\/wp-content\/uploads\/2014\/12\/IMG_3430_2048-180x180.jpg\" class=\"attachment-thumbnail size-thumbnail\" alt=\"\" \/><\/a>\n\t\t\t<\/dt><\/dl><br style=\"clear: both\" \/><dl class='gallery-item'>\n\t\t\t<dt class='gallery-icon landscape'>\n\t\t\t\t<a href='https:\/\/colegioarquitectos.com\/noticias\/?attachment_id=6356'><img loading=\"lazy\" decoding=\"async\" width=\"180\" height=\"180\" src=\"https:\/\/colegioarquitectos.com\/noticias\/wp-content\/uploads\/2014\/12\/IMG_3431_2048-180x180.jpg\" class=\"attachment-thumbnail size-thumbnail\" alt=\"\" \/><\/a>\n\t\t\t<\/dt><\/dl><dl class='gallery-item'>\n\t\t\t<dt class='gallery-icon landscape'>\n\t\t\t\t<a href='https:\/\/colegioarquitectos.com\/noticias\/?attachment_id=6357'><img loading=\"lazy\" decoding=\"async\" width=\"180\" height=\"180\" src=\"https:\/\/colegioarquitectos.com\/noticias\/wp-content\/uploads\/2014\/12\/IMG_3458_2048-180x180.jpg\" class=\"attachment-thumbnail size-thumbnail\" alt=\"\" aria-describedby=\"gallery-1-6357\" \/><\/a>\n\t\t\t<\/dt>\n\t\t\t\t<dd class='wp-caption-text gallery-caption' id='gallery-1-6357'>\n\t\t\t\tClaudia Barattini, Ministra de Cultura\n\t\t\t\t<\/dd><\/dl><dl class='gallery-item'>\n\t\t\t<dt class='gallery-icon landscape'>\n\t\t\t\t<a href='https:\/\/colegioarquitectos.com\/noticias\/?attachment_id=6358'><img loading=\"lazy\" decoding=\"async\" width=\"180\" height=\"180\" src=\"https:\/\/colegioarquitectos.com\/noticias\/wp-content\/uploads\/2014\/12\/IMG_3459_2048-180x180.jpg\" class=\"attachment-thumbnail size-thumbnail\" alt=\"\" \/><\/a>\n\t\t\t<\/dt><\/dl><br style=\"clear: both\" \/><dl class='gallery-item'>\n\t\t\t<dt class='gallery-icon landscape'>\n\t\t\t\t<a href='https:\/\/colegioarquitectos.com\/noticias\/?attachment_id=6343'><img loading=\"lazy\" decoding=\"async\" width=\"180\" height=\"180\" src=\"https:\/\/colegioarquitectos.com\/noticias\/wp-content\/uploads\/2014\/12\/IMG_3261_2048-180x180.jpg\" class=\"attachment-thumbnail size-thumbnail\" alt=\"\" aria-describedby=\"gallery-1-6343\" \/><\/a>\n\t\t\t<\/dt>\n\t\t\t\t<dd class='wp-caption-text gallery-caption' id='gallery-1-6343'>\n\t\t\t\tDaniel Morales y Nelson Morgado, de la Delegaci\u00f3n Valpara\u00edso del Colegio de Arquitectos\n\t\t\t\t<\/dd><\/dl>\n\t\t\t<br style='clear: both' \/>\n\t\t<\/div>\n\n<p>[gview file=\u00bbhttp:\/\/colegioarquitectos.com\/noticias\/wp-content\/uploads\/2014\/12\/Comunicado-lanzamiento-XIX-Bienal-Arquitectura.doc\u00bb]<\/p>\n<p><\/p>","protected":false},"excerpt":{"rendered":"<p>Est\u00e1 confirmado que entre el 16 y el 26 de abril pr\u00f3ximo Valpara\u00edso recibir\u00e1 la muestra m\u00e1s grande de arquitectura y urbanismo del pa\u00eds, tambi\u00e9n la m\u00e1s importante del rubro, que por primera vez saldr\u00e1 de Santiago para tener un &hellip; <a class=\"more-link\" href=\"https:\/\/colegioarquitectos.com\/noticias\/?p=6341\">ver m\u00e1s<\/a><\/p>","protected":false},"author":4,"featured_media":6342,"comment_status":"open","ping_status":"open","sticky":false,"template":"","format":"standard","meta":{"footnotes":""},"categories":[19,8,25,3],"tags":[],"class_list":["post-6341","post","type-post","status-publish","format-standard","has-post-thumbnail","hentry","category-actividades","category-colegio-de-arquitectos","category-lanzamientos","category-noticias"],"yoast_head":"<!-- This site is optimized with the Yoast SEO plugin v24.2 - https:\/\/yoast.com\/wordpress\/plugins\/seo\/ -->\n<title>Con las Ministras de Cultura, Vivienda y m\u00e1s de un centenar de personas se dio el vamos a la XIX Bienal de Arquitectura y Urbanismo 2015\u00a0 \u00a0 - COLEGIO DE ARQUITECTOS DE CHILE<\/title>\n<meta name=\"robots\" content=\"index, follow, max-snippet:-1, max-image-preview:large, max-video-preview:-1\" \/>\n<link rel=\"canonical\" href=\"https:\/\/colegioarquitectos.com\/noticias\/?p=6341\" \/>\n<meta property=\"og:locale\" content=\"es_ES\" \/>\n<meta property=\"og:type\" content=\"article\" \/>\n<meta property=\"og:title\" content=\"Con las Ministras de Cultura, Vivienda y m\u00e1s de un centenar de personas se dio el vamos a la XIX Bienal de Arquitectura y Urbanismo 2015\u00a0 \u00a0 - COLEGIO DE ARQUITECTOS DE CHILE\" \/>\n<meta property=\"og:description\" content=\"Est\u00e1 confirmado que entre el 16 y el 26 de abril pr\u00f3ximo Valpara\u00edso recibir\u00e1 la muestra m\u00e1s grande de arquitectura y urbanismo del pa\u00eds, tambi\u00e9n la m\u00e1s importante del rubro, que por primera vez saldr\u00e1 de Santiago para tener un &hellip; ver m\u00e1s\" \/>\n<meta property=\"og:url\" content=\"https:\/\/colegioarquitectos.com\/noticias\/?p=6341\" \/>\n<meta property=\"og:site_name\" content=\"COLEGIO DE ARQUITECTOS DE CHILE\" \/>\n<meta property=\"article:publisher\" content=\"https:\/\/facebook.com\/Colegioarq\/\" \/>\n<meta property=\"article:published_time\" content=\"2014-12-17T18:19:07+00:00\" \/>\n<meta property=\"article:modified_time\" content=\"2014-12-18T16:34:32+00:00\" \/>\n<meta property=\"og:image\" content=\"https:\/\/colegioarquitectos.com\/noticias\/wp-content\/uploads\/2014\/12\/IMG_3292_2048.jpg\" \/>\n\t<meta property=\"og:image:width\" content=\"690\" \/>\n\t<meta property=\"og:image:height\" content=\"460\" \/>\n\t<meta property=\"og:image:type\" content=\"image\/jpeg\" \/>\n<meta name=\"author\" content=\"Colegio de Arquitectos de Chile\" \/>\n<meta name=\"twitter:card\" content=\"summary_large_image\" \/>\n<meta name=\"twitter:creator\" content=\"@colegioarq\" \/>\n<meta name=\"twitter:site\" content=\"@colegioarq\" \/>\n<meta name=\"twitter:label1\" content=\"Escrito por\" \/>\n\t<meta name=\"twitter:data1\" content=\"Colegio de Arquitectos de Chile\" \/>\n\t<meta name=\"twitter:label2\" content=\"Tiempo de lectura\" \/>\n\t<meta name=\"twitter:data2\" content=\"3 minutos\" \/>\n<script type=\"application\/ld+json\" class=\"yoast-schema-graph\">{\"@context\":\"https:\/\/schema.org\",\"@graph\":[{\"@type\":\"Article\",\"@id\":\"https:\/\/colegioarquitectos.com\/noticias\/?p=6341#article\",\"isPartOf\":{\"@id\":\"https:\/\/colegioarquitectos.com\/noticias\/?p=6341\"},\"author\":{\"name\":\"Colegio de Arquitectos de Chile\",\"@id\":\"https:\/\/colegioarquitectos.com\/noticias\/#\/schema\/person\/685cc0aad148303c5608f049af8285ad\"},\"headline\":\"Con las Ministras de Cultura, Vivienda y m\u00e1s de un centenar de personas se dio el vamos a la XIX Bienal de Arquitectura y Urbanismo 2015\u00a0 \u00a0\",\"datePublished\":\"2014-12-17T18:19:07+00:00\",\"dateModified\":\"2014-12-18T16:34:32+00:00\",\"mainEntityOfPage\":{\"@id\":\"https:\/\/colegioarquitectos.com\/noticias\/?p=6341\"},\"wordCount\":684,\"commentCount\":1,\"publisher\":{\"@id\":\"https:\/\/colegioarquitectos.com\/noticias\/#organization\"},\"image\":{\"@id\":\"https:\/\/colegioarquitectos.com\/noticias\/?p=6341#primaryimage\"},\"thumbnailUrl\":\"https:\/\/colegioarquitectos.com\/noticias\/wp-content\/uploads\/2014\/12\/IMG_3292_2048.jpg\",\"articleSection\":[\"Actividades\",\"Colegio\",\"Lanzamientos\",\"Noticias\"],\"inLanguage\":\"es\",\"potentialAction\":[{\"@type\":\"CommentAction\",\"name\":\"Comment\",\"target\":[\"https:\/\/colegioarquitectos.com\/noticias\/?p=6341#respond\"]}]},{\"@type\":\"WebPage\",\"@id\":\"https:\/\/colegioarquitectos.com\/noticias\/?p=6341\",\"url\":\"https:\/\/colegioarquitectos.com\/noticias\/?p=6341\",\"name\":\"Con las Ministras de Cultura, Vivienda y m\u00e1s de un centenar de personas se dio el vamos a la XIX Bienal de Arquitectura y Urbanismo 2015\u00a0 \u00a0 - COLEGIO DE ARQUITECTOS DE CHILE\",\"isPartOf\":{\"@id\":\"https:\/\/colegioarquitectos.com\/noticias\/#website\"},\"primaryImageOfPage\":{\"@id\":\"https:\/\/colegioarquitectos.com\/noticias\/?p=6341#primaryimage\"},\"image\":{\"@id\":\"https:\/\/colegioarquitectos.com\/noticias\/?p=6341#primaryimage\"},\"thumbnailUrl\":\"https:\/\/colegioarquitectos.com\/noticias\/wp-content\/uploads\/2014\/12\/IMG_3292_2048.jpg\",\"datePublished\":\"2014-12-17T18:19:07+00:00\",\"dateModified\":\"2014-12-18T16:34:32+00:00\",\"breadcrumb\":{\"@id\":\"https:\/\/colegioarquitectos.com\/noticias\/?p=6341#breadcrumb\"},\"inLanguage\":\"es\",\"potentialAction\":[{\"@type\":\"ReadAction\",\"target\":[\"https:\/\/colegioarquitectos.com\/noticias\/?p=6341\"]}]},{\"@type\":\"ImageObject\",\"inLanguage\":\"es\",\"@id\":\"https:\/\/colegioarquitectos.com\/noticias\/?p=6341#primaryimage\",\"url\":\"https:\/\/colegioarquitectos.com\/noticias\/wp-content\/uploads\/2014\/12\/IMG_3292_2048.jpg\",\"contentUrl\":\"https:\/\/colegioarquitectos.com\/noticias\/wp-content\/uploads\/2014\/12\/IMG_3292_2048.jpg\",\"width\":690,\"height\":460},{\"@type\":\"BreadcrumbList\",\"@id\":\"https:\/\/colegioarquitectos.com\/noticias\/?p=6341#breadcrumb\",\"itemListElement\":[{\"@type\":\"ListItem\",\"position\":1,\"name\":\"Portada\",\"item\":\"https:\/\/colegioarquitectos.com\/noticias\"},{\"@type\":\"ListItem\",\"position\":2,\"name\":\"Con las Ministras de Cultura, Vivienda y m\u00e1s de un centenar de personas se dio el vamos a la XIX Bienal de Arquitectura y Urbanismo 2015\u00a0 \u00a0\"}]},{\"@type\":\"WebSite\",\"@id\":\"https:\/\/colegioarquitectos.com\/noticias\/#website\",\"url\":\"https:\/\/colegioarquitectos.com\/noticias\/\",\"name\":\"COLEGIO DE ARQUITECTOS DE CHILE\",\"description\":\"\",\"publisher\":{\"@id\":\"https:\/\/colegioarquitectos.com\/noticias\/#organization\"},\"potentialAction\":[{\"@type\":\"SearchAction\",\"target\":{\"@type\":\"EntryPoint\",\"urlTemplate\":\"https:\/\/colegioarquitectos.com\/noticias\/?s={search_term_string}\"},\"query-input\":{\"@type\":\"PropertyValueSpecification\",\"valueRequired\":true,\"valueName\":\"search_term_string\"}}],\"inLanguage\":\"es\"},{\"@type\":\"Organization\",\"@id\":\"https:\/\/colegioarquitectos.com\/noticias\/#organization\",\"name\":\"COLEGIO DE ARQUITECTOS DE CHILE\",\"url\":\"https:\/\/colegioarquitectos.com\/noticias\/\",\"logo\":{\"@type\":\"ImageObject\",\"inLanguage\":\"es\",\"@id\":\"https:\/\/colegioarquitectos.com\/noticias\/#\/schema\/logo\/image\/\",\"url\":\"https:\/\/colegioarquitectos.com\/noticias\/wp-content\/uploads\/2021\/05\/ENCABEZADO-LOGO-CA.jpg\",\"contentUrl\":\"https:\/\/colegioarquitectos.com\/noticias\/wp-content\/uploads\/2021\/05\/ENCABEZADO-LOGO-CA.jpg\",\"width\":690,\"height\":350,\"caption\":\"COLEGIO DE ARQUITECTOS DE CHILE\"},\"image\":{\"@id\":\"https:\/\/colegioarquitectos.com\/noticias\/#\/schema\/logo\/image\/\"},\"sameAs\":[\"https:\/\/facebook.com\/Colegioarq\/\",\"https:\/\/x.com\/colegioarq\",\"https:\/\/instagram.com\/colegioarq\",\"https:\/\/youtube.com\/@ColegiodeArquitectosdeChile\"]},{\"@type\":\"Person\",\"@id\":\"https:\/\/colegioarquitectos.com\/noticias\/#\/schema\/person\/685cc0aad148303c5608f049af8285ad\",\"name\":\"Colegio de Arquitectos de Chile\",\"url\":\"https:\/\/colegioarquitectos.com\/noticias\/?author=4\"}]}<\/script>\n<!-- \/ Yoast SEO plugin. -->","yoast_head_json":{"title":"Con las Ministras de Cultura, Vivienda y m\u00e1s de un centenar de personas se dio el vamos a la XIX Bienal de Arquitectura y Urbanismo 2015\u00a0 \u00a0 - COLEGIO DE ARQUITECTOS DE CHILE","robots":{"index":"index","follow":"follow","max-snippet":"max-snippet:-1","max-image-preview":"max-image-preview:large","max-video-preview":"max-video-preview:-1"},"canonical":"https:\/\/colegioarquitectos.com\/noticias\/?p=6341","og_locale":"es_ES","og_type":"article","og_title":"Con las Ministras de Cultura, Vivienda y m\u00e1s de un centenar de personas se dio el vamos a la XIX Bienal de Arquitectura y Urbanismo 2015\u00a0 \u00a0 - COLEGIO DE ARQUITECTOS DE CHILE","og_description":"Est\u00e1 confirmado que entre el 16 y el 26 de abril pr\u00f3ximo Valpara\u00edso recibir\u00e1 la muestra m\u00e1s grande de arquitectura y urbanismo del pa\u00eds, tambi\u00e9n la m\u00e1s importante del rubro, que por primera vez saldr\u00e1 de Santiago para tener un &hellip; ver m\u00e1s","og_url":"https:\/\/colegioarquitectos.com\/noticias\/?p=6341","og_site_name":"COLEGIO DE ARQUITECTOS DE CHILE","article_publisher":"https:\/\/facebook.com\/Colegioarq\/","article_published_time":"2014-12-17T18:19:07+00:00","article_modified_time":"2014-12-18T16:34:32+00:00","og_image":[{"width":690,"height":460,"url":"https:\/\/colegioarquitectos.com\/noticias\/wp-content\/uploads\/2014\/12\/IMG_3292_2048.jpg","type":"image\/jpeg"}],"author":"Colegio de Arquitectos de Chile","twitter_card":"summary_large_image","twitter_creator":"@colegioarq","twitter_site":"@colegioarq","twitter_misc":{"Escrito por":"Colegio de Arquitectos de Chile","Tiempo de lectura":"3 minutos"},"schema":{"@context":"https:\/\/schema.org","@graph":[{"@type":"Article","@id":"https:\/\/colegioarquitectos.com\/noticias\/?p=6341#article","isPartOf":{"@id":"https:\/\/colegioarquitectos.com\/noticias\/?p=6341"},"author":{"name":"Colegio de Arquitectos de Chile","@id":"https:\/\/colegioarquitectos.com\/noticias\/#\/schema\/person\/685cc0aad148303c5608f049af8285ad"},"headline":"Con las Ministras de Cultura, Vivienda y m\u00e1s de un centenar de personas se dio el vamos a la XIX Bienal de Arquitectura y Urbanismo 2015\u00a0 \u00a0","datePublished":"2014-12-17T18:19:07+00:00","dateModified":"2014-12-18T16:34:32+00:00","mainEntityOfPage":{"@id":"https:\/\/colegioarquitectos.com\/noticias\/?p=6341"},"wordCount":684,"commentCount":1,"publisher":{"@id":"https:\/\/colegioarquitectos.com\/noticias\/#organization"},"image":{"@id":"https:\/\/colegioarquitectos.com\/noticias\/?p=6341#primaryimage"},"thumbnailUrl":"https:\/\/colegioarquitectos.com\/noticias\/wp-content\/uploads\/2014\/12\/IMG_3292_2048.jpg","articleSection":["Actividades","Colegio","Lanzamientos","Noticias"],"inLanguage":"es","potentialAction":[{"@type":"CommentAction","name":"Comment","target":["https:\/\/colegioarquitectos.com\/noticias\/?p=6341#respond"]}]},{"@type":"WebPage","@id":"https:\/\/colegioarquitectos.com\/noticias\/?p=6341","url":"https:\/\/colegioarquitectos.com\/noticias\/?p=6341","name":"Con las Ministras de Cultura, Vivienda y m\u00e1s de un centenar de personas se dio el vamos a la XIX Bienal de Arquitectura y Urbanismo 2015\u00a0 \u00a0 - COLEGIO DE ARQUITECTOS DE CHILE","isPartOf":{"@id":"https:\/\/colegioarquitectos.com\/noticias\/#website"},"primaryImageOfPage":{"@id":"https:\/\/colegioarquitectos.com\/noticias\/?p=6341#primaryimage"},"image":{"@id":"https:\/\/colegioarquitectos.com\/noticias\/?p=6341#primaryimage"},"thumbnailUrl":"https:\/\/colegioarquitectos.com\/noticias\/wp-content\/uploads\/2014\/12\/IMG_3292_2048.jpg","datePublished":"2014-12-17T18:19:07+00:00","dateModified":"2014-12-18T16:34:32+00:00","breadcrumb":{"@id":"https:\/\/colegioarquitectos.com\/noticias\/?p=6341#breadcrumb"},"inLanguage":"es","potentialAction":[{"@type":"ReadAction","target":["https:\/\/colegioarquitectos.com\/noticias\/?p=6341"]}]},{"@type":"ImageObject","inLanguage":"es","@id":"https:\/\/colegioarquitectos.com\/noticias\/?p=6341#primaryimage","url":"https:\/\/colegioarquitectos.com\/noticias\/wp-content\/uploads\/2014\/12\/IMG_3292_2048.jpg","contentUrl":"https:\/\/colegioarquitectos.com\/noticias\/wp-content\/uploads\/2014\/12\/IMG_3292_2048.jpg","width":690,"height":460},{"@type":"BreadcrumbList","@id":"https:\/\/colegioarquitectos.com\/noticias\/?p=6341#breadcrumb","itemListElement":[{"@type":"ListItem","position":1,"name":"Portada","item":"https:\/\/colegioarquitectos.com\/noticias"},{"@type":"ListItem","position":2,"name":"Con las Ministras de Cultura, Vivienda y m\u00e1s de un centenar de personas se dio el vamos a la XIX Bienal de Arquitectura y Urbanismo 2015\u00a0 \u00a0"}]},{"@type":"WebSite","@id":"https:\/\/colegioarquitectos.com\/noticias\/#website","url":"https:\/\/colegioarquitectos.com\/noticias\/","name":"COLEGIO DE ARQUITECTOS DE CHILE","description":"","publisher":{"@id":"https:\/\/colegioarquitectos.com\/noticias\/#organization"},"potentialAction":[{"@type":"SearchAction","target":{"@type":"EntryPoint","urlTemplate":"https:\/\/colegioarquitectos.com\/noticias\/?s={search_term_string}"},"query-input":{"@type":"PropertyValueSpecification","valueRequired":true,"valueName":"search_term_string"}}],"inLanguage":"es"},{"@type":"Organization","@id":"https:\/\/colegioarquitectos.com\/noticias\/#organization","name":"COLEGIO DE ARQUITECTOS DE CHILE","url":"https:\/\/colegioarquitectos.com\/noticias\/","logo":{"@type":"ImageObject","inLanguage":"es","@id":"https:\/\/colegioarquitectos.com\/noticias\/#\/schema\/logo\/image\/","url":"https:\/\/colegioarquitectos.com\/noticias\/wp-content\/uploads\/2021\/05\/ENCABEZADO-LOGO-CA.jpg","contentUrl":"https:\/\/colegioarquitectos.com\/noticias\/wp-content\/uploads\/2021\/05\/ENCABEZADO-LOGO-CA.jpg","width":690,"height":350,"caption":"COLEGIO DE ARQUITECTOS DE CHILE"},"image":{"@id":"https:\/\/colegioarquitectos.com\/noticias\/#\/schema\/logo\/image\/"},"sameAs":["https:\/\/facebook.com\/Colegioarq\/","https:\/\/x.com\/colegioarq","https:\/\/instagram.com\/colegioarq","https:\/\/youtube.com\/@ColegiodeArquitectosdeChile"]},{"@type":"Person","@id":"https:\/\/colegioarquitectos.com\/noticias\/#\/schema\/person\/685cc0aad148303c5608f049af8285ad","name":"Colegio de Arquitectos de Chile","url":"https:\/\/colegioarquitectos.com\/noticias\/?author=4"}]}},"_links":{"self":[{"href":"https:\/\/colegioarquitectos.com\/noticias\/index.php?rest_route=\/wp\/v2\/posts\/6341","targetHints":{"allow":["GET"]}}],"collection":[{"href":"https:\/\/colegioarquitectos.com\/noticias\/index.php?rest_route=\/wp\/v2\/posts"}],"about":[{"href":"https:\/\/colegioarquitectos.com\/noticias\/index.php?rest_route=\/wp\/v2\/types\/post"}],"author":[{"embeddable":true,"href":"https:\/\/colegioarquitectos.com\/noticias\/index.php?rest_route=\/wp\/v2\/users\/4"}],"replies":[{"embeddable":true,"href":"https:\/\/colegioarquitectos.com\/noticias\/index.php?rest_route=%2Fwp%2Fv2%2Fcomments&post=6341"}],"version-history":[{"count":0,"href":"https:\/\/colegioarquitectos.com\/noticias\/index.php?rest_route=\/wp\/v2\/posts\/6341\/revisions"}],"wp:featuredmedia":[{"embeddable":true,"href":"https:\/\/colegioarquitectos.com\/noticias\/index.php?rest_route=\/wp\/v2\/media\/6342"}],"wp:attachment":[{"href":"https:\/\/colegioarquitectos.com\/noticias\/index.php?rest_route=%2Fwp%2Fv2%2Fmedia&parent=6341"}],"wp:term":[{"taxonomy":"category","embeddable":true,"href":"https:\/\/colegioarquitectos.com\/noticias\/index.php?rest_route=%2Fwp%2Fv2%2Fcategories&post=6341"},{"taxonomy":"post_tag","embeddable":true,"href":"https:\/\/colegioarquitectos.com\/noticias\/index.php?rest_route=%2Fwp%2Fv2%2Ftags&post=6341"}],"curies":[{"name":"wp","href":"https:\/\/api.w.org\/{rel}","templated":true}]}}