
{"id":6368,"date":"2014-12-17T14:57:13","date_gmt":"2014-12-17T14:57:13","guid":{"rendered":"http:\/\/colegioarquitectos.com\/?p=6368"},"modified":"2014-12-29T16:10:23","modified_gmt":"2014-12-29T16:10:23","slug":"con-la-ministra-de-cultura-y-la-directora-de-la-fundacion-futuro-se-inaugura-la-muestra-itinerante-de-arquitectura-contemporanea-en-chiloe","status":"publish","type":"post","link":"https:\/\/colegioarquitectos.com\/noticias\/?p=6368","title":{"rendered":"Con la Ministra de Cultura y la Directora de la Fundaci\u00f3n Futuro se inaugura Muestra Itinerante de Arquitectura Contempor\u00e1nea en Chilo\u00e9"},"content":{"rendered":"<p>El presidente de la Delegaci\u00f3n Chilo\u00e9 del Colegio de Arquitectos dirigi\u00f3 la instalaci\u00f3n de la Primera Muestra Itinerante de Arquitectura Contempor\u00e1nea en Chilo\u00e9, instalaciones gr\u00e1ficas que dan cuenta de interesantes proyectos de arquitectos locales en el bordemar del archipi\u00e9lago. El d\u00eda martes 15 de diciembre pudimos contar en su inauguraci\u00f3n con la Ministra de Cultura Claudia Barattini, adem\u00e1s de Magdalena Pi\u00f1era, Directora de Fundaci\u00f3n Futuro.<\/p>\n<p>Hasta el\u00a019 de diciembre estar\u00e1n expuestos los proyectos de Edward Rojas, la oficina Ort\u00fazar Gebauer Arquitectos, Vesna Yurac, Aldo Paioli, Velasco Rubio Arquitectos, L\u00e9pez Garc\u00eda, Cristi\u00e1n Torres y Serviu Los Lagos, obras proyectadas en las comunas de\u00a0Castro, Chonchi y Dalcahue.<\/p>\n<div class=\"entry-content clearfix\" style=\"color: #222222\">\n<p>Horario de visita: de 9:00 a 19:00 hrs en la Sede Nacional del Colegio de Arquitectos (Av. Libertador Bernardo O\u2019Higgins 115, Santiago).<\/p>\n\n\t\t<style type=\"text\/css\">\n\t\t\t#gallery-1 {\n\t\t\t\tmargin: auto;\n\t\t\t}\n\t\t\t#gallery-1 .gallery-item {\n\t\t\t\tfloat: left;\n\t\t\t\tmargin-top: 10px;\n\t\t\t\ttext-align: center;\n\t\t\t\twidth: 33%;\n\t\t\t}\n\t\t\t#gallery-1 img {\n\t\t\t\tborder: 2px solid #cfcfcf;\n\t\t\t}\n\t\t\t#gallery-1 .gallery-caption {\n\t\t\t\tmargin-left: 0;\n\t\t\t}\n\t\t\t\/* see gallery_shortcode() in wp-includes\/media.php *\/\n\t\t<\/style>\n\t\t<div id='gallery-1' class='gallery galleryid-6368 gallery-columns-3 gallery-size-thumbnail'><dl class='gallery-item'>\n\t\t\t<dt class='gallery-icon landscape'>\n\t\t\t\t<a href='https:\/\/colegioarquitectos.com\/noticias\/?attachment_id=6373'><img loading=\"lazy\" decoding=\"async\" width=\"180\" height=\"180\" src=\"https:\/\/colegioarquitectos.com\/noticias\/wp-content\/uploads\/2014\/12\/DSCF0133-180x180.jpg\" class=\"attachment-thumbnail size-thumbnail\" alt=\"\" \/><\/a>\n\t\t\t<\/dt><\/dl><dl class='gallery-item'>\n\t\t\t<dt class='gallery-icon landscape'>\n\t\t\t\t<a href='https:\/\/colegioarquitectos.com\/noticias\/?attachment_id=6370'><img loading=\"lazy\" decoding=\"async\" width=\"180\" height=\"180\" src=\"https:\/\/colegioarquitectos.com\/noticias\/wp-content\/uploads\/2014\/12\/DSCF0124-180x180.jpg\" class=\"attachment-thumbnail size-thumbnail\" alt=\"\" aria-describedby=\"gallery-1-6370\" \/><\/a>\n\t\t\t<\/dt>\n\t\t\t\t<dd class='wp-caption-text gallery-caption' id='gallery-1-6370'>\n\t\t\t\tEugenio Ort\u00fazar, Italo Tirachini, Mariana Ballacey, Magdalena Pi\u00f1era y Jorge Espinoza\n\t\t\t\t<\/dd><\/dl><dl class='gallery-item'>\n\t\t\t<dt class='gallery-icon landscape'>\n\t\t\t\t<a href='https:\/\/colegioarquitectos.com\/noticias\/?attachment_id=6371'><img loading=\"lazy\" decoding=\"async\" width=\"180\" height=\"180\" src=\"https:\/\/colegioarquitectos.com\/noticias\/wp-content\/uploads\/2014\/12\/DSCF0127-180x180.jpg\" class=\"attachment-thumbnail size-thumbnail\" alt=\"\" \/><\/a>\n\t\t\t<\/dt><\/dl><br style=\"clear: both\" \/><dl class='gallery-item'>\n\t\t\t<dt class='gallery-icon landscape'>\n\t\t\t\t<a href='https:\/\/colegioarquitectos.com\/noticias\/?attachment_id=6372'><img loading=\"lazy\" decoding=\"async\" width=\"180\" height=\"180\" src=\"https:\/\/colegioarquitectos.com\/noticias\/wp-content\/uploads\/2014\/12\/DSCF0130-180x180.jpg\" class=\"attachment-thumbnail size-thumbnail\" alt=\"\" \/><\/a>\n\t\t\t<\/dt><\/dl><dl class='gallery-item'>\n\t\t\t<dt class='gallery-icon landscape'>\n\t\t\t\t<a href='https:\/\/colegioarquitectos.com\/noticias\/?attachment_id=6375'><img loading=\"lazy\" decoding=\"async\" width=\"180\" height=\"180\" src=\"https:\/\/colegioarquitectos.com\/noticias\/wp-content\/uploads\/2014\/12\/DSCF01391-180x180.jpg\" class=\"attachment-thumbnail size-thumbnail\" alt=\"\" \/><\/a>\n\t\t\t<\/dt><\/dl><dl class='gallery-item'>\n\t\t\t<dt class='gallery-icon landscape'>\n\t\t\t\t<a href='https:\/\/colegioarquitectos.com\/noticias\/?attachment_id=6376'><img loading=\"lazy\" decoding=\"async\" width=\"180\" height=\"180\" src=\"https:\/\/colegioarquitectos.com\/noticias\/wp-content\/uploads\/2014\/12\/DSCF0140-180x180.jpg\" class=\"attachment-thumbnail size-thumbnail\" alt=\"\" aria-describedby=\"gallery-1-6376\" \/><\/a>\n\t\t\t<\/dt>\n\t\t\t\t<dd class='wp-caption-text gallery-caption' id='gallery-1-6376'>\n\t\t\t\tAlejandro del R\u00edo (Gerente General del Colegio de Arquitectos), Magdalena Pi\u00f1era (Directora de la Fundaci\u00f3n Futuro) y Sebasti\u00e1n Gray (Presidente del Colegio de Arquitectos)\n\t\t\t\t<\/dd><\/dl><br style=\"clear: both\" \/><dl class='gallery-item'>\n\t\t\t<dt class='gallery-icon landscape'>\n\t\t\t\t<a href='https:\/\/colegioarquitectos.com\/noticias\/?attachment_id=6377'><img loading=\"lazy\" decoding=\"async\" width=\"180\" height=\"180\" src=\"https:\/\/colegioarquitectos.com\/noticias\/wp-content\/uploads\/2014\/12\/DSCF0141-180x180.jpg\" class=\"attachment-thumbnail size-thumbnail\" alt=\"\" \/><\/a>\n\t\t\t<\/dt><\/dl><dl class='gallery-item'>\n\t\t\t<dt class='gallery-icon landscape'>\n\t\t\t\t<a href='https:\/\/colegioarquitectos.com\/noticias\/?attachment_id=6378'><img loading=\"lazy\" decoding=\"async\" width=\"180\" height=\"180\" src=\"https:\/\/colegioarquitectos.com\/noticias\/wp-content\/uploads\/2014\/12\/DSCF0142-180x180.jpg\" class=\"attachment-thumbnail size-thumbnail\" alt=\"\" aria-describedby=\"gallery-1-6378\" \/><\/a>\n\t\t\t<\/dt>\n\t\t\t\t<dd class='wp-caption-text gallery-caption' id='gallery-1-6378'>\n\t\t\t\tJorge Espinoza (Presidente de la Delegaci\u00f3n Chilo\u00e9 del Colegio de Arquitectos) y Ximena B\u00f3rquez (Directora Nacional del CA)\n\t\t\t\t<\/dd><\/dl><dl class='gallery-item'>\n\t\t\t<dt class='gallery-icon landscape'>\n\t\t\t\t<a href='https:\/\/colegioarquitectos.com\/noticias\/?attachment_id=6379'><img loading=\"lazy\" decoding=\"async\" width=\"180\" height=\"180\" src=\"https:\/\/colegioarquitectos.com\/noticias\/wp-content\/uploads\/2014\/12\/DSCF0172-180x180.jpg\" class=\"attachment-thumbnail size-thumbnail\" alt=\"\" aria-describedby=\"gallery-1-6379\" \/><\/a>\n\t\t\t<\/dt>\n\t\t\t\t<dd class='wp-caption-text gallery-caption' id='gallery-1-6379'>\n\t\t\t\tLa Ministra de Cultura Claudia Barattini\n\t\t\t\t<\/dd><\/dl><br style=\"clear: both\" \/><dl class='gallery-item'>\n\t\t\t<dt class='gallery-icon landscape'>\n\t\t\t\t<a href='https:\/\/colegioarquitectos.com\/noticias\/?attachment_id=6380'><img loading=\"lazy\" decoding=\"async\" width=\"180\" height=\"180\" src=\"https:\/\/colegioarquitectos.com\/noticias\/wp-content\/uploads\/2014\/12\/DSCF0174-180x180.jpg\" class=\"attachment-thumbnail size-thumbnail\" alt=\"\" \/><\/a>\n\t\t\t<\/dt><\/dl>\n\t\t\t<br style='clear: both' \/>\n\t\t<\/div>\n\n<p>&nbsp;<\/p>\n<\/div>\n<p><\/p>","protected":false},"excerpt":{"rendered":"<p>El presidente de la Delegaci\u00f3n Chilo\u00e9 del Colegio de Arquitectos dirigi\u00f3 la instalaci\u00f3n de la Primera Muestra Itinerante de Arquitectura Contempor\u00e1nea en Chilo\u00e9, instalaciones gr\u00e1ficas que dan cuenta de interesantes proyectos de arquitectos locales en el bordemar del archipi\u00e9lago. El &hellip; <a class=\"more-link\" href=\"https:\/\/colegioarquitectos.com\/noticias\/?p=6368\">ver m\u00e1s<\/a><\/p>","protected":false},"author":4,"featured_media":6369,"comment_status":"open","ping_status":"open","sticky":false,"template":"","format":"standard","meta":{"footnotes":""},"categories":[10,1],"tags":[],"class_list":["post-6368","post","type-post","status-publish","format-standard","has-post-thumbnail","hentry","category-delegaciones-zonales","category-sin-categoria"],"yoast_head":"<!-- This site is optimized with the Yoast SEO plugin v24.2 - https:\/\/yoast.com\/wordpress\/plugins\/seo\/ -->\n<title>Con la Ministra de Cultura y la Directora de la Fundaci\u00f3n Futuro se inaugura Muestra Itinerante de Arquitectura Contempor\u00e1nea en Chilo\u00e9 - COLEGIO DE ARQUITECTOS DE CHILE<\/title>\n<meta name=\"robots\" content=\"index, follow, max-snippet:-1, max-image-preview:large, max-video-preview:-1\" \/>\n<link rel=\"canonical\" href=\"https:\/\/colegioarquitectos.com\/noticias\/?p=6368\" \/>\n<meta property=\"og:locale\" content=\"es_ES\" \/>\n<meta property=\"og:type\" content=\"article\" \/>\n<meta property=\"og:title\" content=\"Con la Ministra de Cultura y la Directora de la Fundaci\u00f3n Futuro se inaugura Muestra Itinerante de Arquitectura Contempor\u00e1nea en Chilo\u00e9 - COLEGIO DE ARQUITECTOS DE CHILE\" \/>\n<meta property=\"og:description\" content=\"El presidente de la Delegaci\u00f3n Chilo\u00e9 del Colegio de Arquitectos dirigi\u00f3 la instalaci\u00f3n de la Primera Muestra Itinerante de Arquitectura Contempor\u00e1nea en Chilo\u00e9, instalaciones gr\u00e1ficas que dan cuenta de interesantes proyectos de arquitectos locales en el bordemar del archipi\u00e9lago. El &hellip; ver m\u00e1s\" \/>\n<meta property=\"og:url\" content=\"https:\/\/colegioarquitectos.com\/noticias\/?p=6368\" \/>\n<meta property=\"og:site_name\" content=\"COLEGIO DE ARQUITECTOS DE CHILE\" \/>\n<meta property=\"article:publisher\" content=\"https:\/\/facebook.com\/Colegioarq\/\" \/>\n<meta property=\"article:published_time\" content=\"2014-12-17T14:57:13+00:00\" \/>\n<meta property=\"article:modified_time\" content=\"2014-12-29T16:10:23+00:00\" \/>\n<meta property=\"og:image\" content=\"https:\/\/colegioarquitectos.com\/noticias\/wp-content\/uploads\/2014\/12\/DSCF0139.jpg\" \/>\n\t<meta property=\"og:image:width\" content=\"690\" \/>\n\t<meta property=\"og:image:height\" content=\"518\" \/>\n\t<meta property=\"og:image:type\" content=\"image\/jpeg\" \/>\n<meta name=\"author\" content=\"Colegio de Arquitectos de Chile\" \/>\n<meta name=\"twitter:card\" content=\"summary_large_image\" \/>\n<meta name=\"twitter:creator\" content=\"@colegioarq\" \/>\n<meta name=\"twitter:site\" content=\"@colegioarq\" \/>\n<meta name=\"twitter:label1\" content=\"Escrito por\" \/>\n\t<meta name=\"twitter:data1\" content=\"Colegio de Arquitectos de Chile\" \/>\n\t<meta name=\"twitter:label2\" content=\"Tiempo de lectura\" \/>\n\t<meta name=\"twitter:data2\" content=\"1 minuto\" \/>\n<script type=\"application\/ld+json\" class=\"yoast-schema-graph\">{\"@context\":\"https:\/\/schema.org\",\"@graph\":[{\"@type\":\"Article\",\"@id\":\"https:\/\/colegioarquitectos.com\/noticias\/?p=6368#article\",\"isPartOf\":{\"@id\":\"https:\/\/colegioarquitectos.com\/noticias\/?p=6368\"},\"author\":{\"name\":\"Colegio de Arquitectos de Chile\",\"@id\":\"https:\/\/colegioarquitectos.com\/noticias\/#\/schema\/person\/685cc0aad148303c5608f049af8285ad\"},\"headline\":\"Con la Ministra de Cultura y la Directora de la Fundaci\u00f3n Futuro se inaugura Muestra Itinerante de Arquitectura Contempor\u00e1nea en Chilo\u00e9\",\"datePublished\":\"2014-12-17T14:57:13+00:00\",\"dateModified\":\"2014-12-29T16:10:23+00:00\",\"mainEntityOfPage\":{\"@id\":\"https:\/\/colegioarquitectos.com\/noticias\/?p=6368\"},\"wordCount\":166,\"commentCount\":1,\"publisher\":{\"@id\":\"https:\/\/colegioarquitectos.com\/noticias\/#organization\"},\"image\":{\"@id\":\"https:\/\/colegioarquitectos.com\/noticias\/?p=6368#primaryimage\"},\"thumbnailUrl\":\"https:\/\/colegioarquitectos.com\/noticias\/wp-content\/uploads\/2014\/12\/DSCF0139.jpg\",\"articleSection\":[\"Delegaciones\"],\"inLanguage\":\"es\",\"potentialAction\":[{\"@type\":\"CommentAction\",\"name\":\"Comment\",\"target\":[\"https:\/\/colegioarquitectos.com\/noticias\/?p=6368#respond\"]}]},{\"@type\":\"WebPage\",\"@id\":\"https:\/\/colegioarquitectos.com\/noticias\/?p=6368\",\"url\":\"https:\/\/colegioarquitectos.com\/noticias\/?p=6368\",\"name\":\"Con la Ministra de Cultura y la Directora de la Fundaci\u00f3n Futuro se inaugura Muestra Itinerante de Arquitectura Contempor\u00e1nea en Chilo\u00e9 - COLEGIO DE ARQUITECTOS DE CHILE\",\"isPartOf\":{\"@id\":\"https:\/\/colegioarquitectos.com\/noticias\/#website\"},\"primaryImageOfPage\":{\"@id\":\"https:\/\/colegioarquitectos.com\/noticias\/?p=6368#primaryimage\"},\"image\":{\"@id\":\"https:\/\/colegioarquitectos.com\/noticias\/?p=6368#primaryimage\"},\"thumbnailUrl\":\"https:\/\/colegioarquitectos.com\/noticias\/wp-content\/uploads\/2014\/12\/DSCF0139.jpg\",\"datePublished\":\"2014-12-17T14:57:13+00:00\",\"dateModified\":\"2014-12-29T16:10:23+00:00\",\"breadcrumb\":{\"@id\":\"https:\/\/colegioarquitectos.com\/noticias\/?p=6368#breadcrumb\"},\"inLanguage\":\"es\",\"potentialAction\":[{\"@type\":\"ReadAction\",\"target\":[\"https:\/\/colegioarquitectos.com\/noticias\/?p=6368\"]}]},{\"@type\":\"ImageObject\",\"inLanguage\":\"es\",\"@id\":\"https:\/\/colegioarquitectos.com\/noticias\/?p=6368#primaryimage\",\"url\":\"https:\/\/colegioarquitectos.com\/noticias\/wp-content\/uploads\/2014\/12\/DSCF0139.jpg\",\"contentUrl\":\"https:\/\/colegioarquitectos.com\/noticias\/wp-content\/uploads\/2014\/12\/DSCF0139.jpg\",\"width\":690,\"height\":518},{\"@type\":\"BreadcrumbList\",\"@id\":\"https:\/\/colegioarquitectos.com\/noticias\/?p=6368#breadcrumb\",\"itemListElement\":[{\"@type\":\"ListItem\",\"position\":1,\"name\":\"Portada\",\"item\":\"https:\/\/colegioarquitectos.com\/noticias\"},{\"@type\":\"ListItem\",\"position\":2,\"name\":\"Con la Ministra de Cultura y la Directora de la Fundaci\u00f3n Futuro se inaugura Muestra Itinerante de Arquitectura Contempor\u00e1nea en Chilo\u00e9\"}]},{\"@type\":\"WebSite\",\"@id\":\"https:\/\/colegioarquitectos.com\/noticias\/#website\",\"url\":\"https:\/\/colegioarquitectos.com\/noticias\/\",\"name\":\"COLEGIO DE ARQUITECTOS DE CHILE\",\"description\":\"\",\"publisher\":{\"@id\":\"https:\/\/colegioarquitectos.com\/noticias\/#organization\"},\"potentialAction\":[{\"@type\":\"SearchAction\",\"target\":{\"@type\":\"EntryPoint\",\"urlTemplate\":\"https:\/\/colegioarquitectos.com\/noticias\/?s={search_term_string}\"},\"query-input\":{\"@type\":\"PropertyValueSpecification\",\"valueRequired\":true,\"valueName\":\"search_term_string\"}}],\"inLanguage\":\"es\"},{\"@type\":\"Organization\",\"@id\":\"https:\/\/colegioarquitectos.com\/noticias\/#organization\",\"name\":\"COLEGIO DE ARQUITECTOS DE CHILE\",\"url\":\"https:\/\/colegioarquitectos.com\/noticias\/\",\"logo\":{\"@type\":\"ImageObject\",\"inLanguage\":\"es\",\"@id\":\"https:\/\/colegioarquitectos.com\/noticias\/#\/schema\/logo\/image\/\",\"url\":\"https:\/\/colegioarquitectos.com\/noticias\/wp-content\/uploads\/2021\/05\/ENCABEZADO-LOGO-CA.jpg\",\"contentUrl\":\"https:\/\/colegioarquitectos.com\/noticias\/wp-content\/uploads\/2021\/05\/ENCABEZADO-LOGO-CA.jpg\",\"width\":690,\"height\":350,\"caption\":\"COLEGIO DE ARQUITECTOS DE CHILE\"},\"image\":{\"@id\":\"https:\/\/colegioarquitectos.com\/noticias\/#\/schema\/logo\/image\/\"},\"sameAs\":[\"https:\/\/facebook.com\/Colegioarq\/\",\"https:\/\/x.com\/colegioarq\",\"https:\/\/instagram.com\/colegioarq\",\"https:\/\/youtube.com\/@ColegiodeArquitectosdeChile\"]},{\"@type\":\"Person\",\"@id\":\"https:\/\/colegioarquitectos.com\/noticias\/#\/schema\/person\/685cc0aad148303c5608f049af8285ad\",\"name\":\"Colegio de Arquitectos de Chile\",\"url\":\"https:\/\/colegioarquitectos.com\/noticias\/?author=4\"}]}<\/script>\n<!-- \/ Yoast SEO plugin. -->","yoast_head_json":{"title":"Con la Ministra de Cultura y la Directora de la Fundaci\u00f3n Futuro se inaugura Muestra Itinerante de Arquitectura Contempor\u00e1nea en Chilo\u00e9 - COLEGIO DE ARQUITECTOS DE CHILE","robots":{"index":"index","follow":"follow","max-snippet":"max-snippet:-1","max-image-preview":"max-image-preview:large","max-video-preview":"max-video-preview:-1"},"canonical":"https:\/\/colegioarquitectos.com\/noticias\/?p=6368","og_locale":"es_ES","og_type":"article","og_title":"Con la Ministra de Cultura y la Directora de la Fundaci\u00f3n Futuro se inaugura Muestra Itinerante de Arquitectura Contempor\u00e1nea en Chilo\u00e9 - COLEGIO DE ARQUITECTOS DE CHILE","og_description":"El presidente de la Delegaci\u00f3n Chilo\u00e9 del Colegio de Arquitectos dirigi\u00f3 la instalaci\u00f3n de la Primera Muestra Itinerante de Arquitectura Contempor\u00e1nea en Chilo\u00e9, instalaciones gr\u00e1ficas que dan cuenta de interesantes proyectos de arquitectos locales en el bordemar del archipi\u00e9lago. El &hellip; ver m\u00e1s","og_url":"https:\/\/colegioarquitectos.com\/noticias\/?p=6368","og_site_name":"COLEGIO DE ARQUITECTOS DE CHILE","article_publisher":"https:\/\/facebook.com\/Colegioarq\/","article_published_time":"2014-12-17T14:57:13+00:00","article_modified_time":"2014-12-29T16:10:23+00:00","og_image":[{"width":690,"height":518,"url":"https:\/\/colegioarquitectos.com\/noticias\/wp-content\/uploads\/2014\/12\/DSCF0139.jpg","type":"image\/jpeg"}],"author":"Colegio de Arquitectos de Chile","twitter_card":"summary_large_image","twitter_creator":"@colegioarq","twitter_site":"@colegioarq","twitter_misc":{"Escrito por":"Colegio de Arquitectos de Chile","Tiempo de lectura":"1 minuto"},"schema":{"@context":"https:\/\/schema.org","@graph":[{"@type":"Article","@id":"https:\/\/colegioarquitectos.com\/noticias\/?p=6368#article","isPartOf":{"@id":"https:\/\/colegioarquitectos.com\/noticias\/?p=6368"},"author":{"name":"Colegio de Arquitectos de Chile","@id":"https:\/\/colegioarquitectos.com\/noticias\/#\/schema\/person\/685cc0aad148303c5608f049af8285ad"},"headline":"Con la Ministra de Cultura y la Directora de la Fundaci\u00f3n Futuro se inaugura Muestra Itinerante de Arquitectura Contempor\u00e1nea en Chilo\u00e9","datePublished":"2014-12-17T14:57:13+00:00","dateModified":"2014-12-29T16:10:23+00:00","mainEntityOfPage":{"@id":"https:\/\/colegioarquitectos.com\/noticias\/?p=6368"},"wordCount":166,"commentCount":1,"publisher":{"@id":"https:\/\/colegioarquitectos.com\/noticias\/#organization"},"image":{"@id":"https:\/\/colegioarquitectos.com\/noticias\/?p=6368#primaryimage"},"thumbnailUrl":"https:\/\/colegioarquitectos.com\/noticias\/wp-content\/uploads\/2014\/12\/DSCF0139.jpg","articleSection":["Delegaciones"],"inLanguage":"es","potentialAction":[{"@type":"CommentAction","name":"Comment","target":["https:\/\/colegioarquitectos.com\/noticias\/?p=6368#respond"]}]},{"@type":"WebPage","@id":"https:\/\/colegioarquitectos.com\/noticias\/?p=6368","url":"https:\/\/colegioarquitectos.com\/noticias\/?p=6368","name":"Con la Ministra de Cultura y la Directora de la Fundaci\u00f3n Futuro se inaugura Muestra Itinerante de Arquitectura Contempor\u00e1nea en Chilo\u00e9 - COLEGIO DE ARQUITECTOS DE CHILE","isPartOf":{"@id":"https:\/\/colegioarquitectos.com\/noticias\/#website"},"primaryImageOfPage":{"@id":"https:\/\/colegioarquitectos.com\/noticias\/?p=6368#primaryimage"},"image":{"@id":"https:\/\/colegioarquitectos.com\/noticias\/?p=6368#primaryimage"},"thumbnailUrl":"https:\/\/colegioarquitectos.com\/noticias\/wp-content\/uploads\/2014\/12\/DSCF0139.jpg","datePublished":"2014-12-17T14:57:13+00:00","dateModified":"2014-12-29T16:10:23+00:00","breadcrumb":{"@id":"https:\/\/colegioarquitectos.com\/noticias\/?p=6368#breadcrumb"},"inLanguage":"es","potentialAction":[{"@type":"ReadAction","target":["https:\/\/colegioarquitectos.com\/noticias\/?p=6368"]}]},{"@type":"ImageObject","inLanguage":"es","@id":"https:\/\/colegioarquitectos.com\/noticias\/?p=6368#primaryimage","url":"https:\/\/colegioarquitectos.com\/noticias\/wp-content\/uploads\/2014\/12\/DSCF0139.jpg","contentUrl":"https:\/\/colegioarquitectos.com\/noticias\/wp-content\/uploads\/2014\/12\/DSCF0139.jpg","width":690,"height":518},{"@type":"BreadcrumbList","@id":"https:\/\/colegioarquitectos.com\/noticias\/?p=6368#breadcrumb","itemListElement":[{"@type":"ListItem","position":1,"name":"Portada","item":"https:\/\/colegioarquitectos.com\/noticias"},{"@type":"ListItem","position":2,"name":"Con la Ministra de Cultura y la Directora de la Fundaci\u00f3n Futuro se inaugura Muestra Itinerante de Arquitectura Contempor\u00e1nea en Chilo\u00e9"}]},{"@type":"WebSite","@id":"https:\/\/colegioarquitectos.com\/noticias\/#website","url":"https:\/\/colegioarquitectos.com\/noticias\/","name":"COLEGIO DE ARQUITECTOS DE CHILE","description":"","publisher":{"@id":"https:\/\/colegioarquitectos.com\/noticias\/#organization"},"potentialAction":[{"@type":"SearchAction","target":{"@type":"EntryPoint","urlTemplate":"https:\/\/colegioarquitectos.com\/noticias\/?s={search_term_string}"},"query-input":{"@type":"PropertyValueSpecification","valueRequired":true,"valueName":"search_term_string"}}],"inLanguage":"es"},{"@type":"Organization","@id":"https:\/\/colegioarquitectos.com\/noticias\/#organization","name":"COLEGIO DE ARQUITECTOS DE CHILE","url":"https:\/\/colegioarquitectos.com\/noticias\/","logo":{"@type":"ImageObject","inLanguage":"es","@id":"https:\/\/colegioarquitectos.com\/noticias\/#\/schema\/logo\/image\/","url":"https:\/\/colegioarquitectos.com\/noticias\/wp-content\/uploads\/2021\/05\/ENCABEZADO-LOGO-CA.jpg","contentUrl":"https:\/\/colegioarquitectos.com\/noticias\/wp-content\/uploads\/2021\/05\/ENCABEZADO-LOGO-CA.jpg","width":690,"height":350,"caption":"COLEGIO DE ARQUITECTOS DE CHILE"},"image":{"@id":"https:\/\/colegioarquitectos.com\/noticias\/#\/schema\/logo\/image\/"},"sameAs":["https:\/\/facebook.com\/Colegioarq\/","https:\/\/x.com\/colegioarq","https:\/\/instagram.com\/colegioarq","https:\/\/youtube.com\/@ColegiodeArquitectosdeChile"]},{"@type":"Person","@id":"https:\/\/colegioarquitectos.com\/noticias\/#\/schema\/person\/685cc0aad148303c5608f049af8285ad","name":"Colegio de Arquitectos de Chile","url":"https:\/\/colegioarquitectos.com\/noticias\/?author=4"}]}},"_links":{"self":[{"href":"https:\/\/colegioarquitectos.com\/noticias\/index.php?rest_route=\/wp\/v2\/posts\/6368","targetHints":{"allow":["GET"]}}],"collection":[{"href":"https:\/\/colegioarquitectos.com\/noticias\/index.php?rest_route=\/wp\/v2\/posts"}],"about":[{"href":"https:\/\/colegioarquitectos.com\/noticias\/index.php?rest_route=\/wp\/v2\/types\/post"}],"author":[{"embeddable":true,"href":"https:\/\/colegioarquitectos.com\/noticias\/index.php?rest_route=\/wp\/v2\/users\/4"}],"replies":[{"embeddable":true,"href":"https:\/\/colegioarquitectos.com\/noticias\/index.php?rest_route=%2Fwp%2Fv2%2Fcomments&post=6368"}],"version-history":[{"count":0,"href":"https:\/\/colegioarquitectos.com\/noticias\/index.php?rest_route=\/wp\/v2\/posts\/6368\/revisions"}],"wp:featuredmedia":[{"embeddable":true,"href":"https:\/\/colegioarquitectos.com\/noticias\/index.php?rest_route=\/wp\/v2\/media\/6369"}],"wp:attachment":[{"href":"https:\/\/colegioarquitectos.com\/noticias\/index.php?rest_route=%2Fwp%2Fv2%2Fmedia&parent=6368"}],"wp:term":[{"taxonomy":"category","embeddable":true,"href":"https:\/\/colegioarquitectos.com\/noticias\/index.php?rest_route=%2Fwp%2Fv2%2Fcategories&post=6368"},{"taxonomy":"post_tag","embeddable":true,"href":"https:\/\/colegioarquitectos.com\/noticias\/index.php?rest_route=%2Fwp%2Fv2%2Ftags&post=6368"}],"curies":[{"name":"wp","href":"https:\/\/api.w.org\/{rel}","templated":true}]}}