
{"id":641,"date":"2012-03-29T09:50:19","date_gmt":"2012-03-29T09:50:19","guid":{"rendered":"http:\/\/colegioarquitectos.com\/noticias\/?p=641"},"modified":"2012-04-26T15:55:52","modified_gmt":"2012-04-26T15:55:52","slug":"chile-gbc-define-creditos-que-seran-considerados-como-prioridad-regional-local-para-la-certificacion-leed","status":"publish","type":"post","link":"https:\/\/colegioarquitectos.com\/noticias\/?p=641","title":{"rendered":"Chile GBC define cr\u00e9ditos que ser\u00e1n considerados como Prioridad Regional local para la Certificaci\u00f3n LEED\u00ae"},"content":{"rendered":"<p style=\"text-align: justify;\"><em><strong>Fuente: GBC Chile<\/strong><\/em><\/p>\n<p style=\"text-align: justify;\"><strong>Dentro de las \u00e1reas de evaluaci\u00f3n LEED\u00ae, tales como <\/strong>Ahorro en el uso del Agua; Materiales y Recursos; Sitios Sustentables; Calidad del Ambiente Interior; Energ\u00eda y Atm\u00f3sfera; y la Innovaci\u00f3n en el Dise\u00f1o del Proyecto, existe tambi\u00e9n un criterio de Prioridad Regional que prioriza un proyecto de acuerdo a la zona donde se est\u00e9 construyendo.<\/p>\n<p style=\"text-align: justify;\">En este sentido, Chile <strong>Green Building<\/strong>Council se propuso evaluar la prioridad regional para el pa\u00eds, idea planteada en el \u00faltimo LEED\u00ae International Roundtable, realizado en octubre pasado en Toronto, Canad\u00e1.<\/p>\n<p style=\"text-align: justify;\">Para ello, el Comit\u00e9 T\u00e9cnico del Directorio de Chile GBC encabez\u00f3 una serie de reuniones con asesores LEED\u00ae y profesionales del \u00e1rea, con la finalidad de abordar las necesidades y potencialidades a nivel nacional, las que se basaron en los documentos Mejores Pol\u00edticas para el Desarrollo (OCDE 2011); Proyecto 20\/20 y Agenda para el Cambio Clim\u00e1tico, Cumbre de Durban (Instituto Libertad y Desarrollo); Diagn\u00f3stico Nacional de Edificios P\u00fablicos (Instituto de la Construcci\u00f3n); Estrategia Nacional de Energ\u00eda (Gobierno de Chile); entre otros.<\/p>\n<p style=\"text-align: justify;\">Luego del trabajo y an\u00e1lisis efectuado, se identificaron 6 \u00e1reas a priorizar en base a las necesidades locales: Trabajo; Descentralizaci\u00f3n; Calidad de Vida; Eficiencia Energ\u00e9tica; Recurso H\u00eddrico y Manejo de Residuos.<\/p>\n<p style=\"text-align: justify;\">Jos\u00e9 Ignacio Gana, Gerente T\u00e9cnico del Chile GBC, se\u00f1al\u00f3 que, \u201cfinalmente y luego de un exhaustivo an\u00e1lisis logramos seleccionar los siguientes cr\u00e9ditos: <strong>Cr\u00e9dito MR 5<\/strong> (Materiales Regionales), <strong>Cr\u00e9dito SS 7,2<\/strong> (Efecto Isla de Calor, Espacios Cubiertos), <strong>Cr\u00e9dito IEQ 8,1<\/strong> (Luz natural y Vistas, Luz Natural), <strong>Cr\u00e9dito EA 2<\/strong> (Energ\u00edas Renovables dentro del Sitio), <strong>Cr\u00e9dito WE 3<\/strong> (Reducci\u00f3n del uso del Agua) y <strong>Cr\u00e9dito MR 2<\/strong> (Manejo de Residuos de Construcci\u00f3n). Se podr\u00e1 acceder a la puntuaci\u00f3n a trav\u00e9s de estos cr\u00e9ditos (Regional Priority Credits) a finales de mayo, en base a lo informado por el USGBC\u201d.<\/p>\n<p>&nbsp;<\/p>\n<p>&nbsp;<\/p>\n<p>&nbsp;<\/p>\n<p><\/p>","protected":false},"excerpt":{"rendered":"<p>Fuente: GBC Chile Dentro de las \u00e1reas de evaluaci\u00f3n LEED\u00ae, tales como Ahorro en el uso del Agua; Materiales y Recursos; Sitios Sustentables; Calidad del Ambiente Interior; Energ\u00eda y Atm\u00f3sfera; y la Innovaci\u00f3n en el Dise\u00f1o del Proyecto, existe tambi\u00e9n &hellip; <a class=\"more-link\" href=\"https:\/\/colegioarquitectos.com\/noticias\/?p=641\">ver m\u00e1s<\/a><\/p>","protected":false},"author":1,"featured_media":0,"comment_status":"open","ping_status":"open","sticky":false,"template":"","format":"standard","meta":{"footnotes":""},"categories":[3],"tags":[],"class_list":["post-641","post","type-post","status-publish","format-standard","hentry","category-noticias"],"yoast_head":"<!-- This site is optimized with the Yoast SEO plugin v24.2 - https:\/\/yoast.com\/wordpress\/plugins\/seo\/ -->\n<title>Chile GBC define cr\u00e9ditos que ser\u00e1n considerados como Prioridad Regional local para la Certificaci\u00f3n LEED\u00ae - COLEGIO DE ARQUITECTOS DE CHILE<\/title>\n<meta name=\"robots\" content=\"index, follow, max-snippet:-1, max-image-preview:large, max-video-preview:-1\" \/>\n<link rel=\"canonical\" href=\"https:\/\/colegioarquitectos.com\/noticias\/?p=641\" \/>\n<meta property=\"og:locale\" content=\"es_ES\" \/>\n<meta property=\"og:type\" content=\"article\" \/>\n<meta property=\"og:title\" content=\"Chile GBC define cr\u00e9ditos que ser\u00e1n considerados como Prioridad Regional local para la Certificaci\u00f3n LEED\u00ae - COLEGIO DE ARQUITECTOS DE CHILE\" \/>\n<meta property=\"og:description\" content=\"Fuente: GBC Chile Dentro de las \u00e1reas de evaluaci\u00f3n LEED\u00ae, tales como Ahorro en el uso del Agua; Materiales y Recursos; Sitios Sustentables; Calidad del Ambiente Interior; Energ\u00eda y Atm\u00f3sfera; y la Innovaci\u00f3n en el Dise\u00f1o del Proyecto, existe tambi\u00e9n &hellip; ver m\u00e1s\" \/>\n<meta property=\"og:url\" content=\"https:\/\/colegioarquitectos.com\/noticias\/?p=641\" \/>\n<meta property=\"og:site_name\" content=\"COLEGIO DE ARQUITECTOS DE CHILE\" \/>\n<meta property=\"article:publisher\" content=\"https:\/\/facebook.com\/Colegioarq\/\" \/>\n<meta property=\"article:published_time\" content=\"2012-03-29T09:50:19+00:00\" \/>\n<meta property=\"article:modified_time\" content=\"2012-04-26T15:55:52+00:00\" \/>\n<meta name=\"author\" content=\"Gabriel Salgado S.\" \/>\n<meta name=\"twitter:card\" content=\"summary_large_image\" \/>\n<meta name=\"twitter:creator\" content=\"@colegioarq\" \/>\n<meta name=\"twitter:site\" content=\"@colegioarq\" \/>\n<meta name=\"twitter:label1\" content=\"Escrito por\" \/>\n\t<meta name=\"twitter:data1\" content=\"Gabriel Salgado S.\" \/>\n\t<meta name=\"twitter:label2\" content=\"Tiempo de lectura\" \/>\n\t<meta name=\"twitter:data2\" content=\"2 minutos\" \/>\n<script type=\"application\/ld+json\" class=\"yoast-schema-graph\">{\"@context\":\"https:\/\/schema.org\",\"@graph\":[{\"@type\":\"Article\",\"@id\":\"https:\/\/colegioarquitectos.com\/noticias\/?p=641#article\",\"isPartOf\":{\"@id\":\"https:\/\/colegioarquitectos.com\/noticias\/?p=641\"},\"author\":{\"name\":\"Gabriel Salgado S.\",\"@id\":\"https:\/\/colegioarquitectos.com\/noticias\/#\/schema\/person\/b6c7e912cd1283c089114093ed09741f\"},\"headline\":\"Chile GBC define cr\u00e9ditos que ser\u00e1n considerados como Prioridad Regional local para la Certificaci\u00f3n LEED\u00ae\",\"datePublished\":\"2012-03-29T09:50:19+00:00\",\"dateModified\":\"2012-04-26T15:55:52+00:00\",\"mainEntityOfPage\":{\"@id\":\"https:\/\/colegioarquitectos.com\/noticias\/?p=641\"},\"wordCount\":342,\"commentCount\":0,\"publisher\":{\"@id\":\"https:\/\/colegioarquitectos.com\/noticias\/#organization\"},\"articleSection\":[\"Noticias\"],\"inLanguage\":\"es\",\"potentialAction\":[{\"@type\":\"CommentAction\",\"name\":\"Comment\",\"target\":[\"https:\/\/colegioarquitectos.com\/noticias\/?p=641#respond\"]}]},{\"@type\":\"WebPage\",\"@id\":\"https:\/\/colegioarquitectos.com\/noticias\/?p=641\",\"url\":\"https:\/\/colegioarquitectos.com\/noticias\/?p=641\",\"name\":\"Chile GBC define cr\u00e9ditos que ser\u00e1n considerados como Prioridad Regional local para la Certificaci\u00f3n LEED\u00ae - COLEGIO DE ARQUITECTOS DE CHILE\",\"isPartOf\":{\"@id\":\"https:\/\/colegioarquitectos.com\/noticias\/#website\"},\"datePublished\":\"2012-03-29T09:50:19+00:00\",\"dateModified\":\"2012-04-26T15:55:52+00:00\",\"breadcrumb\":{\"@id\":\"https:\/\/colegioarquitectos.com\/noticias\/?p=641#breadcrumb\"},\"inLanguage\":\"es\",\"potentialAction\":[{\"@type\":\"ReadAction\",\"target\":[\"https:\/\/colegioarquitectos.com\/noticias\/?p=641\"]}]},{\"@type\":\"BreadcrumbList\",\"@id\":\"https:\/\/colegioarquitectos.com\/noticias\/?p=641#breadcrumb\",\"itemListElement\":[{\"@type\":\"ListItem\",\"position\":1,\"name\":\"Portada\",\"item\":\"https:\/\/colegioarquitectos.com\/noticias\"},{\"@type\":\"ListItem\",\"position\":2,\"name\":\"Chile GBC define cr\u00e9ditos que ser\u00e1n considerados como Prioridad Regional local para la Certificaci\u00f3n LEED\u00ae\"}]},{\"@type\":\"WebSite\",\"@id\":\"https:\/\/colegioarquitectos.com\/noticias\/#website\",\"url\":\"https:\/\/colegioarquitectos.com\/noticias\/\",\"name\":\"COLEGIO DE ARQUITECTOS DE CHILE\",\"description\":\"\",\"publisher\":{\"@id\":\"https:\/\/colegioarquitectos.com\/noticias\/#organization\"},\"potentialAction\":[{\"@type\":\"SearchAction\",\"target\":{\"@type\":\"EntryPoint\",\"urlTemplate\":\"https:\/\/colegioarquitectos.com\/noticias\/?s={search_term_string}\"},\"query-input\":{\"@type\":\"PropertyValueSpecification\",\"valueRequired\":true,\"valueName\":\"search_term_string\"}}],\"inLanguage\":\"es\"},{\"@type\":\"Organization\",\"@id\":\"https:\/\/colegioarquitectos.com\/noticias\/#organization\",\"name\":\"COLEGIO DE ARQUITECTOS DE CHILE\",\"url\":\"https:\/\/colegioarquitectos.com\/noticias\/\",\"logo\":{\"@type\":\"ImageObject\",\"inLanguage\":\"es\",\"@id\":\"https:\/\/colegioarquitectos.com\/noticias\/#\/schema\/logo\/image\/\",\"url\":\"https:\/\/colegioarquitectos.com\/noticias\/wp-content\/uploads\/2021\/05\/ENCABEZADO-LOGO-CA.jpg\",\"contentUrl\":\"https:\/\/colegioarquitectos.com\/noticias\/wp-content\/uploads\/2021\/05\/ENCABEZADO-LOGO-CA.jpg\",\"width\":690,\"height\":350,\"caption\":\"COLEGIO DE ARQUITECTOS DE CHILE\"},\"image\":{\"@id\":\"https:\/\/colegioarquitectos.com\/noticias\/#\/schema\/logo\/image\/\"},\"sameAs\":[\"https:\/\/facebook.com\/Colegioarq\/\",\"https:\/\/x.com\/colegioarq\",\"https:\/\/instagram.com\/colegioarq\",\"https:\/\/youtube.com\/@ColegiodeArquitectosdeChile\"]},{\"@type\":\"Person\",\"@id\":\"https:\/\/colegioarquitectos.com\/noticias\/#\/schema\/person\/b6c7e912cd1283c089114093ed09741f\",\"name\":\"Gabriel Salgado S.\",\"url\":\"https:\/\/colegioarquitectos.com\/noticias\/?author=1\"}]}<\/script>\n<!-- \/ Yoast SEO plugin. -->","yoast_head_json":{"title":"Chile GBC define cr\u00e9ditos que ser\u00e1n considerados como Prioridad Regional local para la Certificaci\u00f3n LEED\u00ae - COLEGIO DE ARQUITECTOS DE CHILE","robots":{"index":"index","follow":"follow","max-snippet":"max-snippet:-1","max-image-preview":"max-image-preview:large","max-video-preview":"max-video-preview:-1"},"canonical":"https:\/\/colegioarquitectos.com\/noticias\/?p=641","og_locale":"es_ES","og_type":"article","og_title":"Chile GBC define cr\u00e9ditos que ser\u00e1n considerados como Prioridad Regional local para la Certificaci\u00f3n LEED\u00ae - COLEGIO DE ARQUITECTOS DE CHILE","og_description":"Fuente: GBC Chile Dentro de las \u00e1reas de evaluaci\u00f3n LEED\u00ae, tales como Ahorro en el uso del Agua; Materiales y Recursos; Sitios Sustentables; Calidad del Ambiente Interior; Energ\u00eda y Atm\u00f3sfera; y la Innovaci\u00f3n en el Dise\u00f1o del Proyecto, existe tambi\u00e9n &hellip; ver m\u00e1s","og_url":"https:\/\/colegioarquitectos.com\/noticias\/?p=641","og_site_name":"COLEGIO DE ARQUITECTOS DE CHILE","article_publisher":"https:\/\/facebook.com\/Colegioarq\/","article_published_time":"2012-03-29T09:50:19+00:00","article_modified_time":"2012-04-26T15:55:52+00:00","author":"Gabriel Salgado S.","twitter_card":"summary_large_image","twitter_creator":"@colegioarq","twitter_site":"@colegioarq","twitter_misc":{"Escrito por":"Gabriel Salgado S.","Tiempo de lectura":"2 minutos"},"schema":{"@context":"https:\/\/schema.org","@graph":[{"@type":"Article","@id":"https:\/\/colegioarquitectos.com\/noticias\/?p=641#article","isPartOf":{"@id":"https:\/\/colegioarquitectos.com\/noticias\/?p=641"},"author":{"name":"Gabriel Salgado S.","@id":"https:\/\/colegioarquitectos.com\/noticias\/#\/schema\/person\/b6c7e912cd1283c089114093ed09741f"},"headline":"Chile GBC define cr\u00e9ditos que ser\u00e1n considerados como Prioridad Regional local para la Certificaci\u00f3n LEED\u00ae","datePublished":"2012-03-29T09:50:19+00:00","dateModified":"2012-04-26T15:55:52+00:00","mainEntityOfPage":{"@id":"https:\/\/colegioarquitectos.com\/noticias\/?p=641"},"wordCount":342,"commentCount":0,"publisher":{"@id":"https:\/\/colegioarquitectos.com\/noticias\/#organization"},"articleSection":["Noticias"],"inLanguage":"es","potentialAction":[{"@type":"CommentAction","name":"Comment","target":["https:\/\/colegioarquitectos.com\/noticias\/?p=641#respond"]}]},{"@type":"WebPage","@id":"https:\/\/colegioarquitectos.com\/noticias\/?p=641","url":"https:\/\/colegioarquitectos.com\/noticias\/?p=641","name":"Chile GBC define cr\u00e9ditos que ser\u00e1n considerados como Prioridad Regional local para la Certificaci\u00f3n LEED\u00ae - COLEGIO DE ARQUITECTOS DE CHILE","isPartOf":{"@id":"https:\/\/colegioarquitectos.com\/noticias\/#website"},"datePublished":"2012-03-29T09:50:19+00:00","dateModified":"2012-04-26T15:55:52+00:00","breadcrumb":{"@id":"https:\/\/colegioarquitectos.com\/noticias\/?p=641#breadcrumb"},"inLanguage":"es","potentialAction":[{"@type":"ReadAction","target":["https:\/\/colegioarquitectos.com\/noticias\/?p=641"]}]},{"@type":"BreadcrumbList","@id":"https:\/\/colegioarquitectos.com\/noticias\/?p=641#breadcrumb","itemListElement":[{"@type":"ListItem","position":1,"name":"Portada","item":"https:\/\/colegioarquitectos.com\/noticias"},{"@type":"ListItem","position":2,"name":"Chile GBC define cr\u00e9ditos que ser\u00e1n considerados como Prioridad Regional local para la Certificaci\u00f3n LEED\u00ae"}]},{"@type":"WebSite","@id":"https:\/\/colegioarquitectos.com\/noticias\/#website","url":"https:\/\/colegioarquitectos.com\/noticias\/","name":"COLEGIO DE ARQUITECTOS DE CHILE","description":"","publisher":{"@id":"https:\/\/colegioarquitectos.com\/noticias\/#organization"},"potentialAction":[{"@type":"SearchAction","target":{"@type":"EntryPoint","urlTemplate":"https:\/\/colegioarquitectos.com\/noticias\/?s={search_term_string}"},"query-input":{"@type":"PropertyValueSpecification","valueRequired":true,"valueName":"search_term_string"}}],"inLanguage":"es"},{"@type":"Organization","@id":"https:\/\/colegioarquitectos.com\/noticias\/#organization","name":"COLEGIO DE ARQUITECTOS DE CHILE","url":"https:\/\/colegioarquitectos.com\/noticias\/","logo":{"@type":"ImageObject","inLanguage":"es","@id":"https:\/\/colegioarquitectos.com\/noticias\/#\/schema\/logo\/image\/","url":"https:\/\/colegioarquitectos.com\/noticias\/wp-content\/uploads\/2021\/05\/ENCABEZADO-LOGO-CA.jpg","contentUrl":"https:\/\/colegioarquitectos.com\/noticias\/wp-content\/uploads\/2021\/05\/ENCABEZADO-LOGO-CA.jpg","width":690,"height":350,"caption":"COLEGIO DE ARQUITECTOS DE CHILE"},"image":{"@id":"https:\/\/colegioarquitectos.com\/noticias\/#\/schema\/logo\/image\/"},"sameAs":["https:\/\/facebook.com\/Colegioarq\/","https:\/\/x.com\/colegioarq","https:\/\/instagram.com\/colegioarq","https:\/\/youtube.com\/@ColegiodeArquitectosdeChile"]},{"@type":"Person","@id":"https:\/\/colegioarquitectos.com\/noticias\/#\/schema\/person\/b6c7e912cd1283c089114093ed09741f","name":"Gabriel Salgado S.","url":"https:\/\/colegioarquitectos.com\/noticias\/?author=1"}]}},"_links":{"self":[{"href":"https:\/\/colegioarquitectos.com\/noticias\/index.php?rest_route=\/wp\/v2\/posts\/641","targetHints":{"allow":["GET"]}}],"collection":[{"href":"https:\/\/colegioarquitectos.com\/noticias\/index.php?rest_route=\/wp\/v2\/posts"}],"about":[{"href":"https:\/\/colegioarquitectos.com\/noticias\/index.php?rest_route=\/wp\/v2\/types\/post"}],"author":[{"embeddable":true,"href":"https:\/\/colegioarquitectos.com\/noticias\/index.php?rest_route=\/wp\/v2\/users\/1"}],"replies":[{"embeddable":true,"href":"https:\/\/colegioarquitectos.com\/noticias\/index.php?rest_route=%2Fwp%2Fv2%2Fcomments&post=641"}],"version-history":[{"count":0,"href":"https:\/\/colegioarquitectos.com\/noticias\/index.php?rest_route=\/wp\/v2\/posts\/641\/revisions"}],"wp:attachment":[{"href":"https:\/\/colegioarquitectos.com\/noticias\/index.php?rest_route=%2Fwp%2Fv2%2Fmedia&parent=641"}],"wp:term":[{"taxonomy":"category","embeddable":true,"href":"https:\/\/colegioarquitectos.com\/noticias\/index.php?rest_route=%2Fwp%2Fv2%2Fcategories&post=641"},{"taxonomy":"post_tag","embeddable":true,"href":"https:\/\/colegioarquitectos.com\/noticias\/index.php?rest_route=%2Fwp%2Fv2%2Ftags&post=641"}],"curies":[{"name":"wp","href":"https:\/\/api.w.org\/{rel}","templated":true}]}}