
{"id":6444,"date":"2014-12-23T13:14:00","date_gmt":"2014-12-23T13:14:00","guid":{"rendered":"http:\/\/colegioarquitectos.com\/?p=6444"},"modified":"2014-12-23T13:14:00","modified_gmt":"2014-12-23T13:14:00","slug":"consejo-de-desarrollo-urbano-propondra-a-la-presidenta-de-la-republica-revisar-impuestos-territoriales-y-contribuciones-ademas-de-la-creacion-de-nuevos-servicios-regionales-de-urbanismo","status":"publish","type":"post","link":"https:\/\/colegioarquitectos.com\/noticias\/?p=6444","title":{"rendered":"Consejo de Desarrollo Urbano propondr\u00e1 a la Presidenta de la Rep\u00fablica revisar impuestos territoriales y contribuciones, adem\u00e1s de la creaci\u00f3n de nuevos servicios regionales de urbanismo"},"content":{"rendered":"<p>A comienzos de abril, la Presidenta Michelle Bachelet firm\u00f3 el decreto que creaba el Consejo Nacional de Desarrollo Urbano, una entidad de car\u00e1cter consultivo y permanente, que elaborar\u00eda propuestas para terminar con la segregaci\u00f3n social en las ciudades del pa\u00eds.<\/p>\n<p>Luego de ocho meses, en enero el Consejo entregar\u00e1 su primer informe a la Mandataria, donde se incluyen mecanismos para facilitar la inclusi\u00f3n e integraci\u00f3n de toda clase de viviendas.<\/p>\n<p>Dentro de lo que se plantea est\u00e1 que se permita aumentar la densidad (cantidad de habitantes por hect\u00e1rea) en sectores de las ciudades con buen acceso a transporte p\u00fablico, bajo la condici\u00f3n de que los proyectos inmobiliarios que se construyan como condominios de edificios, incluyan un porcentaje de viviendas que se adquieran con subsidios.<\/p>\n<p>\u201cDebe existir una autoridad regional quien, a trav\u00e9s de planes regionales o metropolitanos, pueda establecer obligaciones a las comunas para que cumplan con ese porcentaje de integraci\u00f3n social\u201d explica Luis Eduardo Bresciani, Presidente del Consejo, en entrevista con diario La Tercera publicada el s\u00e1bado 20 de diciembre.<\/p>\n<p>Tambi\u00e9n se propone revisar y modificar algunos impuestos, como aumentar la tasa que grava los terrenos eriazos para incentivar su uso para fines urbanos y bajar el umbral de precio de las viviendas exentas del pago de contribuciones de bienes ra\u00edces, de forma que aumenten los recursos en las comunas donde se reciben menos tributaciones.<\/p>\n<p>Para leer toda la noticia:<\/p>\n<p><a href=\"http:\/\/www.papeldigital.info\/lt\/2014\/12\/20\/01\/paginas\/053.pdf\">http:\/\/www.papeldigital.info\/lt\/2014\/12\/20\/01\/paginas\/053.pdf<\/a><\/p>\n<p>&nbsp;<\/p>\n<p><\/p>","protected":false},"excerpt":{"rendered":"<p>A comienzos de abril, la Presidenta Michelle Bachelet firm\u00f3 el decreto que creaba el Consejo Nacional de Desarrollo Urbano, una entidad de car\u00e1cter consultivo y permanente, que elaborar\u00eda propuestas para terminar con la segregaci\u00f3n social en las ciudades del pa\u00eds. &hellip; <a class=\"more-link\" href=\"https:\/\/colegioarquitectos.com\/noticias\/?p=6444\">ver m\u00e1s<\/a><\/p>","protected":false},"author":4,"featured_media":6445,"comment_status":"open","ping_status":"open","sticky":false,"template":"","format":"standard","meta":{"footnotes":""},"categories":[36,3],"tags":[],"class_list":["post-6444","post","type-post","status-publish","format-standard","has-post-thumbnail","hentry","category-ciudad","category-noticias"],"yoast_head":"<!-- This site is optimized with the Yoast SEO plugin v24.2 - https:\/\/yoast.com\/wordpress\/plugins\/seo\/ -->\n<title>Consejo de Desarrollo Urbano propondr\u00e1 a la Presidenta de la Rep\u00fablica revisar impuestos territoriales y contribuciones, adem\u00e1s de la creaci\u00f3n de nuevos servicios regionales de urbanismo - COLEGIO DE ARQUITECTOS DE CHILE<\/title>\n<meta name=\"robots\" content=\"index, follow, max-snippet:-1, max-image-preview:large, max-video-preview:-1\" \/>\n<link rel=\"canonical\" href=\"https:\/\/colegioarquitectos.com\/noticias\/?p=6444\" \/>\n<meta property=\"og:locale\" content=\"es_ES\" \/>\n<meta property=\"og:type\" content=\"article\" \/>\n<meta property=\"og:title\" content=\"Consejo de Desarrollo Urbano propondr\u00e1 a la Presidenta de la Rep\u00fablica revisar impuestos territoriales y contribuciones, adem\u00e1s de la creaci\u00f3n de nuevos servicios regionales de urbanismo - COLEGIO DE ARQUITECTOS DE CHILE\" \/>\n<meta property=\"og:description\" content=\"A comienzos de abril, la Presidenta Michelle Bachelet firm\u00f3 el decreto que creaba el Consejo Nacional de Desarrollo Urbano, una entidad de car\u00e1cter consultivo y permanente, que elaborar\u00eda propuestas para terminar con la segregaci\u00f3n social en las ciudades del pa\u00eds. &hellip; ver m\u00e1s\" \/>\n<meta property=\"og:url\" content=\"https:\/\/colegioarquitectos.com\/noticias\/?p=6444\" \/>\n<meta property=\"og:site_name\" content=\"COLEGIO DE ARQUITECTOS DE CHILE\" \/>\n<meta property=\"article:publisher\" content=\"https:\/\/facebook.com\/Colegioarq\/\" \/>\n<meta property=\"article:published_time\" content=\"2014-12-23T13:14:00+00:00\" \/>\n<meta property=\"og:image\" content=\"https:\/\/colegioarquitectos.com\/noticias\/wp-content\/uploads\/2014\/12\/laguna-aculeo-paina-chile-vacaciones-002.jpg\" \/>\n\t<meta property=\"og:image:width\" content=\"690\" \/>\n\t<meta property=\"og:image:height\" content=\"518\" \/>\n\t<meta property=\"og:image:type\" content=\"image\/jpeg\" \/>\n<meta name=\"author\" content=\"Colegio de Arquitectos de Chile\" \/>\n<meta name=\"twitter:card\" content=\"summary_large_image\" \/>\n<meta name=\"twitter:creator\" content=\"@colegioarq\" \/>\n<meta name=\"twitter:site\" content=\"@colegioarq\" \/>\n<meta name=\"twitter:label1\" content=\"Escrito por\" \/>\n\t<meta name=\"twitter:data1\" content=\"Colegio de Arquitectos de Chile\" \/>\n\t<meta name=\"twitter:label2\" content=\"Tiempo de lectura\" \/>\n\t<meta name=\"twitter:data2\" content=\"1 minuto\" \/>\n<script type=\"application\/ld+json\" class=\"yoast-schema-graph\">{\"@context\":\"https:\/\/schema.org\",\"@graph\":[{\"@type\":\"Article\",\"@id\":\"https:\/\/colegioarquitectos.com\/noticias\/?p=6444#article\",\"isPartOf\":{\"@id\":\"https:\/\/colegioarquitectos.com\/noticias\/?p=6444\"},\"author\":{\"name\":\"Colegio de Arquitectos de Chile\",\"@id\":\"https:\/\/colegioarquitectos.com\/noticias\/#\/schema\/person\/685cc0aad148303c5608f049af8285ad\"},\"headline\":\"Consejo de Desarrollo Urbano propondr\u00e1 a la Presidenta de la Rep\u00fablica revisar impuestos territoriales y contribuciones, adem\u00e1s de la creaci\u00f3n de nuevos servicios regionales de urbanismo\",\"datePublished\":\"2014-12-23T13:14:00+00:00\",\"dateModified\":\"2014-12-23T13:14:00+00:00\",\"mainEntityOfPage\":{\"@id\":\"https:\/\/colegioarquitectos.com\/noticias\/?p=6444\"},\"wordCount\":281,\"commentCount\":1,\"publisher\":{\"@id\":\"https:\/\/colegioarquitectos.com\/noticias\/#organization\"},\"image\":{\"@id\":\"https:\/\/colegioarquitectos.com\/noticias\/?p=6444#primaryimage\"},\"thumbnailUrl\":\"https:\/\/colegioarquitectos.com\/noticias\/wp-content\/uploads\/2014\/12\/laguna-aculeo-paina-chile-vacaciones-002.jpg\",\"articleSection\":[\"Ciudad\",\"Noticias\"],\"inLanguage\":\"es\",\"potentialAction\":[{\"@type\":\"CommentAction\",\"name\":\"Comment\",\"target\":[\"https:\/\/colegioarquitectos.com\/noticias\/?p=6444#respond\"]}]},{\"@type\":\"WebPage\",\"@id\":\"https:\/\/colegioarquitectos.com\/noticias\/?p=6444\",\"url\":\"https:\/\/colegioarquitectos.com\/noticias\/?p=6444\",\"name\":\"Consejo de Desarrollo Urbano propondr\u00e1 a la Presidenta de la Rep\u00fablica revisar impuestos territoriales y contribuciones, adem\u00e1s de la creaci\u00f3n de nuevos servicios regionales de urbanismo - COLEGIO DE ARQUITECTOS DE CHILE\",\"isPartOf\":{\"@id\":\"https:\/\/colegioarquitectos.com\/noticias\/#website\"},\"primaryImageOfPage\":{\"@id\":\"https:\/\/colegioarquitectos.com\/noticias\/?p=6444#primaryimage\"},\"image\":{\"@id\":\"https:\/\/colegioarquitectos.com\/noticias\/?p=6444#primaryimage\"},\"thumbnailUrl\":\"https:\/\/colegioarquitectos.com\/noticias\/wp-content\/uploads\/2014\/12\/laguna-aculeo-paina-chile-vacaciones-002.jpg\",\"datePublished\":\"2014-12-23T13:14:00+00:00\",\"dateModified\":\"2014-12-23T13:14:00+00:00\",\"breadcrumb\":{\"@id\":\"https:\/\/colegioarquitectos.com\/noticias\/?p=6444#breadcrumb\"},\"inLanguage\":\"es\",\"potentialAction\":[{\"@type\":\"ReadAction\",\"target\":[\"https:\/\/colegioarquitectos.com\/noticias\/?p=6444\"]}]},{\"@type\":\"ImageObject\",\"inLanguage\":\"es\",\"@id\":\"https:\/\/colegioarquitectos.com\/noticias\/?p=6444#primaryimage\",\"url\":\"https:\/\/colegioarquitectos.com\/noticias\/wp-content\/uploads\/2014\/12\/laguna-aculeo-paina-chile-vacaciones-002.jpg\",\"contentUrl\":\"https:\/\/colegioarquitectos.com\/noticias\/wp-content\/uploads\/2014\/12\/laguna-aculeo-paina-chile-vacaciones-002.jpg\",\"width\":690,\"height\":518},{\"@type\":\"BreadcrumbList\",\"@id\":\"https:\/\/colegioarquitectos.com\/noticias\/?p=6444#breadcrumb\",\"itemListElement\":[{\"@type\":\"ListItem\",\"position\":1,\"name\":\"Portada\",\"item\":\"https:\/\/colegioarquitectos.com\/noticias\"},{\"@type\":\"ListItem\",\"position\":2,\"name\":\"Consejo de Desarrollo Urbano propondr\u00e1 a la Presidenta de la Rep\u00fablica revisar impuestos territoriales y contribuciones, adem\u00e1s de la creaci\u00f3n de nuevos servicios regionales de urbanismo\"}]},{\"@type\":\"WebSite\",\"@id\":\"https:\/\/colegioarquitectos.com\/noticias\/#website\",\"url\":\"https:\/\/colegioarquitectos.com\/noticias\/\",\"name\":\"COLEGIO DE ARQUITECTOS DE CHILE\",\"description\":\"\",\"publisher\":{\"@id\":\"https:\/\/colegioarquitectos.com\/noticias\/#organization\"},\"potentialAction\":[{\"@type\":\"SearchAction\",\"target\":{\"@type\":\"EntryPoint\",\"urlTemplate\":\"https:\/\/colegioarquitectos.com\/noticias\/?s={search_term_string}\"},\"query-input\":{\"@type\":\"PropertyValueSpecification\",\"valueRequired\":true,\"valueName\":\"search_term_string\"}}],\"inLanguage\":\"es\"},{\"@type\":\"Organization\",\"@id\":\"https:\/\/colegioarquitectos.com\/noticias\/#organization\",\"name\":\"COLEGIO DE ARQUITECTOS DE CHILE\",\"url\":\"https:\/\/colegioarquitectos.com\/noticias\/\",\"logo\":{\"@type\":\"ImageObject\",\"inLanguage\":\"es\",\"@id\":\"https:\/\/colegioarquitectos.com\/noticias\/#\/schema\/logo\/image\/\",\"url\":\"https:\/\/colegioarquitectos.com\/noticias\/wp-content\/uploads\/2021\/05\/ENCABEZADO-LOGO-CA.jpg\",\"contentUrl\":\"https:\/\/colegioarquitectos.com\/noticias\/wp-content\/uploads\/2021\/05\/ENCABEZADO-LOGO-CA.jpg\",\"width\":690,\"height\":350,\"caption\":\"COLEGIO DE ARQUITECTOS DE CHILE\"},\"image\":{\"@id\":\"https:\/\/colegioarquitectos.com\/noticias\/#\/schema\/logo\/image\/\"},\"sameAs\":[\"https:\/\/facebook.com\/Colegioarq\/\",\"https:\/\/x.com\/colegioarq\",\"https:\/\/instagram.com\/colegioarq\",\"https:\/\/youtube.com\/@ColegiodeArquitectosdeChile\"]},{\"@type\":\"Person\",\"@id\":\"https:\/\/colegioarquitectos.com\/noticias\/#\/schema\/person\/685cc0aad148303c5608f049af8285ad\",\"name\":\"Colegio de Arquitectos de Chile\",\"url\":\"https:\/\/colegioarquitectos.com\/noticias\/?author=4\"}]}<\/script>\n<!-- \/ Yoast SEO plugin. -->","yoast_head_json":{"title":"Consejo de Desarrollo Urbano propondr\u00e1 a la Presidenta de la Rep\u00fablica revisar impuestos territoriales y contribuciones, adem\u00e1s de la creaci\u00f3n de nuevos servicios regionales de urbanismo - COLEGIO DE ARQUITECTOS DE CHILE","robots":{"index":"index","follow":"follow","max-snippet":"max-snippet:-1","max-image-preview":"max-image-preview:large","max-video-preview":"max-video-preview:-1"},"canonical":"https:\/\/colegioarquitectos.com\/noticias\/?p=6444","og_locale":"es_ES","og_type":"article","og_title":"Consejo de Desarrollo Urbano propondr\u00e1 a la Presidenta de la Rep\u00fablica revisar impuestos territoriales y contribuciones, adem\u00e1s de la creaci\u00f3n de nuevos servicios regionales de urbanismo - COLEGIO DE ARQUITECTOS DE CHILE","og_description":"A comienzos de abril, la Presidenta Michelle Bachelet firm\u00f3 el decreto que creaba el Consejo Nacional de Desarrollo Urbano, una entidad de car\u00e1cter consultivo y permanente, que elaborar\u00eda propuestas para terminar con la segregaci\u00f3n social en las ciudades del pa\u00eds. &hellip; ver m\u00e1s","og_url":"https:\/\/colegioarquitectos.com\/noticias\/?p=6444","og_site_name":"COLEGIO DE ARQUITECTOS DE CHILE","article_publisher":"https:\/\/facebook.com\/Colegioarq\/","article_published_time":"2014-12-23T13:14:00+00:00","og_image":[{"width":690,"height":518,"url":"https:\/\/colegioarquitectos.com\/noticias\/wp-content\/uploads\/2014\/12\/laguna-aculeo-paina-chile-vacaciones-002.jpg","type":"image\/jpeg"}],"author":"Colegio de Arquitectos de Chile","twitter_card":"summary_large_image","twitter_creator":"@colegioarq","twitter_site":"@colegioarq","twitter_misc":{"Escrito por":"Colegio de Arquitectos de Chile","Tiempo de lectura":"1 minuto"},"schema":{"@context":"https:\/\/schema.org","@graph":[{"@type":"Article","@id":"https:\/\/colegioarquitectos.com\/noticias\/?p=6444#article","isPartOf":{"@id":"https:\/\/colegioarquitectos.com\/noticias\/?p=6444"},"author":{"name":"Colegio de Arquitectos de Chile","@id":"https:\/\/colegioarquitectos.com\/noticias\/#\/schema\/person\/685cc0aad148303c5608f049af8285ad"},"headline":"Consejo de Desarrollo Urbano propondr\u00e1 a la Presidenta de la Rep\u00fablica revisar impuestos territoriales y contribuciones, adem\u00e1s de la creaci\u00f3n de nuevos servicios regionales de urbanismo","datePublished":"2014-12-23T13:14:00+00:00","dateModified":"2014-12-23T13:14:00+00:00","mainEntityOfPage":{"@id":"https:\/\/colegioarquitectos.com\/noticias\/?p=6444"},"wordCount":281,"commentCount":1,"publisher":{"@id":"https:\/\/colegioarquitectos.com\/noticias\/#organization"},"image":{"@id":"https:\/\/colegioarquitectos.com\/noticias\/?p=6444#primaryimage"},"thumbnailUrl":"https:\/\/colegioarquitectos.com\/noticias\/wp-content\/uploads\/2014\/12\/laguna-aculeo-paina-chile-vacaciones-002.jpg","articleSection":["Ciudad","Noticias"],"inLanguage":"es","potentialAction":[{"@type":"CommentAction","name":"Comment","target":["https:\/\/colegioarquitectos.com\/noticias\/?p=6444#respond"]}]},{"@type":"WebPage","@id":"https:\/\/colegioarquitectos.com\/noticias\/?p=6444","url":"https:\/\/colegioarquitectos.com\/noticias\/?p=6444","name":"Consejo de Desarrollo Urbano propondr\u00e1 a la Presidenta de la Rep\u00fablica revisar impuestos territoriales y contribuciones, adem\u00e1s de la creaci\u00f3n de nuevos servicios regionales de urbanismo - COLEGIO DE ARQUITECTOS DE CHILE","isPartOf":{"@id":"https:\/\/colegioarquitectos.com\/noticias\/#website"},"primaryImageOfPage":{"@id":"https:\/\/colegioarquitectos.com\/noticias\/?p=6444#primaryimage"},"image":{"@id":"https:\/\/colegioarquitectos.com\/noticias\/?p=6444#primaryimage"},"thumbnailUrl":"https:\/\/colegioarquitectos.com\/noticias\/wp-content\/uploads\/2014\/12\/laguna-aculeo-paina-chile-vacaciones-002.jpg","datePublished":"2014-12-23T13:14:00+00:00","dateModified":"2014-12-23T13:14:00+00:00","breadcrumb":{"@id":"https:\/\/colegioarquitectos.com\/noticias\/?p=6444#breadcrumb"},"inLanguage":"es","potentialAction":[{"@type":"ReadAction","target":["https:\/\/colegioarquitectos.com\/noticias\/?p=6444"]}]},{"@type":"ImageObject","inLanguage":"es","@id":"https:\/\/colegioarquitectos.com\/noticias\/?p=6444#primaryimage","url":"https:\/\/colegioarquitectos.com\/noticias\/wp-content\/uploads\/2014\/12\/laguna-aculeo-paina-chile-vacaciones-002.jpg","contentUrl":"https:\/\/colegioarquitectos.com\/noticias\/wp-content\/uploads\/2014\/12\/laguna-aculeo-paina-chile-vacaciones-002.jpg","width":690,"height":518},{"@type":"BreadcrumbList","@id":"https:\/\/colegioarquitectos.com\/noticias\/?p=6444#breadcrumb","itemListElement":[{"@type":"ListItem","position":1,"name":"Portada","item":"https:\/\/colegioarquitectos.com\/noticias"},{"@type":"ListItem","position":2,"name":"Consejo de Desarrollo Urbano propondr\u00e1 a la Presidenta de la Rep\u00fablica revisar impuestos territoriales y contribuciones, adem\u00e1s de la creaci\u00f3n de nuevos servicios regionales de urbanismo"}]},{"@type":"WebSite","@id":"https:\/\/colegioarquitectos.com\/noticias\/#website","url":"https:\/\/colegioarquitectos.com\/noticias\/","name":"COLEGIO DE ARQUITECTOS DE CHILE","description":"","publisher":{"@id":"https:\/\/colegioarquitectos.com\/noticias\/#organization"},"potentialAction":[{"@type":"SearchAction","target":{"@type":"EntryPoint","urlTemplate":"https:\/\/colegioarquitectos.com\/noticias\/?s={search_term_string}"},"query-input":{"@type":"PropertyValueSpecification","valueRequired":true,"valueName":"search_term_string"}}],"inLanguage":"es"},{"@type":"Organization","@id":"https:\/\/colegioarquitectos.com\/noticias\/#organization","name":"COLEGIO DE ARQUITECTOS DE CHILE","url":"https:\/\/colegioarquitectos.com\/noticias\/","logo":{"@type":"ImageObject","inLanguage":"es","@id":"https:\/\/colegioarquitectos.com\/noticias\/#\/schema\/logo\/image\/","url":"https:\/\/colegioarquitectos.com\/noticias\/wp-content\/uploads\/2021\/05\/ENCABEZADO-LOGO-CA.jpg","contentUrl":"https:\/\/colegioarquitectos.com\/noticias\/wp-content\/uploads\/2021\/05\/ENCABEZADO-LOGO-CA.jpg","width":690,"height":350,"caption":"COLEGIO DE ARQUITECTOS DE CHILE"},"image":{"@id":"https:\/\/colegioarquitectos.com\/noticias\/#\/schema\/logo\/image\/"},"sameAs":["https:\/\/facebook.com\/Colegioarq\/","https:\/\/x.com\/colegioarq","https:\/\/instagram.com\/colegioarq","https:\/\/youtube.com\/@ColegiodeArquitectosdeChile"]},{"@type":"Person","@id":"https:\/\/colegioarquitectos.com\/noticias\/#\/schema\/person\/685cc0aad148303c5608f049af8285ad","name":"Colegio de Arquitectos de Chile","url":"https:\/\/colegioarquitectos.com\/noticias\/?author=4"}]}},"_links":{"self":[{"href":"https:\/\/colegioarquitectos.com\/noticias\/index.php?rest_route=\/wp\/v2\/posts\/6444","targetHints":{"allow":["GET"]}}],"collection":[{"href":"https:\/\/colegioarquitectos.com\/noticias\/index.php?rest_route=\/wp\/v2\/posts"}],"about":[{"href":"https:\/\/colegioarquitectos.com\/noticias\/index.php?rest_route=\/wp\/v2\/types\/post"}],"author":[{"embeddable":true,"href":"https:\/\/colegioarquitectos.com\/noticias\/index.php?rest_route=\/wp\/v2\/users\/4"}],"replies":[{"embeddable":true,"href":"https:\/\/colegioarquitectos.com\/noticias\/index.php?rest_route=%2Fwp%2Fv2%2Fcomments&post=6444"}],"version-history":[{"count":0,"href":"https:\/\/colegioarquitectos.com\/noticias\/index.php?rest_route=\/wp\/v2\/posts\/6444\/revisions"}],"wp:featuredmedia":[{"embeddable":true,"href":"https:\/\/colegioarquitectos.com\/noticias\/index.php?rest_route=\/wp\/v2\/media\/6445"}],"wp:attachment":[{"href":"https:\/\/colegioarquitectos.com\/noticias\/index.php?rest_route=%2Fwp%2Fv2%2Fmedia&parent=6444"}],"wp:term":[{"taxonomy":"category","embeddable":true,"href":"https:\/\/colegioarquitectos.com\/noticias\/index.php?rest_route=%2Fwp%2Fv2%2Fcategories&post=6444"},{"taxonomy":"post_tag","embeddable":true,"href":"https:\/\/colegioarquitectos.com\/noticias\/index.php?rest_route=%2Fwp%2Fv2%2Ftags&post=6444"}],"curies":[{"name":"wp","href":"https:\/\/api.w.org\/{rel}","templated":true}]}}