
{"id":6474,"date":"2014-12-29T19:57:42","date_gmt":"2014-12-29T19:57:42","guid":{"rendered":"http:\/\/colegioarquitectos.com\/?p=6474"},"modified":"2014-12-29T20:02:07","modified_gmt":"2014-12-29T20:02:07","slug":"calidad-vs-crecimiento-columna-de-carlos-cruz-presidente-de-la-delegacion-zonal-temuco-en-diario-austral","status":"publish","type":"post","link":"https:\/\/colegioarquitectos.com\/noticias\/?p=6474","title":{"rendered":"Calidad v\/s crecimiento: Columna de Carlos Cruz, Presidente de la Delegaci\u00f3n Zonal Temuco en diario el Austral"},"content":{"rendered":"<p>Una de las grandes contradicciones del crecimiento de la ciudad de Temuco de las \u00faltimas d\u00e9cadas est\u00e1 relacionada con la expansi\u00f3n y evoluci\u00f3n interna, elementos que no han ido a la par con los est\u00e1ndares urbanos de calidad de vida y sustentabilidad que corresponden, si nos comparamos con ciudades de escala similar del mundo desarrollado.<\/p>\n<p>Hoy, los atributos de calidad de vida que nos caracterizaron en alg\u00fan momento se han desvanecido, producto del crecimiento inorg\u00e1nico sujeto a la presi\u00f3n inmobiliaria as\u00ed como a la falta de visi\u00f3n en la planificaci\u00f3n y gesti\u00f3n general de la ciudad.<\/p>\n<p>As\u00ed entonces tenemos una ciudad en la cual se empiezan a incrementar las principales patolog\u00edas de las grandes urbes. Si bien son reversibles no se vislumbra una propuesta urbana por parte de las autoridades de la ciudad, las cuales se encuentran sobrepasadas con la contingencia, as\u00ed como por el centralismo del Gobierno y los Ministerios competentes.<\/p>\n<p>Estos \u00faltimos vuelcan su principal esfuerzo en tratar de arreglar el Gran Santiago y poco ayudan en las ciudades intermedias con el desarrollo de soluciones parches y nada de integrales que tienen un nulo aporte en calidad de vida y el espacio p\u00fablico como lo es lamentablemente tambi\u00e9n el caso de Temuco.<\/p>\n<p>El principal desaf\u00edo entonces es reflexionar en c\u00f3mo establecer una estrategia, relevando qu\u00e9 es lo primero a corregir. Es clave establecer una hoja de ruta a partir de la cual se prioricen las pol\u00edticas urbanas de la ciudad incentivando que nuestro Temuco se torne amigable y equitativo para sus ciudadanos, competitivo en relaci\u00f3n a las inversiones a nivel nacional e internacional y particular en el concierto de las ciudades del mundo.<\/p>\n<p>&nbsp;<\/p>\n<p>En relaci\u00f3n al concepto de equidad es importante reparar que si bien algunos pocos pueden disfrutar las bondades de La Araucan\u00eda y vivir en barrios de buena calidad.<\/p>\n<p>EN CASA<\/p>\n<p>La gran mayor\u00eda de los temuquenses al preguntarles qu\u00e9 hacen un fin de semana le contestar\u00e1 que los ni\u00f1os juegan en la calle si el clima lo permite o simplemente se quedaron encerrados en casa mirando televisi\u00f3n o ir\u00e1n a pasear al mall. Tristes respuestas que reflejan la pobreza de nuestra ciudad en parques, museos, plazas, espacios de cultura y sitios de inter\u00e9s que debiesen ser una llamado de atenci\u00f3n con respecto al tema y apurar el tranco en la materializaci\u00f3n del Parque de la Isla Caut\u00edn, la revisi\u00f3n con respecto a la gesti\u00f3n del Cerro \u00d1ielol, as\u00ed como el necesario desarrollo de proyectos de parques urbanos, recintos deportivo entre otros.<\/p>\n<p>Otra carencia a considerar para poder amalgamar los derechos fundamentales de la vivienda, la salud y el trabajo es contar calidad tanto comunal como intercomunalque venga a suplir las carencias de movilizaci\u00f3n dentro de la ciudad y la regi\u00f3n que est\u00e9 a la par con los pa\u00edses desarrollados. Actualmente las deficiencias del sistema de transporte p\u00fablico local s\u00f3lo han hecho prosperar el ineficiente sistema de taxis colectivos, as\u00ed como incentivar el uso del autom\u00f3vil saturando las calles generando tiempos de viaje que no se condicen como el tama\u00f1o de ciudad.<\/p>\n<p>Pensar en un sistema integrado de transporte con trenes de acercamiento, metro, tranv\u00edas, v\u00edas exclusivas, uso masivo de la bicicleta y proyectos de peatonalizaci\u00f3n son propuestas que deben empezar a desarrollarse en forma urgente. En un futuro cercano, de no tomar acci\u00f3n sobre el tema al igual que Santiago y en las grandes ciudades que crecieron al amparo del autom\u00f3vil, los temuquenses pasar\u00e1n gran parte del d\u00eda detr\u00e1s de un volante o en un microb\u00fas en un taco.<\/p>\n<p>CALIDAD DE VIDA<\/p>\n<p>As\u00ed tambi\u00e9n la competitividad de la ciudad, junto los aspectos de calidad de vida mencionados van de la mano de estrategias de econom\u00eda urbana asociadas a la atracci\u00f3n de inversiones. Actualmente \u00e9stas se han visto minadas por las inconsistencias del actual plan regulador vigente dadas las limitaciones impuestas en su \u00faltima modificaci\u00f3n.<\/p>\n<p>All\u00ed se definieron restricciones a los \u00edndices de constructibilidad, densidad y altura que han redundado en un desequilibrio entre el valor metro cuadrado de oferta de los terrenos y la capacidad edificable en vastas zonas de la ciudad y que es imperativo corregir.<\/p>\n<p>Esto se traduce en la paradoja que si bien existen terrenos disponibles, escasean propiedades a valores razonables que permitan rentabilizar el desarrollo de proyectos de uso comercial, conjuntos de vivienda y de de edificaci\u00f3n en altura.<\/p>\n<p>Finalmente la visi\u00f3n asociada a c\u00f3mo hacer particular nuestra ciudad est\u00e1 relacionada a la construcci\u00f3n de la marca Temuco en el contexto nacional e internacional de las ciudades, nos obliga a pensar en qu\u00e9 ofrecemos de distinto para ser reconocidos como ciudad.<\/p>\n<p>Es necesario relevar el valor de la cultura local a la posici\u00f3n que le corresponde, as\u00ed como establecer un programa de recuperaci\u00f3n del poco patrimonio arquitect\u00f3nico que va quedando junto con la construcci\u00f3n del nuevo patrimonio, el cu\u00e1l debiese multiplicarse gestionando obras emblem\u00e1ticas que nos transformen en visita obligada al momento de conocer Chile.<\/p>\n<p>No debemos poner l\u00edmite a nuestras ambiciones como ciudad si tomamos el ejemplo de Bilbao, Curitiba o Medell\u00edn por citar algunas. All\u00ed la visi\u00f3n urbana de las autoridades locales en concordancia con la ciudadana hizo que se transformaran en ejemplo de calidad de vida y ciudades modelos para el mundo.<\/p>\n<p>&nbsp;<\/p>\n<p><strong>Carlos Cruz C.<\/strong><\/p>\n<p><strong>Arquitecto<\/strong><\/p>\n<p><strong>Presidente Delegaci\u00f3n Araucan\u00eda<\/strong><\/p>\n<p><strong>Colegio de Arquitectos de Chile.<\/strong><\/p>\n<p>&nbsp;<\/p>\n<p>[gview file=\u00bbhttp:\/\/colegioarquitectos.com\/noticias\/wp-content\/uploads\/2014\/12\/CARLOS-CRUZ-NOTE.pdf\u00bb]<\/p>\n<p><\/p>","protected":false},"excerpt":{"rendered":"<p>Una de las grandes contradicciones del crecimiento de la ciudad de Temuco de las \u00faltimas d\u00e9cadas est\u00e1 relacionada con la expansi\u00f3n y evoluci\u00f3n interna, elementos que no han ido a la par con los est\u00e1ndares urbanos de calidad de vida &hellip; <a class=\"more-link\" href=\"https:\/\/colegioarquitectos.com\/noticias\/?p=6474\">ver m\u00e1s<\/a><\/p>","protected":false},"author":4,"featured_media":6479,"comment_status":"open","ping_status":"open","sticky":false,"template":"","format":"standard","meta":{"footnotes":""},"categories":[10],"tags":[],"class_list":["post-6474","post","type-post","status-publish","format-standard","has-post-thumbnail","hentry","category-delegaciones-zonales"],"yoast_head":"<!-- This site is optimized with the Yoast SEO plugin v24.2 - https:\/\/yoast.com\/wordpress\/plugins\/seo\/ -->\n<title>Calidad v\/s crecimiento: Columna de Carlos Cruz, Presidente de la Delegaci\u00f3n Zonal Temuco en diario el Austral - COLEGIO DE ARQUITECTOS DE CHILE<\/title>\n<meta name=\"robots\" content=\"index, follow, max-snippet:-1, max-image-preview:large, max-video-preview:-1\" \/>\n<link rel=\"canonical\" href=\"https:\/\/colegioarquitectos.com\/noticias\/?p=6474\" \/>\n<meta property=\"og:locale\" content=\"es_ES\" \/>\n<meta property=\"og:type\" content=\"article\" \/>\n<meta property=\"og:title\" content=\"Calidad v\/s crecimiento: Columna de Carlos Cruz, Presidente de la Delegaci\u00f3n Zonal Temuco en diario el Austral - COLEGIO DE ARQUITECTOS DE CHILE\" \/>\n<meta property=\"og:description\" content=\"Una de las grandes contradicciones del crecimiento de la ciudad de Temuco de las \u00faltimas d\u00e9cadas est\u00e1 relacionada con la expansi\u00f3n y evoluci\u00f3n interna, elementos que no han ido a la par con los est\u00e1ndares urbanos de calidad de vida &hellip; ver m\u00e1s\" \/>\n<meta property=\"og:url\" content=\"https:\/\/colegioarquitectos.com\/noticias\/?p=6474\" \/>\n<meta property=\"og:site_name\" content=\"COLEGIO DE ARQUITECTOS DE CHILE\" \/>\n<meta property=\"article:publisher\" content=\"https:\/\/facebook.com\/Colegioarq\/\" \/>\n<meta property=\"article:published_time\" content=\"2014-12-29T19:57:42+00:00\" \/>\n<meta property=\"article:modified_time\" content=\"2014-12-29T20:02:07+00:00\" \/>\n<meta property=\"og:image\" content=\"https:\/\/colegioarquitectos.com\/noticias\/wp-content\/uploads\/2014\/12\/Temuco.jpg\" \/>\n\t<meta property=\"og:image:width\" content=\"690\" \/>\n\t<meta property=\"og:image:height\" content=\"389\" \/>\n\t<meta property=\"og:image:type\" content=\"image\/jpeg\" \/>\n<meta name=\"author\" content=\"Colegio de Arquitectos de Chile\" \/>\n<meta name=\"twitter:card\" content=\"summary_large_image\" \/>\n<meta name=\"twitter:creator\" content=\"@colegioarq\" \/>\n<meta name=\"twitter:site\" content=\"@colegioarq\" \/>\n<meta name=\"twitter:label1\" content=\"Escrito por\" \/>\n\t<meta name=\"twitter:data1\" content=\"Colegio de Arquitectos de Chile\" \/>\n\t<meta name=\"twitter:label2\" content=\"Tiempo de lectura\" \/>\n\t<meta name=\"twitter:data2\" content=\"5 minutos\" \/>\n<script type=\"application\/ld+json\" class=\"yoast-schema-graph\">{\"@context\":\"https:\/\/schema.org\",\"@graph\":[{\"@type\":\"Article\",\"@id\":\"https:\/\/colegioarquitectos.com\/noticias\/?p=6474#article\",\"isPartOf\":{\"@id\":\"https:\/\/colegioarquitectos.com\/noticias\/?p=6474\"},\"author\":{\"name\":\"Colegio de Arquitectos de Chile\",\"@id\":\"https:\/\/colegioarquitectos.com\/noticias\/#\/schema\/person\/685cc0aad148303c5608f049af8285ad\"},\"headline\":\"Calidad v\/s crecimiento: Columna de Carlos Cruz, Presidente de la Delegaci\u00f3n Zonal Temuco en diario el Austral\",\"datePublished\":\"2014-12-29T19:57:42+00:00\",\"dateModified\":\"2014-12-29T20:02:07+00:00\",\"mainEntityOfPage\":{\"@id\":\"https:\/\/colegioarquitectos.com\/noticias\/?p=6474\"},\"wordCount\":972,\"commentCount\":0,\"publisher\":{\"@id\":\"https:\/\/colegioarquitectos.com\/noticias\/#organization\"},\"image\":{\"@id\":\"https:\/\/colegioarquitectos.com\/noticias\/?p=6474#primaryimage\"},\"thumbnailUrl\":\"https:\/\/colegioarquitectos.com\/noticias\/wp-content\/uploads\/2014\/12\/Temuco.jpg\",\"articleSection\":[\"Delegaciones\"],\"inLanguage\":\"es\",\"potentialAction\":[{\"@type\":\"CommentAction\",\"name\":\"Comment\",\"target\":[\"https:\/\/colegioarquitectos.com\/noticias\/?p=6474#respond\"]}]},{\"@type\":\"WebPage\",\"@id\":\"https:\/\/colegioarquitectos.com\/noticias\/?p=6474\",\"url\":\"https:\/\/colegioarquitectos.com\/noticias\/?p=6474\",\"name\":\"Calidad v\/s crecimiento: Columna de Carlos Cruz, Presidente de la Delegaci\u00f3n Zonal Temuco en diario el Austral - COLEGIO DE ARQUITECTOS DE CHILE\",\"isPartOf\":{\"@id\":\"https:\/\/colegioarquitectos.com\/noticias\/#website\"},\"primaryImageOfPage\":{\"@id\":\"https:\/\/colegioarquitectos.com\/noticias\/?p=6474#primaryimage\"},\"image\":{\"@id\":\"https:\/\/colegioarquitectos.com\/noticias\/?p=6474#primaryimage\"},\"thumbnailUrl\":\"https:\/\/colegioarquitectos.com\/noticias\/wp-content\/uploads\/2014\/12\/Temuco.jpg\",\"datePublished\":\"2014-12-29T19:57:42+00:00\",\"dateModified\":\"2014-12-29T20:02:07+00:00\",\"breadcrumb\":{\"@id\":\"https:\/\/colegioarquitectos.com\/noticias\/?p=6474#breadcrumb\"},\"inLanguage\":\"es\",\"potentialAction\":[{\"@type\":\"ReadAction\",\"target\":[\"https:\/\/colegioarquitectos.com\/noticias\/?p=6474\"]}]},{\"@type\":\"ImageObject\",\"inLanguage\":\"es\",\"@id\":\"https:\/\/colegioarquitectos.com\/noticias\/?p=6474#primaryimage\",\"url\":\"https:\/\/colegioarquitectos.com\/noticias\/wp-content\/uploads\/2014\/12\/Temuco.jpg\",\"contentUrl\":\"https:\/\/colegioarquitectos.com\/noticias\/wp-content\/uploads\/2014\/12\/Temuco.jpg\",\"width\":690,\"height\":389},{\"@type\":\"BreadcrumbList\",\"@id\":\"https:\/\/colegioarquitectos.com\/noticias\/?p=6474#breadcrumb\",\"itemListElement\":[{\"@type\":\"ListItem\",\"position\":1,\"name\":\"Portada\",\"item\":\"https:\/\/colegioarquitectos.com\/noticias\"},{\"@type\":\"ListItem\",\"position\":2,\"name\":\"Calidad v\/s crecimiento: Columna de Carlos Cruz, Presidente de la Delegaci\u00f3n Zonal Temuco en diario el Austral\"}]},{\"@type\":\"WebSite\",\"@id\":\"https:\/\/colegioarquitectos.com\/noticias\/#website\",\"url\":\"https:\/\/colegioarquitectos.com\/noticias\/\",\"name\":\"COLEGIO DE ARQUITECTOS DE CHILE\",\"description\":\"\",\"publisher\":{\"@id\":\"https:\/\/colegioarquitectos.com\/noticias\/#organization\"},\"potentialAction\":[{\"@type\":\"SearchAction\",\"target\":{\"@type\":\"EntryPoint\",\"urlTemplate\":\"https:\/\/colegioarquitectos.com\/noticias\/?s={search_term_string}\"},\"query-input\":{\"@type\":\"PropertyValueSpecification\",\"valueRequired\":true,\"valueName\":\"search_term_string\"}}],\"inLanguage\":\"es\"},{\"@type\":\"Organization\",\"@id\":\"https:\/\/colegioarquitectos.com\/noticias\/#organization\",\"name\":\"COLEGIO DE ARQUITECTOS DE CHILE\",\"url\":\"https:\/\/colegioarquitectos.com\/noticias\/\",\"logo\":{\"@type\":\"ImageObject\",\"inLanguage\":\"es\",\"@id\":\"https:\/\/colegioarquitectos.com\/noticias\/#\/schema\/logo\/image\/\",\"url\":\"https:\/\/colegioarquitectos.com\/noticias\/wp-content\/uploads\/2021\/05\/ENCABEZADO-LOGO-CA.jpg\",\"contentUrl\":\"https:\/\/colegioarquitectos.com\/noticias\/wp-content\/uploads\/2021\/05\/ENCABEZADO-LOGO-CA.jpg\",\"width\":690,\"height\":350,\"caption\":\"COLEGIO DE ARQUITECTOS DE CHILE\"},\"image\":{\"@id\":\"https:\/\/colegioarquitectos.com\/noticias\/#\/schema\/logo\/image\/\"},\"sameAs\":[\"https:\/\/facebook.com\/Colegioarq\/\",\"https:\/\/x.com\/colegioarq\",\"https:\/\/instagram.com\/colegioarq\",\"https:\/\/youtube.com\/@ColegiodeArquitectosdeChile\"]},{\"@type\":\"Person\",\"@id\":\"https:\/\/colegioarquitectos.com\/noticias\/#\/schema\/person\/685cc0aad148303c5608f049af8285ad\",\"name\":\"Colegio de Arquitectos de Chile\",\"url\":\"https:\/\/colegioarquitectos.com\/noticias\/?author=4\"}]}<\/script>\n<!-- \/ Yoast SEO plugin. -->","yoast_head_json":{"title":"Calidad v\/s crecimiento: Columna de Carlos Cruz, Presidente de la Delegaci\u00f3n Zonal Temuco en diario el Austral - COLEGIO DE ARQUITECTOS DE CHILE","robots":{"index":"index","follow":"follow","max-snippet":"max-snippet:-1","max-image-preview":"max-image-preview:large","max-video-preview":"max-video-preview:-1"},"canonical":"https:\/\/colegioarquitectos.com\/noticias\/?p=6474","og_locale":"es_ES","og_type":"article","og_title":"Calidad v\/s crecimiento: Columna de Carlos Cruz, Presidente de la Delegaci\u00f3n Zonal Temuco en diario el Austral - COLEGIO DE ARQUITECTOS DE CHILE","og_description":"Una de las grandes contradicciones del crecimiento de la ciudad de Temuco de las \u00faltimas d\u00e9cadas est\u00e1 relacionada con la expansi\u00f3n y evoluci\u00f3n interna, elementos que no han ido a la par con los est\u00e1ndares urbanos de calidad de vida &hellip; ver m\u00e1s","og_url":"https:\/\/colegioarquitectos.com\/noticias\/?p=6474","og_site_name":"COLEGIO DE ARQUITECTOS DE CHILE","article_publisher":"https:\/\/facebook.com\/Colegioarq\/","article_published_time":"2014-12-29T19:57:42+00:00","article_modified_time":"2014-12-29T20:02:07+00:00","og_image":[{"width":690,"height":389,"url":"https:\/\/colegioarquitectos.com\/noticias\/wp-content\/uploads\/2014\/12\/Temuco.jpg","type":"image\/jpeg"}],"author":"Colegio de Arquitectos de Chile","twitter_card":"summary_large_image","twitter_creator":"@colegioarq","twitter_site":"@colegioarq","twitter_misc":{"Escrito por":"Colegio de Arquitectos de Chile","Tiempo de lectura":"5 minutos"},"schema":{"@context":"https:\/\/schema.org","@graph":[{"@type":"Article","@id":"https:\/\/colegioarquitectos.com\/noticias\/?p=6474#article","isPartOf":{"@id":"https:\/\/colegioarquitectos.com\/noticias\/?p=6474"},"author":{"name":"Colegio de Arquitectos de Chile","@id":"https:\/\/colegioarquitectos.com\/noticias\/#\/schema\/person\/685cc0aad148303c5608f049af8285ad"},"headline":"Calidad v\/s crecimiento: Columna de Carlos Cruz, Presidente de la Delegaci\u00f3n Zonal Temuco en diario el Austral","datePublished":"2014-12-29T19:57:42+00:00","dateModified":"2014-12-29T20:02:07+00:00","mainEntityOfPage":{"@id":"https:\/\/colegioarquitectos.com\/noticias\/?p=6474"},"wordCount":972,"commentCount":0,"publisher":{"@id":"https:\/\/colegioarquitectos.com\/noticias\/#organization"},"image":{"@id":"https:\/\/colegioarquitectos.com\/noticias\/?p=6474#primaryimage"},"thumbnailUrl":"https:\/\/colegioarquitectos.com\/noticias\/wp-content\/uploads\/2014\/12\/Temuco.jpg","articleSection":["Delegaciones"],"inLanguage":"es","potentialAction":[{"@type":"CommentAction","name":"Comment","target":["https:\/\/colegioarquitectos.com\/noticias\/?p=6474#respond"]}]},{"@type":"WebPage","@id":"https:\/\/colegioarquitectos.com\/noticias\/?p=6474","url":"https:\/\/colegioarquitectos.com\/noticias\/?p=6474","name":"Calidad v\/s crecimiento: Columna de Carlos Cruz, Presidente de la Delegaci\u00f3n Zonal Temuco en diario el Austral - COLEGIO DE ARQUITECTOS DE CHILE","isPartOf":{"@id":"https:\/\/colegioarquitectos.com\/noticias\/#website"},"primaryImageOfPage":{"@id":"https:\/\/colegioarquitectos.com\/noticias\/?p=6474#primaryimage"},"image":{"@id":"https:\/\/colegioarquitectos.com\/noticias\/?p=6474#primaryimage"},"thumbnailUrl":"https:\/\/colegioarquitectos.com\/noticias\/wp-content\/uploads\/2014\/12\/Temuco.jpg","datePublished":"2014-12-29T19:57:42+00:00","dateModified":"2014-12-29T20:02:07+00:00","breadcrumb":{"@id":"https:\/\/colegioarquitectos.com\/noticias\/?p=6474#breadcrumb"},"inLanguage":"es","potentialAction":[{"@type":"ReadAction","target":["https:\/\/colegioarquitectos.com\/noticias\/?p=6474"]}]},{"@type":"ImageObject","inLanguage":"es","@id":"https:\/\/colegioarquitectos.com\/noticias\/?p=6474#primaryimage","url":"https:\/\/colegioarquitectos.com\/noticias\/wp-content\/uploads\/2014\/12\/Temuco.jpg","contentUrl":"https:\/\/colegioarquitectos.com\/noticias\/wp-content\/uploads\/2014\/12\/Temuco.jpg","width":690,"height":389},{"@type":"BreadcrumbList","@id":"https:\/\/colegioarquitectos.com\/noticias\/?p=6474#breadcrumb","itemListElement":[{"@type":"ListItem","position":1,"name":"Portada","item":"https:\/\/colegioarquitectos.com\/noticias"},{"@type":"ListItem","position":2,"name":"Calidad v\/s crecimiento: Columna de Carlos Cruz, Presidente de la Delegaci\u00f3n Zonal Temuco en diario el Austral"}]},{"@type":"WebSite","@id":"https:\/\/colegioarquitectos.com\/noticias\/#website","url":"https:\/\/colegioarquitectos.com\/noticias\/","name":"COLEGIO DE ARQUITECTOS DE CHILE","description":"","publisher":{"@id":"https:\/\/colegioarquitectos.com\/noticias\/#organization"},"potentialAction":[{"@type":"SearchAction","target":{"@type":"EntryPoint","urlTemplate":"https:\/\/colegioarquitectos.com\/noticias\/?s={search_term_string}"},"query-input":{"@type":"PropertyValueSpecification","valueRequired":true,"valueName":"search_term_string"}}],"inLanguage":"es"},{"@type":"Organization","@id":"https:\/\/colegioarquitectos.com\/noticias\/#organization","name":"COLEGIO DE ARQUITECTOS DE CHILE","url":"https:\/\/colegioarquitectos.com\/noticias\/","logo":{"@type":"ImageObject","inLanguage":"es","@id":"https:\/\/colegioarquitectos.com\/noticias\/#\/schema\/logo\/image\/","url":"https:\/\/colegioarquitectos.com\/noticias\/wp-content\/uploads\/2021\/05\/ENCABEZADO-LOGO-CA.jpg","contentUrl":"https:\/\/colegioarquitectos.com\/noticias\/wp-content\/uploads\/2021\/05\/ENCABEZADO-LOGO-CA.jpg","width":690,"height":350,"caption":"COLEGIO DE ARQUITECTOS DE CHILE"},"image":{"@id":"https:\/\/colegioarquitectos.com\/noticias\/#\/schema\/logo\/image\/"},"sameAs":["https:\/\/facebook.com\/Colegioarq\/","https:\/\/x.com\/colegioarq","https:\/\/instagram.com\/colegioarq","https:\/\/youtube.com\/@ColegiodeArquitectosdeChile"]},{"@type":"Person","@id":"https:\/\/colegioarquitectos.com\/noticias\/#\/schema\/person\/685cc0aad148303c5608f049af8285ad","name":"Colegio de Arquitectos de Chile","url":"https:\/\/colegioarquitectos.com\/noticias\/?author=4"}]}},"_links":{"self":[{"href":"https:\/\/colegioarquitectos.com\/noticias\/index.php?rest_route=\/wp\/v2\/posts\/6474","targetHints":{"allow":["GET"]}}],"collection":[{"href":"https:\/\/colegioarquitectos.com\/noticias\/index.php?rest_route=\/wp\/v2\/posts"}],"about":[{"href":"https:\/\/colegioarquitectos.com\/noticias\/index.php?rest_route=\/wp\/v2\/types\/post"}],"author":[{"embeddable":true,"href":"https:\/\/colegioarquitectos.com\/noticias\/index.php?rest_route=\/wp\/v2\/users\/4"}],"replies":[{"embeddable":true,"href":"https:\/\/colegioarquitectos.com\/noticias\/index.php?rest_route=%2Fwp%2Fv2%2Fcomments&post=6474"}],"version-history":[{"count":0,"href":"https:\/\/colegioarquitectos.com\/noticias\/index.php?rest_route=\/wp\/v2\/posts\/6474\/revisions"}],"wp:featuredmedia":[{"embeddable":true,"href":"https:\/\/colegioarquitectos.com\/noticias\/index.php?rest_route=\/wp\/v2\/media\/6479"}],"wp:attachment":[{"href":"https:\/\/colegioarquitectos.com\/noticias\/index.php?rest_route=%2Fwp%2Fv2%2Fmedia&parent=6474"}],"wp:term":[{"taxonomy":"category","embeddable":true,"href":"https:\/\/colegioarquitectos.com\/noticias\/index.php?rest_route=%2Fwp%2Fv2%2Fcategories&post=6474"},{"taxonomy":"post_tag","embeddable":true,"href":"https:\/\/colegioarquitectos.com\/noticias\/index.php?rest_route=%2Fwp%2Fv2%2Ftags&post=6474"}],"curies":[{"name":"wp","href":"https:\/\/api.w.org\/{rel}","templated":true}]}}