
{"id":6495,"date":"2015-01-05T19:19:28","date_gmt":"2015-01-05T19:19:28","guid":{"rendered":"http:\/\/colegioarquitectos.com\/?p=6495"},"modified":"2015-01-05T19:23:42","modified_gmt":"2015-01-05T19:23:42","slug":"8-de-enero-conoce-el-rol-de-los-colegios-profesionales-en-chile-en-foro-en-ex-congreso-nacional","status":"publish","type":"post","link":"https:\/\/colegioarquitectos.com\/noticias\/?p=6495","title":{"rendered":"8 de enero: Conoce el rol de los Colegios Profesionales en Chile en foro en Ex Congreso Nacional"},"content":{"rendered":"<p>La Constituci\u00f3n de 1980 hizo que los Colegios Profesionales fueran asimilados a asociaciones gremiales, no pudiendo ser requisito para el ejercicio de una profesi\u00f3n u oficio estar afiliado a una de ellas, y que estos tampoco pudieran resolver los conflictos que surgieran entre profesionales.<\/p>\n<p>Sin embargo, en 2005 la reforma constitucional consagr\u00f3 la tuici\u00f3n \u00e9tica de sus miembros a los Colegios Profesionales y el 10 de junio de 2009 fue ingresado al parlamento el Proyecto de Ley sobre Colegios Profesionales que abarca los siguientes aspectos:<\/p>\n<ol>\n<li>Crea un registro p\u00fablico de profesionales.<\/li>\n<li>Se reconoce la personalidad de derecho p\u00fablico de los Colegios.<\/li>\n<li>Crea un registro p\u00fablico de Colegios Profesionales.<\/li>\n<li>Se mantiene la colegiatura voluntaria y se exige colegiatura \u00fanica.<\/li>\n<li>Reconoce la facultad de ejercer la funci\u00f3n disciplinaria y correccional respecto de sus afiliados.<\/li>\n<li>Crea tribunales especiales radicados en los propios Colegios para los afiliados.<\/li>\n<li>Crea tribunales especiales de \u00e9tica para aquellos que han decidido no afiliarse.<\/li>\n<li>Crea sanciones que van desde amonestaci\u00f3n, censura, multas, hasta llegar a la suspensi\u00f3n temporal del ejercicio profesional por un a\u00f1o, a la cancelaci\u00f3n del registro profesional del sancionado. Lo anterior queda publicado en el registro p\u00fablico de dicho profesional.<\/li>\n<li>Reconoce un est\u00e1ndar \u00e9tico com\u00fan para cada profesi\u00f3n.<\/li>\n<\/ol>\n<p>&nbsp;<\/p>\n<p>Debido a que no ha avanzado esta iniciativa legislativa, es que se organiza el presente foro para reabrir la discusi\u00f3n en torno al proyecto y las distintas aristas que aborda.<\/p>\n<p>Fecha:\u00a08 de enero de 2015<\/p>\n<p>Lugar:\u00a0Sal\u00f3n Los Presidentes, Ex Congreso Nacional de Santiago (Morand\u00e9 441)<\/p>\n<p>Horario:\u00a08:30 a 13:00 hrs<\/p>\n<p>Cupos: 70 asistentes<\/p>\n<p>Inscripci\u00f3n:\u00a0Enviando nombre, RUT y organizaci\u00f3n a\u00a0<a href=\"mailto:fundacion@equidad.cl\">fundacion@equidad.cl<\/a>\u00a0hasta el 7 de enero a las 17:00 hrs (sujeto a confirmaci\u00f3n seg\u00fan cupos disponibles).<\/p>\n<p>Transmisi\u00f3n:\u00a0A trav\u00e9s de Livestream en\u00a0<a href=\"http:\/\/www.envivo.equidad.cl\/\">www.envivo.equidad.cl<\/a>. Podr\u00e1s participar con el Hashtag #ColegiosProfesionales.<\/p>\n<p>Participantes invitados:<\/p>\n<ol>\n<li>Sr. Marcelo Castillo, presidente Federaci\u00f3n Nacional de Colegios Profesionales Universitarios<\/li>\n<li>Sr. Ricardo Rinc\u00f3n, presidente Comisi\u00f3n de Constituci\u00f3n, Legislaci\u00f3n y Justicia de la C\u00e1mara<\/li>\n<li>Sra. Ximena Rinc\u00f3n, Ministra Secretaria General de la Presidencia<\/li>\n<li>Sra. Olga Feli\u00fa, presidenta del Colegio de Abogados de Chile<\/li>\n<\/ol>\n<p><a href=\"http:\/\/fundacion.equidad.cl\/\">http:\/\/fundacion.equidad.cl\/<\/a><\/p>\n<p><\/p>","protected":false},"excerpt":{"rendered":"<p>La Constituci\u00f3n de 1980 hizo que los Colegios Profesionales fueran asimilados a asociaciones gremiales, no pudiendo ser requisito para el ejercicio de una profesi\u00f3n u oficio estar afiliado a una de ellas, y que estos tampoco pudieran resolver los conflictos &hellip; <a class=\"more-link\" href=\"https:\/\/colegioarquitectos.com\/noticias\/?p=6495\">ver m\u00e1s<\/a><\/p>","protected":false},"author":4,"featured_media":6496,"comment_status":"open","ping_status":"open","sticky":false,"template":"","format":"standard","meta":{"footnotes":""},"categories":[19],"tags":[],"class_list":["post-6495","post","type-post","status-publish","format-standard","has-post-thumbnail","hentry","category-actividades"],"yoast_head":"<!-- This site is optimized with the Yoast SEO plugin v24.2 - https:\/\/yoast.com\/wordpress\/plugins\/seo\/ -->\n<title>8 de enero: Conoce el rol de los Colegios Profesionales en Chile en foro en Ex Congreso Nacional  - COLEGIO DE ARQUITECTOS DE CHILE<\/title>\n<meta name=\"robots\" content=\"index, follow, max-snippet:-1, max-image-preview:large, max-video-preview:-1\" \/>\n<link rel=\"canonical\" href=\"https:\/\/colegioarquitectos.com\/noticias\/?p=6495\" \/>\n<meta property=\"og:locale\" content=\"es_ES\" \/>\n<meta property=\"og:type\" content=\"article\" \/>\n<meta property=\"og:title\" content=\"8 de enero: Conoce el rol de los Colegios Profesionales en Chile en foro en Ex Congreso Nacional  - COLEGIO DE ARQUITECTOS DE CHILE\" \/>\n<meta property=\"og:description\" content=\"La Constituci\u00f3n de 1980 hizo que los Colegios Profesionales fueran asimilados a asociaciones gremiales, no pudiendo ser requisito para el ejercicio de una profesi\u00f3n u oficio estar afiliado a una de ellas, y que estos tampoco pudieran resolver los conflictos &hellip; ver m\u00e1s\" \/>\n<meta property=\"og:url\" content=\"https:\/\/colegioarquitectos.com\/noticias\/?p=6495\" \/>\n<meta property=\"og:site_name\" content=\"COLEGIO DE ARQUITECTOS DE CHILE\" \/>\n<meta property=\"article:publisher\" content=\"https:\/\/facebook.com\/Colegioarq\/\" \/>\n<meta property=\"article:published_time\" content=\"2015-01-05T19:19:28+00:00\" \/>\n<meta property=\"article:modified_time\" content=\"2015-01-05T19:23:42+00:00\" \/>\n<meta property=\"og:image\" content=\"https:\/\/colegioarquitectos.com\/noticias\/wp-content\/uploads\/2015\/01\/F16.jpg\" \/>\n\t<meta property=\"og:image:width\" content=\"690\" \/>\n\t<meta property=\"og:image:height\" content=\"552\" \/>\n\t<meta property=\"og:image:type\" content=\"image\/jpeg\" \/>\n<meta name=\"author\" content=\"Colegio de Arquitectos de Chile\" \/>\n<meta name=\"twitter:card\" content=\"summary_large_image\" \/>\n<meta name=\"twitter:creator\" content=\"@colegioarq\" \/>\n<meta name=\"twitter:site\" content=\"@colegioarq\" \/>\n<meta name=\"twitter:label1\" content=\"Escrito por\" \/>\n\t<meta name=\"twitter:data1\" content=\"Colegio de Arquitectos de Chile\" \/>\n\t<meta name=\"twitter:label2\" content=\"Tiempo de lectura\" \/>\n\t<meta name=\"twitter:data2\" content=\"2 minutos\" \/>\n<script type=\"application\/ld+json\" class=\"yoast-schema-graph\">{\"@context\":\"https:\/\/schema.org\",\"@graph\":[{\"@type\":\"Article\",\"@id\":\"https:\/\/colegioarquitectos.com\/noticias\/?p=6495#article\",\"isPartOf\":{\"@id\":\"https:\/\/colegioarquitectos.com\/noticias\/?p=6495\"},\"author\":{\"name\":\"Colegio de Arquitectos de Chile\",\"@id\":\"https:\/\/colegioarquitectos.com\/noticias\/#\/schema\/person\/685cc0aad148303c5608f049af8285ad\"},\"headline\":\"8 de enero: Conoce el rol de los Colegios Profesionales en Chile en foro en Ex Congreso Nacional\",\"datePublished\":\"2015-01-05T19:19:28+00:00\",\"dateModified\":\"2015-01-05T19:23:42+00:00\",\"mainEntityOfPage\":{\"@id\":\"https:\/\/colegioarquitectos.com\/noticias\/?p=6495\"},\"wordCount\":383,\"commentCount\":0,\"publisher\":{\"@id\":\"https:\/\/colegioarquitectos.com\/noticias\/#organization\"},\"image\":{\"@id\":\"https:\/\/colegioarquitectos.com\/noticias\/?p=6495#primaryimage\"},\"thumbnailUrl\":\"https:\/\/colegioarquitectos.com\/noticias\/wp-content\/uploads\/2015\/01\/F16.jpg\",\"articleSection\":[\"Actividades\"],\"inLanguage\":\"es\",\"potentialAction\":[{\"@type\":\"CommentAction\",\"name\":\"Comment\",\"target\":[\"https:\/\/colegioarquitectos.com\/noticias\/?p=6495#respond\"]}]},{\"@type\":\"WebPage\",\"@id\":\"https:\/\/colegioarquitectos.com\/noticias\/?p=6495\",\"url\":\"https:\/\/colegioarquitectos.com\/noticias\/?p=6495\",\"name\":\"8 de enero: Conoce el rol de los Colegios Profesionales en Chile en foro en Ex Congreso Nacional - COLEGIO DE ARQUITECTOS DE CHILE\",\"isPartOf\":{\"@id\":\"https:\/\/colegioarquitectos.com\/noticias\/#website\"},\"primaryImageOfPage\":{\"@id\":\"https:\/\/colegioarquitectos.com\/noticias\/?p=6495#primaryimage\"},\"image\":{\"@id\":\"https:\/\/colegioarquitectos.com\/noticias\/?p=6495#primaryimage\"},\"thumbnailUrl\":\"https:\/\/colegioarquitectos.com\/noticias\/wp-content\/uploads\/2015\/01\/F16.jpg\",\"datePublished\":\"2015-01-05T19:19:28+00:00\",\"dateModified\":\"2015-01-05T19:23:42+00:00\",\"breadcrumb\":{\"@id\":\"https:\/\/colegioarquitectos.com\/noticias\/?p=6495#breadcrumb\"},\"inLanguage\":\"es\",\"potentialAction\":[{\"@type\":\"ReadAction\",\"target\":[\"https:\/\/colegioarquitectos.com\/noticias\/?p=6495\"]}]},{\"@type\":\"ImageObject\",\"inLanguage\":\"es\",\"@id\":\"https:\/\/colegioarquitectos.com\/noticias\/?p=6495#primaryimage\",\"url\":\"https:\/\/colegioarquitectos.com\/noticias\/wp-content\/uploads\/2015\/01\/F16.jpg\",\"contentUrl\":\"https:\/\/colegioarquitectos.com\/noticias\/wp-content\/uploads\/2015\/01\/F16.jpg\",\"width\":690,\"height\":552},{\"@type\":\"BreadcrumbList\",\"@id\":\"https:\/\/colegioarquitectos.com\/noticias\/?p=6495#breadcrumb\",\"itemListElement\":[{\"@type\":\"ListItem\",\"position\":1,\"name\":\"Portada\",\"item\":\"https:\/\/colegioarquitectos.com\/noticias\"},{\"@type\":\"ListItem\",\"position\":2,\"name\":\"8 de enero: Conoce el rol de los Colegios Profesionales en Chile en foro en Ex Congreso Nacional\"}]},{\"@type\":\"WebSite\",\"@id\":\"https:\/\/colegioarquitectos.com\/noticias\/#website\",\"url\":\"https:\/\/colegioarquitectos.com\/noticias\/\",\"name\":\"COLEGIO DE ARQUITECTOS DE CHILE\",\"description\":\"\",\"publisher\":{\"@id\":\"https:\/\/colegioarquitectos.com\/noticias\/#organization\"},\"potentialAction\":[{\"@type\":\"SearchAction\",\"target\":{\"@type\":\"EntryPoint\",\"urlTemplate\":\"https:\/\/colegioarquitectos.com\/noticias\/?s={search_term_string}\"},\"query-input\":{\"@type\":\"PropertyValueSpecification\",\"valueRequired\":true,\"valueName\":\"search_term_string\"}}],\"inLanguage\":\"es\"},{\"@type\":\"Organization\",\"@id\":\"https:\/\/colegioarquitectos.com\/noticias\/#organization\",\"name\":\"COLEGIO DE ARQUITECTOS DE CHILE\",\"url\":\"https:\/\/colegioarquitectos.com\/noticias\/\",\"logo\":{\"@type\":\"ImageObject\",\"inLanguage\":\"es\",\"@id\":\"https:\/\/colegioarquitectos.com\/noticias\/#\/schema\/logo\/image\/\",\"url\":\"https:\/\/colegioarquitectos.com\/noticias\/wp-content\/uploads\/2021\/05\/ENCABEZADO-LOGO-CA.jpg\",\"contentUrl\":\"https:\/\/colegioarquitectos.com\/noticias\/wp-content\/uploads\/2021\/05\/ENCABEZADO-LOGO-CA.jpg\",\"width\":690,\"height\":350,\"caption\":\"COLEGIO DE ARQUITECTOS DE CHILE\"},\"image\":{\"@id\":\"https:\/\/colegioarquitectos.com\/noticias\/#\/schema\/logo\/image\/\"},\"sameAs\":[\"https:\/\/facebook.com\/Colegioarq\/\",\"https:\/\/x.com\/colegioarq\",\"https:\/\/instagram.com\/colegioarq\",\"https:\/\/youtube.com\/@ColegiodeArquitectosdeChile\"]},{\"@type\":\"Person\",\"@id\":\"https:\/\/colegioarquitectos.com\/noticias\/#\/schema\/person\/685cc0aad148303c5608f049af8285ad\",\"name\":\"Colegio de Arquitectos de Chile\",\"url\":\"https:\/\/colegioarquitectos.com\/noticias\/?author=4\"}]}<\/script>\n<!-- \/ Yoast SEO plugin. -->","yoast_head_json":{"title":"8 de enero: Conoce el rol de los Colegios Profesionales en Chile en foro en Ex Congreso Nacional  - COLEGIO DE ARQUITECTOS DE CHILE","robots":{"index":"index","follow":"follow","max-snippet":"max-snippet:-1","max-image-preview":"max-image-preview:large","max-video-preview":"max-video-preview:-1"},"canonical":"https:\/\/colegioarquitectos.com\/noticias\/?p=6495","og_locale":"es_ES","og_type":"article","og_title":"8 de enero: Conoce el rol de los Colegios Profesionales en Chile en foro en Ex Congreso Nacional  - COLEGIO DE ARQUITECTOS DE CHILE","og_description":"La Constituci\u00f3n de 1980 hizo que los Colegios Profesionales fueran asimilados a asociaciones gremiales, no pudiendo ser requisito para el ejercicio de una profesi\u00f3n u oficio estar afiliado a una de ellas, y que estos tampoco pudieran resolver los conflictos &hellip; ver m\u00e1s","og_url":"https:\/\/colegioarquitectos.com\/noticias\/?p=6495","og_site_name":"COLEGIO DE ARQUITECTOS DE CHILE","article_publisher":"https:\/\/facebook.com\/Colegioarq\/","article_published_time":"2015-01-05T19:19:28+00:00","article_modified_time":"2015-01-05T19:23:42+00:00","og_image":[{"width":690,"height":552,"url":"https:\/\/colegioarquitectos.com\/noticias\/wp-content\/uploads\/2015\/01\/F16.jpg","type":"image\/jpeg"}],"author":"Colegio de Arquitectos de Chile","twitter_card":"summary_large_image","twitter_creator":"@colegioarq","twitter_site":"@colegioarq","twitter_misc":{"Escrito por":"Colegio de Arquitectos de Chile","Tiempo de lectura":"2 minutos"},"schema":{"@context":"https:\/\/schema.org","@graph":[{"@type":"Article","@id":"https:\/\/colegioarquitectos.com\/noticias\/?p=6495#article","isPartOf":{"@id":"https:\/\/colegioarquitectos.com\/noticias\/?p=6495"},"author":{"name":"Colegio de Arquitectos de Chile","@id":"https:\/\/colegioarquitectos.com\/noticias\/#\/schema\/person\/685cc0aad148303c5608f049af8285ad"},"headline":"8 de enero: Conoce el rol de los Colegios Profesionales en Chile en foro en Ex Congreso Nacional","datePublished":"2015-01-05T19:19:28+00:00","dateModified":"2015-01-05T19:23:42+00:00","mainEntityOfPage":{"@id":"https:\/\/colegioarquitectos.com\/noticias\/?p=6495"},"wordCount":383,"commentCount":0,"publisher":{"@id":"https:\/\/colegioarquitectos.com\/noticias\/#organization"},"image":{"@id":"https:\/\/colegioarquitectos.com\/noticias\/?p=6495#primaryimage"},"thumbnailUrl":"https:\/\/colegioarquitectos.com\/noticias\/wp-content\/uploads\/2015\/01\/F16.jpg","articleSection":["Actividades"],"inLanguage":"es","potentialAction":[{"@type":"CommentAction","name":"Comment","target":["https:\/\/colegioarquitectos.com\/noticias\/?p=6495#respond"]}]},{"@type":"WebPage","@id":"https:\/\/colegioarquitectos.com\/noticias\/?p=6495","url":"https:\/\/colegioarquitectos.com\/noticias\/?p=6495","name":"8 de enero: Conoce el rol de los Colegios Profesionales en Chile en foro en Ex Congreso Nacional - COLEGIO DE ARQUITECTOS DE CHILE","isPartOf":{"@id":"https:\/\/colegioarquitectos.com\/noticias\/#website"},"primaryImageOfPage":{"@id":"https:\/\/colegioarquitectos.com\/noticias\/?p=6495#primaryimage"},"image":{"@id":"https:\/\/colegioarquitectos.com\/noticias\/?p=6495#primaryimage"},"thumbnailUrl":"https:\/\/colegioarquitectos.com\/noticias\/wp-content\/uploads\/2015\/01\/F16.jpg","datePublished":"2015-01-05T19:19:28+00:00","dateModified":"2015-01-05T19:23:42+00:00","breadcrumb":{"@id":"https:\/\/colegioarquitectos.com\/noticias\/?p=6495#breadcrumb"},"inLanguage":"es","potentialAction":[{"@type":"ReadAction","target":["https:\/\/colegioarquitectos.com\/noticias\/?p=6495"]}]},{"@type":"ImageObject","inLanguage":"es","@id":"https:\/\/colegioarquitectos.com\/noticias\/?p=6495#primaryimage","url":"https:\/\/colegioarquitectos.com\/noticias\/wp-content\/uploads\/2015\/01\/F16.jpg","contentUrl":"https:\/\/colegioarquitectos.com\/noticias\/wp-content\/uploads\/2015\/01\/F16.jpg","width":690,"height":552},{"@type":"BreadcrumbList","@id":"https:\/\/colegioarquitectos.com\/noticias\/?p=6495#breadcrumb","itemListElement":[{"@type":"ListItem","position":1,"name":"Portada","item":"https:\/\/colegioarquitectos.com\/noticias"},{"@type":"ListItem","position":2,"name":"8 de enero: Conoce el rol de los Colegios Profesionales en Chile en foro en Ex Congreso Nacional"}]},{"@type":"WebSite","@id":"https:\/\/colegioarquitectos.com\/noticias\/#website","url":"https:\/\/colegioarquitectos.com\/noticias\/","name":"COLEGIO DE ARQUITECTOS DE CHILE","description":"","publisher":{"@id":"https:\/\/colegioarquitectos.com\/noticias\/#organization"},"potentialAction":[{"@type":"SearchAction","target":{"@type":"EntryPoint","urlTemplate":"https:\/\/colegioarquitectos.com\/noticias\/?s={search_term_string}"},"query-input":{"@type":"PropertyValueSpecification","valueRequired":true,"valueName":"search_term_string"}}],"inLanguage":"es"},{"@type":"Organization","@id":"https:\/\/colegioarquitectos.com\/noticias\/#organization","name":"COLEGIO DE ARQUITECTOS DE CHILE","url":"https:\/\/colegioarquitectos.com\/noticias\/","logo":{"@type":"ImageObject","inLanguage":"es","@id":"https:\/\/colegioarquitectos.com\/noticias\/#\/schema\/logo\/image\/","url":"https:\/\/colegioarquitectos.com\/noticias\/wp-content\/uploads\/2021\/05\/ENCABEZADO-LOGO-CA.jpg","contentUrl":"https:\/\/colegioarquitectos.com\/noticias\/wp-content\/uploads\/2021\/05\/ENCABEZADO-LOGO-CA.jpg","width":690,"height":350,"caption":"COLEGIO DE ARQUITECTOS DE CHILE"},"image":{"@id":"https:\/\/colegioarquitectos.com\/noticias\/#\/schema\/logo\/image\/"},"sameAs":["https:\/\/facebook.com\/Colegioarq\/","https:\/\/x.com\/colegioarq","https:\/\/instagram.com\/colegioarq","https:\/\/youtube.com\/@ColegiodeArquitectosdeChile"]},{"@type":"Person","@id":"https:\/\/colegioarquitectos.com\/noticias\/#\/schema\/person\/685cc0aad148303c5608f049af8285ad","name":"Colegio de Arquitectos de Chile","url":"https:\/\/colegioarquitectos.com\/noticias\/?author=4"}]}},"_links":{"self":[{"href":"https:\/\/colegioarquitectos.com\/noticias\/index.php?rest_route=\/wp\/v2\/posts\/6495","targetHints":{"allow":["GET"]}}],"collection":[{"href":"https:\/\/colegioarquitectos.com\/noticias\/index.php?rest_route=\/wp\/v2\/posts"}],"about":[{"href":"https:\/\/colegioarquitectos.com\/noticias\/index.php?rest_route=\/wp\/v2\/types\/post"}],"author":[{"embeddable":true,"href":"https:\/\/colegioarquitectos.com\/noticias\/index.php?rest_route=\/wp\/v2\/users\/4"}],"replies":[{"embeddable":true,"href":"https:\/\/colegioarquitectos.com\/noticias\/index.php?rest_route=%2Fwp%2Fv2%2Fcomments&post=6495"}],"version-history":[{"count":0,"href":"https:\/\/colegioarquitectos.com\/noticias\/index.php?rest_route=\/wp\/v2\/posts\/6495\/revisions"}],"wp:featuredmedia":[{"embeddable":true,"href":"https:\/\/colegioarquitectos.com\/noticias\/index.php?rest_route=\/wp\/v2\/media\/6496"}],"wp:attachment":[{"href":"https:\/\/colegioarquitectos.com\/noticias\/index.php?rest_route=%2Fwp%2Fv2%2Fmedia&parent=6495"}],"wp:term":[{"taxonomy":"category","embeddable":true,"href":"https:\/\/colegioarquitectos.com\/noticias\/index.php?rest_route=%2Fwp%2Fv2%2Fcategories&post=6495"},{"taxonomy":"post_tag","embeddable":true,"href":"https:\/\/colegioarquitectos.com\/noticias\/index.php?rest_route=%2Fwp%2Fv2%2Ftags&post=6495"}],"curies":[{"name":"wp","href":"https:\/\/api.w.org\/{rel}","templated":true}]}}