
{"id":6594,"date":"2015-01-23T12:00:51","date_gmt":"2015-01-23T12:00:51","guid":{"rendered":"http:\/\/colegioarquitectos.com\/?p=6594"},"modified":"2015-01-26T16:21:11","modified_gmt":"2015-01-26T16:21:11","slug":"premiacion-concurso-anteproyecto-plaza-publica-torres-de-tajamar","status":"publish","type":"post","link":"https:\/\/colegioarquitectos.com\/noticias\/?p=6594","title":{"rendered":"Murtinho Raby arquitectos y el escultor Federico Assler ganan Concurso Plaza P\u00fablica Torres de Tajamar"},"content":{"rendered":"<p>El 21 de enero se conoci\u00f3 a los ganadores del concurso p\u00fablico de arquitectura Anteproyecto Plaza P\u00fablica Torres de Tajamar, invitaci\u00f3n de la Municipalidad de Providencia y patrocinado por el Colegio de Arquitectos. En \u00e9l participaron\u00a0m\u00e1s de 150 personas y se presentaron oficialmente 40 proyectos.<\/p>\n<p>Adem\u00e1s de mejorar el espacio p\u00fablico, el concurso tuvo como objetivo rendir un homenaje al arquitecto\u00a0Fernando Castillo Velasco, coautor de las\u00a0torres de Tajamar.<\/p>\n<p style=\"color: #303030\">El primer lugar lo recibi\u00f3 la oficina\u00a0Murtinho Raby &amp; Asociados, encabezada por Camilo Carrasco, quienes adem\u00e1s se asociaron al escultor Federico Assler. De acuerdo al comunicado oficial de la Municipalidad, \u00abLa propuesta ganadora se caracteriza por su pragmatismo y calidad espacial para proponer la continuidad del parque Balmaceda hasta los pies de las torres, aprovechando la incorporaci\u00f3n de estacionamientos subterr\u00e1neos para los vecinos para conectar los espacios en torno a las torres con un gran prado inclinado\u00bb.<\/p>\n<p style=\"color: #303030\">Mientras tanto, el segundo lugar fue para el equipo encabezado por Tom\u00e1s Echibur\u00fa, miembro del la agrupaci\u00f3n responsable de la idea \u00abMapocho Pedaleable\u00bb, y el tercer lugar recay\u00f3 en el estudio Plan Com\u00fan, liderado por el arquitecto Felipe de Ferrari. Adem\u00e1s, se entreg\u00f3 una menci\u00f3n honrosa al proyecto a cargo Arturo L\u00f3pez Joannon.<\/p>\n<p>El jurado a cargo de evaluar las propuestas estuvo compuesto por:<\/p>\n<p>\u2022 El Presidente del Colegio de Arquitectos Sebasti\u00e1n Gray.<br \/>\n\u2022 El representante escogido por los concursantes, Cristi\u00e1n Undurraga, arquitecto de obras como la Plaza de la Constituci\u00f3n, la Plaza de la Ciudadan\u00eda, el Centro cultural Palacio La Moneda y el Museo de Artes Visuales.<br \/>\n\u2022 La representante del Comit\u00e9 de Administraci\u00f3n de las Torres de Tajamar, la vecina Julieta Guarda.<br \/>\n\u2022 El representante de la familia de Fernando Castillo Velasco, el arquitecto Cristian Castillo.<br \/>\n\u2022 El representante del CNCA, Crist\u00f3bal Molina.<br \/>\n\u2022 La Asesora Urbana de Providencia, la Dra. Arquitecta Mar\u00eda Jos\u00e9 Castillo.<br \/>\n\u2022 El representante de la Alcaldesa Josefa Err\u00e1zuriz, el arquitecto, urbanista y Director de la Secretar\u00eda Comunal de Planificaci\u00f3n, Nicol\u00e1s Valenzuela Levi, quien presidi\u00f3 el jurado.<\/p>\n<p style=\"color: #303030\">Fuente: <a href=\"http:\/\/goo.gl\/Qbq0Tk\">Plataforma de Arquitectura<\/a><\/p>\n<p style=\"color: #303030\">\n<p><\/p>","protected":false},"excerpt":{"rendered":"<p>El 21 de enero se conoci\u00f3 a los ganadores del concurso p\u00fablico de arquitectura Anteproyecto Plaza P\u00fablica Torres de Tajamar, invitaci\u00f3n de la Municipalidad de Providencia y patrocinado por el Colegio de Arquitectos. En \u00e9l participaron\u00a0m\u00e1s de 150 personas y &hellip; <a class=\"more-link\" href=\"https:\/\/colegioarquitectos.com\/noticias\/?p=6594\">ver m\u00e1s<\/a><\/p>","protected":false},"author":4,"featured_media":6639,"comment_status":"open","ping_status":"open","sticky":false,"template":"","format":"standard","meta":{"footnotes":""},"categories":[11],"tags":[],"class_list":["post-6594","post","type-post","status-publish","format-standard","has-post-thumbnail","hentry","category-concursos"],"yoast_head":"<!-- This site is optimized with the Yoast SEO plugin v24.2 - https:\/\/yoast.com\/wordpress\/plugins\/seo\/ -->\n<title>Murtinho Raby arquitectos y el escultor Federico Assler ganan Concurso Plaza P\u00fablica Torres de Tajamar - COLEGIO DE ARQUITECTOS DE CHILE<\/title>\n<meta name=\"robots\" content=\"index, follow, max-snippet:-1, max-image-preview:large, max-video-preview:-1\" \/>\n<link rel=\"canonical\" href=\"https:\/\/colegioarquitectos.com\/noticias\/?p=6594\" \/>\n<meta property=\"og:locale\" content=\"es_ES\" \/>\n<meta property=\"og:type\" content=\"article\" \/>\n<meta property=\"og:title\" content=\"Murtinho Raby arquitectos y el escultor Federico Assler ganan Concurso Plaza P\u00fablica Torres de Tajamar - COLEGIO DE ARQUITECTOS DE CHILE\" \/>\n<meta property=\"og:description\" content=\"El 21 de enero se conoci\u00f3 a los ganadores del concurso p\u00fablico de arquitectura Anteproyecto Plaza P\u00fablica Torres de Tajamar, invitaci\u00f3n de la Municipalidad de Providencia y patrocinado por el Colegio de Arquitectos. En \u00e9l participaron\u00a0m\u00e1s de 150 personas y &hellip; ver m\u00e1s\" \/>\n<meta property=\"og:url\" content=\"https:\/\/colegioarquitectos.com\/noticias\/?p=6594\" \/>\n<meta property=\"og:site_name\" content=\"COLEGIO DE ARQUITECTOS DE CHILE\" \/>\n<meta property=\"article:publisher\" content=\"https:\/\/facebook.com\/Colegioarq\/\" \/>\n<meta property=\"article:published_time\" content=\"2015-01-23T12:00:51+00:00\" \/>\n<meta property=\"article:modified_time\" content=\"2015-01-26T16:21:11+00:00\" \/>\n<meta property=\"og:image\" content=\"https:\/\/colegioarquitectos.com\/noticias\/wp-content\/uploads\/2015\/01\/1324317703-ead-4.jpg\" \/>\n\t<meta property=\"og:image:width\" content=\"690\" \/>\n\t<meta property=\"og:image:height\" content=\"460\" \/>\n\t<meta property=\"og:image:type\" content=\"image\/jpeg\" \/>\n<meta name=\"author\" content=\"Colegio de Arquitectos de Chile\" \/>\n<meta name=\"twitter:card\" content=\"summary_large_image\" \/>\n<meta name=\"twitter:creator\" content=\"@colegioarq\" \/>\n<meta name=\"twitter:site\" content=\"@colegioarq\" \/>\n<meta name=\"twitter:label1\" content=\"Escrito por\" \/>\n\t<meta name=\"twitter:data1\" content=\"Colegio de Arquitectos de Chile\" \/>\n\t<meta name=\"twitter:label2\" content=\"Tiempo de lectura\" \/>\n\t<meta name=\"twitter:data2\" content=\"2 minutos\" \/>\n<script type=\"application\/ld+json\" class=\"yoast-schema-graph\">{\"@context\":\"https:\/\/schema.org\",\"@graph\":[{\"@type\":\"Article\",\"@id\":\"https:\/\/colegioarquitectos.com\/noticias\/?p=6594#article\",\"isPartOf\":{\"@id\":\"https:\/\/colegioarquitectos.com\/noticias\/?p=6594\"},\"author\":{\"name\":\"Colegio de Arquitectos de Chile\",\"@id\":\"https:\/\/colegioarquitectos.com\/noticias\/#\/schema\/person\/685cc0aad148303c5608f049af8285ad\"},\"headline\":\"Murtinho Raby arquitectos y el escultor Federico Assler ganan Concurso Plaza P\u00fablica Torres de Tajamar\",\"datePublished\":\"2015-01-23T12:00:51+00:00\",\"dateModified\":\"2015-01-26T16:21:11+00:00\",\"mainEntityOfPage\":{\"@id\":\"https:\/\/colegioarquitectos.com\/noticias\/?p=6594\"},\"wordCount\":368,\"commentCount\":0,\"publisher\":{\"@id\":\"https:\/\/colegioarquitectos.com\/noticias\/#organization\"},\"image\":{\"@id\":\"https:\/\/colegioarquitectos.com\/noticias\/?p=6594#primaryimage\"},\"thumbnailUrl\":\"https:\/\/colegioarquitectos.com\/noticias\/wp-content\/uploads\/2015\/01\/1324317703-ead-4.jpg\",\"articleSection\":[\"Concursos\"],\"inLanguage\":\"es\",\"potentialAction\":[{\"@type\":\"CommentAction\",\"name\":\"Comment\",\"target\":[\"https:\/\/colegioarquitectos.com\/noticias\/?p=6594#respond\"]}]},{\"@type\":\"WebPage\",\"@id\":\"https:\/\/colegioarquitectos.com\/noticias\/?p=6594\",\"url\":\"https:\/\/colegioarquitectos.com\/noticias\/?p=6594\",\"name\":\"Murtinho Raby arquitectos y el escultor Federico Assler ganan Concurso Plaza P\u00fablica Torres de Tajamar - COLEGIO DE ARQUITECTOS DE CHILE\",\"isPartOf\":{\"@id\":\"https:\/\/colegioarquitectos.com\/noticias\/#website\"},\"primaryImageOfPage\":{\"@id\":\"https:\/\/colegioarquitectos.com\/noticias\/?p=6594#primaryimage\"},\"image\":{\"@id\":\"https:\/\/colegioarquitectos.com\/noticias\/?p=6594#primaryimage\"},\"thumbnailUrl\":\"https:\/\/colegioarquitectos.com\/noticias\/wp-content\/uploads\/2015\/01\/1324317703-ead-4.jpg\",\"datePublished\":\"2015-01-23T12:00:51+00:00\",\"dateModified\":\"2015-01-26T16:21:11+00:00\",\"breadcrumb\":{\"@id\":\"https:\/\/colegioarquitectos.com\/noticias\/?p=6594#breadcrumb\"},\"inLanguage\":\"es\",\"potentialAction\":[{\"@type\":\"ReadAction\",\"target\":[\"https:\/\/colegioarquitectos.com\/noticias\/?p=6594\"]}]},{\"@type\":\"ImageObject\",\"inLanguage\":\"es\",\"@id\":\"https:\/\/colegioarquitectos.com\/noticias\/?p=6594#primaryimage\",\"url\":\"https:\/\/colegioarquitectos.com\/noticias\/wp-content\/uploads\/2015\/01\/1324317703-ead-4.jpg\",\"contentUrl\":\"https:\/\/colegioarquitectos.com\/noticias\/wp-content\/uploads\/2015\/01\/1324317703-ead-4.jpg\",\"width\":690,\"height\":460},{\"@type\":\"BreadcrumbList\",\"@id\":\"https:\/\/colegioarquitectos.com\/noticias\/?p=6594#breadcrumb\",\"itemListElement\":[{\"@type\":\"ListItem\",\"position\":1,\"name\":\"Portada\",\"item\":\"https:\/\/colegioarquitectos.com\/noticias\"},{\"@type\":\"ListItem\",\"position\":2,\"name\":\"Murtinho Raby arquitectos y el escultor Federico Assler ganan Concurso Plaza P\u00fablica Torres de Tajamar\"}]},{\"@type\":\"WebSite\",\"@id\":\"https:\/\/colegioarquitectos.com\/noticias\/#website\",\"url\":\"https:\/\/colegioarquitectos.com\/noticias\/\",\"name\":\"COLEGIO DE ARQUITECTOS DE CHILE\",\"description\":\"\",\"publisher\":{\"@id\":\"https:\/\/colegioarquitectos.com\/noticias\/#organization\"},\"potentialAction\":[{\"@type\":\"SearchAction\",\"target\":{\"@type\":\"EntryPoint\",\"urlTemplate\":\"https:\/\/colegioarquitectos.com\/noticias\/?s={search_term_string}\"},\"query-input\":{\"@type\":\"PropertyValueSpecification\",\"valueRequired\":true,\"valueName\":\"search_term_string\"}}],\"inLanguage\":\"es\"},{\"@type\":\"Organization\",\"@id\":\"https:\/\/colegioarquitectos.com\/noticias\/#organization\",\"name\":\"COLEGIO DE ARQUITECTOS DE CHILE\",\"url\":\"https:\/\/colegioarquitectos.com\/noticias\/\",\"logo\":{\"@type\":\"ImageObject\",\"inLanguage\":\"es\",\"@id\":\"https:\/\/colegioarquitectos.com\/noticias\/#\/schema\/logo\/image\/\",\"url\":\"https:\/\/colegioarquitectos.com\/noticias\/wp-content\/uploads\/2021\/05\/ENCABEZADO-LOGO-CA.jpg\",\"contentUrl\":\"https:\/\/colegioarquitectos.com\/noticias\/wp-content\/uploads\/2021\/05\/ENCABEZADO-LOGO-CA.jpg\",\"width\":690,\"height\":350,\"caption\":\"COLEGIO DE ARQUITECTOS DE CHILE\"},\"image\":{\"@id\":\"https:\/\/colegioarquitectos.com\/noticias\/#\/schema\/logo\/image\/\"},\"sameAs\":[\"https:\/\/facebook.com\/Colegioarq\/\",\"https:\/\/x.com\/colegioarq\",\"https:\/\/instagram.com\/colegioarq\",\"https:\/\/youtube.com\/@ColegiodeArquitectosdeChile\"]},{\"@type\":\"Person\",\"@id\":\"https:\/\/colegioarquitectos.com\/noticias\/#\/schema\/person\/685cc0aad148303c5608f049af8285ad\",\"name\":\"Colegio de Arquitectos de Chile\",\"url\":\"https:\/\/colegioarquitectos.com\/noticias\/?author=4\"}]}<\/script>\n<!-- \/ Yoast SEO plugin. -->","yoast_head_json":{"title":"Murtinho Raby arquitectos y el escultor Federico Assler ganan Concurso Plaza P\u00fablica Torres de Tajamar - COLEGIO DE ARQUITECTOS DE CHILE","robots":{"index":"index","follow":"follow","max-snippet":"max-snippet:-1","max-image-preview":"max-image-preview:large","max-video-preview":"max-video-preview:-1"},"canonical":"https:\/\/colegioarquitectos.com\/noticias\/?p=6594","og_locale":"es_ES","og_type":"article","og_title":"Murtinho Raby arquitectos y el escultor Federico Assler ganan Concurso Plaza P\u00fablica Torres de Tajamar - COLEGIO DE ARQUITECTOS DE CHILE","og_description":"El 21 de enero se conoci\u00f3 a los ganadores del concurso p\u00fablico de arquitectura Anteproyecto Plaza P\u00fablica Torres de Tajamar, invitaci\u00f3n de la Municipalidad de Providencia y patrocinado por el Colegio de Arquitectos. En \u00e9l participaron\u00a0m\u00e1s de 150 personas y &hellip; ver m\u00e1s","og_url":"https:\/\/colegioarquitectos.com\/noticias\/?p=6594","og_site_name":"COLEGIO DE ARQUITECTOS DE CHILE","article_publisher":"https:\/\/facebook.com\/Colegioarq\/","article_published_time":"2015-01-23T12:00:51+00:00","article_modified_time":"2015-01-26T16:21:11+00:00","og_image":[{"width":690,"height":460,"url":"https:\/\/colegioarquitectos.com\/noticias\/wp-content\/uploads\/2015\/01\/1324317703-ead-4.jpg","type":"image\/jpeg"}],"author":"Colegio de Arquitectos de Chile","twitter_card":"summary_large_image","twitter_creator":"@colegioarq","twitter_site":"@colegioarq","twitter_misc":{"Escrito por":"Colegio de Arquitectos de Chile","Tiempo de lectura":"2 minutos"},"schema":{"@context":"https:\/\/schema.org","@graph":[{"@type":"Article","@id":"https:\/\/colegioarquitectos.com\/noticias\/?p=6594#article","isPartOf":{"@id":"https:\/\/colegioarquitectos.com\/noticias\/?p=6594"},"author":{"name":"Colegio de Arquitectos de Chile","@id":"https:\/\/colegioarquitectos.com\/noticias\/#\/schema\/person\/685cc0aad148303c5608f049af8285ad"},"headline":"Murtinho Raby arquitectos y el escultor Federico Assler ganan Concurso Plaza P\u00fablica Torres de Tajamar","datePublished":"2015-01-23T12:00:51+00:00","dateModified":"2015-01-26T16:21:11+00:00","mainEntityOfPage":{"@id":"https:\/\/colegioarquitectos.com\/noticias\/?p=6594"},"wordCount":368,"commentCount":0,"publisher":{"@id":"https:\/\/colegioarquitectos.com\/noticias\/#organization"},"image":{"@id":"https:\/\/colegioarquitectos.com\/noticias\/?p=6594#primaryimage"},"thumbnailUrl":"https:\/\/colegioarquitectos.com\/noticias\/wp-content\/uploads\/2015\/01\/1324317703-ead-4.jpg","articleSection":["Concursos"],"inLanguage":"es","potentialAction":[{"@type":"CommentAction","name":"Comment","target":["https:\/\/colegioarquitectos.com\/noticias\/?p=6594#respond"]}]},{"@type":"WebPage","@id":"https:\/\/colegioarquitectos.com\/noticias\/?p=6594","url":"https:\/\/colegioarquitectos.com\/noticias\/?p=6594","name":"Murtinho Raby arquitectos y el escultor Federico Assler ganan Concurso Plaza P\u00fablica Torres de Tajamar - COLEGIO DE ARQUITECTOS DE CHILE","isPartOf":{"@id":"https:\/\/colegioarquitectos.com\/noticias\/#website"},"primaryImageOfPage":{"@id":"https:\/\/colegioarquitectos.com\/noticias\/?p=6594#primaryimage"},"image":{"@id":"https:\/\/colegioarquitectos.com\/noticias\/?p=6594#primaryimage"},"thumbnailUrl":"https:\/\/colegioarquitectos.com\/noticias\/wp-content\/uploads\/2015\/01\/1324317703-ead-4.jpg","datePublished":"2015-01-23T12:00:51+00:00","dateModified":"2015-01-26T16:21:11+00:00","breadcrumb":{"@id":"https:\/\/colegioarquitectos.com\/noticias\/?p=6594#breadcrumb"},"inLanguage":"es","potentialAction":[{"@type":"ReadAction","target":["https:\/\/colegioarquitectos.com\/noticias\/?p=6594"]}]},{"@type":"ImageObject","inLanguage":"es","@id":"https:\/\/colegioarquitectos.com\/noticias\/?p=6594#primaryimage","url":"https:\/\/colegioarquitectos.com\/noticias\/wp-content\/uploads\/2015\/01\/1324317703-ead-4.jpg","contentUrl":"https:\/\/colegioarquitectos.com\/noticias\/wp-content\/uploads\/2015\/01\/1324317703-ead-4.jpg","width":690,"height":460},{"@type":"BreadcrumbList","@id":"https:\/\/colegioarquitectos.com\/noticias\/?p=6594#breadcrumb","itemListElement":[{"@type":"ListItem","position":1,"name":"Portada","item":"https:\/\/colegioarquitectos.com\/noticias"},{"@type":"ListItem","position":2,"name":"Murtinho Raby arquitectos y el escultor Federico Assler ganan Concurso Plaza P\u00fablica Torres de Tajamar"}]},{"@type":"WebSite","@id":"https:\/\/colegioarquitectos.com\/noticias\/#website","url":"https:\/\/colegioarquitectos.com\/noticias\/","name":"COLEGIO DE ARQUITECTOS DE CHILE","description":"","publisher":{"@id":"https:\/\/colegioarquitectos.com\/noticias\/#organization"},"potentialAction":[{"@type":"SearchAction","target":{"@type":"EntryPoint","urlTemplate":"https:\/\/colegioarquitectos.com\/noticias\/?s={search_term_string}"},"query-input":{"@type":"PropertyValueSpecification","valueRequired":true,"valueName":"search_term_string"}}],"inLanguage":"es"},{"@type":"Organization","@id":"https:\/\/colegioarquitectos.com\/noticias\/#organization","name":"COLEGIO DE ARQUITECTOS DE CHILE","url":"https:\/\/colegioarquitectos.com\/noticias\/","logo":{"@type":"ImageObject","inLanguage":"es","@id":"https:\/\/colegioarquitectos.com\/noticias\/#\/schema\/logo\/image\/","url":"https:\/\/colegioarquitectos.com\/noticias\/wp-content\/uploads\/2021\/05\/ENCABEZADO-LOGO-CA.jpg","contentUrl":"https:\/\/colegioarquitectos.com\/noticias\/wp-content\/uploads\/2021\/05\/ENCABEZADO-LOGO-CA.jpg","width":690,"height":350,"caption":"COLEGIO DE ARQUITECTOS DE CHILE"},"image":{"@id":"https:\/\/colegioarquitectos.com\/noticias\/#\/schema\/logo\/image\/"},"sameAs":["https:\/\/facebook.com\/Colegioarq\/","https:\/\/x.com\/colegioarq","https:\/\/instagram.com\/colegioarq","https:\/\/youtube.com\/@ColegiodeArquitectosdeChile"]},{"@type":"Person","@id":"https:\/\/colegioarquitectos.com\/noticias\/#\/schema\/person\/685cc0aad148303c5608f049af8285ad","name":"Colegio de Arquitectos de Chile","url":"https:\/\/colegioarquitectos.com\/noticias\/?author=4"}]}},"_links":{"self":[{"href":"https:\/\/colegioarquitectos.com\/noticias\/index.php?rest_route=\/wp\/v2\/posts\/6594","targetHints":{"allow":["GET"]}}],"collection":[{"href":"https:\/\/colegioarquitectos.com\/noticias\/index.php?rest_route=\/wp\/v2\/posts"}],"about":[{"href":"https:\/\/colegioarquitectos.com\/noticias\/index.php?rest_route=\/wp\/v2\/types\/post"}],"author":[{"embeddable":true,"href":"https:\/\/colegioarquitectos.com\/noticias\/index.php?rest_route=\/wp\/v2\/users\/4"}],"replies":[{"embeddable":true,"href":"https:\/\/colegioarquitectos.com\/noticias\/index.php?rest_route=%2Fwp%2Fv2%2Fcomments&post=6594"}],"version-history":[{"count":0,"href":"https:\/\/colegioarquitectos.com\/noticias\/index.php?rest_route=\/wp\/v2\/posts\/6594\/revisions"}],"wp:featuredmedia":[{"embeddable":true,"href":"https:\/\/colegioarquitectos.com\/noticias\/index.php?rest_route=\/wp\/v2\/media\/6639"}],"wp:attachment":[{"href":"https:\/\/colegioarquitectos.com\/noticias\/index.php?rest_route=%2Fwp%2Fv2%2Fmedia&parent=6594"}],"wp:term":[{"taxonomy":"category","embeddable":true,"href":"https:\/\/colegioarquitectos.com\/noticias\/index.php?rest_route=%2Fwp%2Fv2%2Fcategories&post=6594"},{"taxonomy":"post_tag","embeddable":true,"href":"https:\/\/colegioarquitectos.com\/noticias\/index.php?rest_route=%2Fwp%2Fv2%2Ftags&post=6594"}],"curies":[{"name":"wp","href":"https:\/\/api.w.org\/{rel}","templated":true}]}}