
{"id":6629,"date":"2015-01-22T16:47:16","date_gmt":"2015-01-22T16:47:16","guid":{"rendered":"http:\/\/colegioarquitectos.com\/?p=6629"},"modified":"2015-01-22T16:50:01","modified_gmt":"2015-01-22T16:50:01","slug":"delegacion-valparaiso-opina-sobre-el-traslado-de-la-facultad-de-medicina-de-la-universidad-de-valparaiso-a-renaca","status":"publish","type":"post","link":"https:\/\/colegioarquitectos.com\/noticias\/?p=6629","title":{"rendered":"Delegaci\u00f3n Valpara\u00edso opina sobre el traslado de la Facultad de Medicina de la Universidad de Valpara\u00edso hacia Re\u00f1aca"},"content":{"rendered":"<p>A trav\u00e9s de este comunicado S\u00f3tero Apablaza, Presidente de la Delegaci\u00f3n Zonal Valpara\u00edso del Colegio de Arquitectos, en nombre de su organizaci\u00f3n manifiesta su desacuerdo al traslado de la tradicional sede educacional.<\/p>\n<p>[gview file=\u00bbhttp:\/\/colegioarquitectos.com\/noticias\/wp-content\/uploads\/2015\/01\/OPINA-CAV-sobre-Traslado-de-Facultad-de-Medicina-de-la-UV.docx\u00bb]<\/p>\n<p><\/p>","protected":false},"excerpt":{"rendered":"<p>A trav\u00e9s de este comunicado S\u00f3tero Apablaza, Presidente de la Delegaci\u00f3n Zonal Valpara\u00edso del Colegio de Arquitectos, en nombre de su organizaci\u00f3n manifiesta su desacuerdo al traslado de la tradicional sede educacional. [gview file=\u00bbhttp:\/\/colegioarquitectos.com\/noticias\/wp-content\/uploads\/2015\/01\/OPINA-CAV-sobre-Traslado-de-Facultad-de-Medicina-de-la-UV.docx\u00bb] <a class=\"more-link\" href=\"https:\/\/colegioarquitectos.com\/noticias\/?p=6629\">ver m\u00e1s<\/a><\/p>","protected":false},"author":4,"featured_media":0,"comment_status":"open","ping_status":"open","sticky":false,"template":"","format":"standard","meta":{"footnotes":""},"categories":[10],"tags":[],"class_list":["post-6629","post","type-post","status-publish","format-standard","hentry","category-delegaciones-zonales"],"yoast_head":"<!-- This site is optimized with the Yoast SEO plugin v24.2 - https:\/\/yoast.com\/wordpress\/plugins\/seo\/ -->\n<title>Delegaci\u00f3n Valpara\u00edso opina sobre el traslado de la Facultad de Medicina de la Universidad de Valpara\u00edso hacia Re\u00f1aca - COLEGIO DE ARQUITECTOS DE CHILE<\/title>\n<meta name=\"robots\" content=\"index, follow, max-snippet:-1, max-image-preview:large, max-video-preview:-1\" \/>\n<link rel=\"canonical\" href=\"https:\/\/colegioarquitectos.com\/noticias\/?p=6629\" \/>\n<meta property=\"og:locale\" content=\"es_ES\" \/>\n<meta property=\"og:type\" content=\"article\" \/>\n<meta property=\"og:title\" content=\"Delegaci\u00f3n Valpara\u00edso opina sobre el traslado de la Facultad de Medicina de la Universidad de Valpara\u00edso hacia Re\u00f1aca - COLEGIO DE ARQUITECTOS DE CHILE\" \/>\n<meta property=\"og:description\" content=\"A trav\u00e9s de este comunicado S\u00f3tero Apablaza, Presidente de la Delegaci\u00f3n Zonal Valpara\u00edso del Colegio de Arquitectos, en nombre de su organizaci\u00f3n manifiesta su desacuerdo al traslado de la tradicional sede educacional. [gview file=\u00bbhttp:\/\/colegioarquitectos.com\/noticias\/wp-content\/uploads\/2015\/01\/OPINA-CAV-sobre-Traslado-de-Facultad-de-Medicina-de-la-UV.docx\u00bb] ver m\u00e1s\" \/>\n<meta property=\"og:url\" content=\"https:\/\/colegioarquitectos.com\/noticias\/?p=6629\" \/>\n<meta property=\"og:site_name\" content=\"COLEGIO DE ARQUITECTOS DE CHILE\" \/>\n<meta property=\"article:publisher\" content=\"https:\/\/facebook.com\/Colegioarq\/\" \/>\n<meta property=\"article:published_time\" content=\"2015-01-22T16:47:16+00:00\" \/>\n<meta property=\"article:modified_time\" content=\"2015-01-22T16:50:01+00:00\" \/>\n<meta name=\"author\" content=\"Colegio de Arquitectos de Chile\" \/>\n<meta name=\"twitter:card\" content=\"summary_large_image\" \/>\n<meta name=\"twitter:creator\" content=\"@colegioarq\" \/>\n<meta name=\"twitter:site\" content=\"@colegioarq\" \/>\n<meta name=\"twitter:label1\" content=\"Escrito por\" \/>\n\t<meta name=\"twitter:data1\" content=\"Colegio de Arquitectos de Chile\" \/>\n<script type=\"application\/ld+json\" class=\"yoast-schema-graph\">{\"@context\":\"https:\/\/schema.org\",\"@graph\":[{\"@type\":\"Article\",\"@id\":\"https:\/\/colegioarquitectos.com\/noticias\/?p=6629#article\",\"isPartOf\":{\"@id\":\"https:\/\/colegioarquitectos.com\/noticias\/?p=6629\"},\"author\":{\"name\":\"Colegio de Arquitectos de Chile\",\"@id\":\"https:\/\/colegioarquitectos.com\/noticias\/#\/schema\/person\/685cc0aad148303c5608f049af8285ad\"},\"headline\":\"Delegaci\u00f3n Valpara\u00edso opina sobre el traslado de la Facultad de Medicina de la Universidad de Valpara\u00edso hacia Re\u00f1aca\",\"datePublished\":\"2015-01-22T16:47:16+00:00\",\"dateModified\":\"2015-01-22T16:50:01+00:00\",\"mainEntityOfPage\":{\"@id\":\"https:\/\/colegioarquitectos.com\/noticias\/?p=6629\"},\"wordCount\":69,\"commentCount\":1,\"publisher\":{\"@id\":\"https:\/\/colegioarquitectos.com\/noticias\/#organization\"},\"articleSection\":[\"Delegaciones\"],\"inLanguage\":\"es\",\"potentialAction\":[{\"@type\":\"CommentAction\",\"name\":\"Comment\",\"target\":[\"https:\/\/colegioarquitectos.com\/noticias\/?p=6629#respond\"]}]},{\"@type\":\"WebPage\",\"@id\":\"https:\/\/colegioarquitectos.com\/noticias\/?p=6629\",\"url\":\"https:\/\/colegioarquitectos.com\/noticias\/?p=6629\",\"name\":\"Delegaci\u00f3n Valpara\u00edso opina sobre el traslado de la Facultad de Medicina de la Universidad de Valpara\u00edso hacia Re\u00f1aca - COLEGIO DE ARQUITECTOS DE CHILE\",\"isPartOf\":{\"@id\":\"https:\/\/colegioarquitectos.com\/noticias\/#website\"},\"datePublished\":\"2015-01-22T16:47:16+00:00\",\"dateModified\":\"2015-01-22T16:50:01+00:00\",\"breadcrumb\":{\"@id\":\"https:\/\/colegioarquitectos.com\/noticias\/?p=6629#breadcrumb\"},\"inLanguage\":\"es\",\"potentialAction\":[{\"@type\":\"ReadAction\",\"target\":[\"https:\/\/colegioarquitectos.com\/noticias\/?p=6629\"]}]},{\"@type\":\"BreadcrumbList\",\"@id\":\"https:\/\/colegioarquitectos.com\/noticias\/?p=6629#breadcrumb\",\"itemListElement\":[{\"@type\":\"ListItem\",\"position\":1,\"name\":\"Portada\",\"item\":\"https:\/\/colegioarquitectos.com\/noticias\"},{\"@type\":\"ListItem\",\"position\":2,\"name\":\"Delegaci\u00f3n Valpara\u00edso opina sobre el traslado de la Facultad de Medicina de la Universidad de Valpara\u00edso hacia Re\u00f1aca\"}]},{\"@type\":\"WebSite\",\"@id\":\"https:\/\/colegioarquitectos.com\/noticias\/#website\",\"url\":\"https:\/\/colegioarquitectos.com\/noticias\/\",\"name\":\"COLEGIO DE ARQUITECTOS DE CHILE\",\"description\":\"\",\"publisher\":{\"@id\":\"https:\/\/colegioarquitectos.com\/noticias\/#organization\"},\"potentialAction\":[{\"@type\":\"SearchAction\",\"target\":{\"@type\":\"EntryPoint\",\"urlTemplate\":\"https:\/\/colegioarquitectos.com\/noticias\/?s={search_term_string}\"},\"query-input\":{\"@type\":\"PropertyValueSpecification\",\"valueRequired\":true,\"valueName\":\"search_term_string\"}}],\"inLanguage\":\"es\"},{\"@type\":\"Organization\",\"@id\":\"https:\/\/colegioarquitectos.com\/noticias\/#organization\",\"name\":\"COLEGIO DE ARQUITECTOS DE CHILE\",\"url\":\"https:\/\/colegioarquitectos.com\/noticias\/\",\"logo\":{\"@type\":\"ImageObject\",\"inLanguage\":\"es\",\"@id\":\"https:\/\/colegioarquitectos.com\/noticias\/#\/schema\/logo\/image\/\",\"url\":\"https:\/\/colegioarquitectos.com\/noticias\/wp-content\/uploads\/2021\/05\/ENCABEZADO-LOGO-CA.jpg\",\"contentUrl\":\"https:\/\/colegioarquitectos.com\/noticias\/wp-content\/uploads\/2021\/05\/ENCABEZADO-LOGO-CA.jpg\",\"width\":690,\"height\":350,\"caption\":\"COLEGIO DE ARQUITECTOS DE CHILE\"},\"image\":{\"@id\":\"https:\/\/colegioarquitectos.com\/noticias\/#\/schema\/logo\/image\/\"},\"sameAs\":[\"https:\/\/facebook.com\/Colegioarq\/\",\"https:\/\/x.com\/colegioarq\",\"https:\/\/instagram.com\/colegioarq\",\"https:\/\/youtube.com\/@ColegiodeArquitectosdeChile\"]},{\"@type\":\"Person\",\"@id\":\"https:\/\/colegioarquitectos.com\/noticias\/#\/schema\/person\/685cc0aad148303c5608f049af8285ad\",\"name\":\"Colegio de Arquitectos de Chile\",\"url\":\"https:\/\/colegioarquitectos.com\/noticias\/?author=4\"}]}<\/script>\n<!-- \/ Yoast SEO plugin. -->","yoast_head_json":{"title":"Delegaci\u00f3n Valpara\u00edso opina sobre el traslado de la Facultad de Medicina de la Universidad de Valpara\u00edso hacia Re\u00f1aca - COLEGIO DE ARQUITECTOS DE CHILE","robots":{"index":"index","follow":"follow","max-snippet":"max-snippet:-1","max-image-preview":"max-image-preview:large","max-video-preview":"max-video-preview:-1"},"canonical":"https:\/\/colegioarquitectos.com\/noticias\/?p=6629","og_locale":"es_ES","og_type":"article","og_title":"Delegaci\u00f3n Valpara\u00edso opina sobre el traslado de la Facultad de Medicina de la Universidad de Valpara\u00edso hacia Re\u00f1aca - COLEGIO DE ARQUITECTOS DE CHILE","og_description":"A trav\u00e9s de este comunicado S\u00f3tero Apablaza, Presidente de la Delegaci\u00f3n Zonal Valpara\u00edso del Colegio de Arquitectos, en nombre de su organizaci\u00f3n manifiesta su desacuerdo al traslado de la tradicional sede educacional. [gview file=\u00bbhttp:\/\/colegioarquitectos.com\/noticias\/wp-content\/uploads\/2015\/01\/OPINA-CAV-sobre-Traslado-de-Facultad-de-Medicina-de-la-UV.docx\u00bb] ver m\u00e1s","og_url":"https:\/\/colegioarquitectos.com\/noticias\/?p=6629","og_site_name":"COLEGIO DE ARQUITECTOS DE CHILE","article_publisher":"https:\/\/facebook.com\/Colegioarq\/","article_published_time":"2015-01-22T16:47:16+00:00","article_modified_time":"2015-01-22T16:50:01+00:00","author":"Colegio de Arquitectos de Chile","twitter_card":"summary_large_image","twitter_creator":"@colegioarq","twitter_site":"@colegioarq","twitter_misc":{"Escrito por":"Colegio de Arquitectos de Chile"},"schema":{"@context":"https:\/\/schema.org","@graph":[{"@type":"Article","@id":"https:\/\/colegioarquitectos.com\/noticias\/?p=6629#article","isPartOf":{"@id":"https:\/\/colegioarquitectos.com\/noticias\/?p=6629"},"author":{"name":"Colegio de Arquitectos de Chile","@id":"https:\/\/colegioarquitectos.com\/noticias\/#\/schema\/person\/685cc0aad148303c5608f049af8285ad"},"headline":"Delegaci\u00f3n Valpara\u00edso opina sobre el traslado de la Facultad de Medicina de la Universidad de Valpara\u00edso hacia Re\u00f1aca","datePublished":"2015-01-22T16:47:16+00:00","dateModified":"2015-01-22T16:50:01+00:00","mainEntityOfPage":{"@id":"https:\/\/colegioarquitectos.com\/noticias\/?p=6629"},"wordCount":69,"commentCount":1,"publisher":{"@id":"https:\/\/colegioarquitectos.com\/noticias\/#organization"},"articleSection":["Delegaciones"],"inLanguage":"es","potentialAction":[{"@type":"CommentAction","name":"Comment","target":["https:\/\/colegioarquitectos.com\/noticias\/?p=6629#respond"]}]},{"@type":"WebPage","@id":"https:\/\/colegioarquitectos.com\/noticias\/?p=6629","url":"https:\/\/colegioarquitectos.com\/noticias\/?p=6629","name":"Delegaci\u00f3n Valpara\u00edso opina sobre el traslado de la Facultad de Medicina de la Universidad de Valpara\u00edso hacia Re\u00f1aca - COLEGIO DE ARQUITECTOS DE CHILE","isPartOf":{"@id":"https:\/\/colegioarquitectos.com\/noticias\/#website"},"datePublished":"2015-01-22T16:47:16+00:00","dateModified":"2015-01-22T16:50:01+00:00","breadcrumb":{"@id":"https:\/\/colegioarquitectos.com\/noticias\/?p=6629#breadcrumb"},"inLanguage":"es","potentialAction":[{"@type":"ReadAction","target":["https:\/\/colegioarquitectos.com\/noticias\/?p=6629"]}]},{"@type":"BreadcrumbList","@id":"https:\/\/colegioarquitectos.com\/noticias\/?p=6629#breadcrumb","itemListElement":[{"@type":"ListItem","position":1,"name":"Portada","item":"https:\/\/colegioarquitectos.com\/noticias"},{"@type":"ListItem","position":2,"name":"Delegaci\u00f3n Valpara\u00edso opina sobre el traslado de la Facultad de Medicina de la Universidad de Valpara\u00edso hacia Re\u00f1aca"}]},{"@type":"WebSite","@id":"https:\/\/colegioarquitectos.com\/noticias\/#website","url":"https:\/\/colegioarquitectos.com\/noticias\/","name":"COLEGIO DE ARQUITECTOS DE CHILE","description":"","publisher":{"@id":"https:\/\/colegioarquitectos.com\/noticias\/#organization"},"potentialAction":[{"@type":"SearchAction","target":{"@type":"EntryPoint","urlTemplate":"https:\/\/colegioarquitectos.com\/noticias\/?s={search_term_string}"},"query-input":{"@type":"PropertyValueSpecification","valueRequired":true,"valueName":"search_term_string"}}],"inLanguage":"es"},{"@type":"Organization","@id":"https:\/\/colegioarquitectos.com\/noticias\/#organization","name":"COLEGIO DE ARQUITECTOS DE CHILE","url":"https:\/\/colegioarquitectos.com\/noticias\/","logo":{"@type":"ImageObject","inLanguage":"es","@id":"https:\/\/colegioarquitectos.com\/noticias\/#\/schema\/logo\/image\/","url":"https:\/\/colegioarquitectos.com\/noticias\/wp-content\/uploads\/2021\/05\/ENCABEZADO-LOGO-CA.jpg","contentUrl":"https:\/\/colegioarquitectos.com\/noticias\/wp-content\/uploads\/2021\/05\/ENCABEZADO-LOGO-CA.jpg","width":690,"height":350,"caption":"COLEGIO DE ARQUITECTOS DE CHILE"},"image":{"@id":"https:\/\/colegioarquitectos.com\/noticias\/#\/schema\/logo\/image\/"},"sameAs":["https:\/\/facebook.com\/Colegioarq\/","https:\/\/x.com\/colegioarq","https:\/\/instagram.com\/colegioarq","https:\/\/youtube.com\/@ColegiodeArquitectosdeChile"]},{"@type":"Person","@id":"https:\/\/colegioarquitectos.com\/noticias\/#\/schema\/person\/685cc0aad148303c5608f049af8285ad","name":"Colegio de Arquitectos de Chile","url":"https:\/\/colegioarquitectos.com\/noticias\/?author=4"}]}},"_links":{"self":[{"href":"https:\/\/colegioarquitectos.com\/noticias\/index.php?rest_route=\/wp\/v2\/posts\/6629","targetHints":{"allow":["GET"]}}],"collection":[{"href":"https:\/\/colegioarquitectos.com\/noticias\/index.php?rest_route=\/wp\/v2\/posts"}],"about":[{"href":"https:\/\/colegioarquitectos.com\/noticias\/index.php?rest_route=\/wp\/v2\/types\/post"}],"author":[{"embeddable":true,"href":"https:\/\/colegioarquitectos.com\/noticias\/index.php?rest_route=\/wp\/v2\/users\/4"}],"replies":[{"embeddable":true,"href":"https:\/\/colegioarquitectos.com\/noticias\/index.php?rest_route=%2Fwp%2Fv2%2Fcomments&post=6629"}],"version-history":[{"count":0,"href":"https:\/\/colegioarquitectos.com\/noticias\/index.php?rest_route=\/wp\/v2\/posts\/6629\/revisions"}],"wp:attachment":[{"href":"https:\/\/colegioarquitectos.com\/noticias\/index.php?rest_route=%2Fwp%2Fv2%2Fmedia&parent=6629"}],"wp:term":[{"taxonomy":"category","embeddable":true,"href":"https:\/\/colegioarquitectos.com\/noticias\/index.php?rest_route=%2Fwp%2Fv2%2Fcategories&post=6629"},{"taxonomy":"post_tag","embeddable":true,"href":"https:\/\/colegioarquitectos.com\/noticias\/index.php?rest_route=%2Fwp%2Fv2%2Ftags&post=6629"}],"curies":[{"name":"wp","href":"https:\/\/api.w.org\/{rel}","templated":true}]}}