
{"id":6777,"date":"2015-04-29T09:44:59","date_gmt":"2015-04-29T09:44:59","guid":{"rendered":"http:\/\/colegioarquitectos.com\/?p=6777"},"modified":"2015-04-29T13:27:03","modified_gmt":"2015-04-29T13:27:03","slug":"concurso-de-arquitectura-joven-un-espacio-para-la-educacion","status":"publish","type":"post","link":"https:\/\/colegioarquitectos.com\/noticias\/?p=6777","title":{"rendered":"Concurso Arquitectura Joven \u201cUn Espacio para la Educaci\u00f3n\u201d dirigido a estudiantes de arquitectura de 2do y 3er a\u00f1o \/ nueva entrega 13 mayo 2015"},"content":{"rendered":"<p><span style=\"color: #0000ff;\"><strong>ACLARACI\u00d3N N\u00b0 1.-<\/strong><strong>\u00a0 DE BASES CONCURSO ARQUITECTURA JOVEN<\/strong><\/span><\/p>\n<p><span style=\"color: #0000ff;\"><strong>GENERAL:\u00a0<\/strong>Se aplaza la fecha de entrega instituida originalmente para el d\u00eda 17 de Abril 2015, \u00a0como se especifica en\u00a0 Bases Especiales de Concurso, \u00a0pto.3.-, ptos.-, 12 y 13, al d\u00eda<strong> 13 de Mayo 2015.<\/strong><em>\u00a0<\/em><\/span><\/p>\n<p><span style=\"color: #0000ff;\">La raz\u00f3n de este aplazamiento de acuerdo a las Bases de Concurso se debe a:<\/span><\/p>\n<p><span style=\"color: #0000ff;\">1.- \u00a0Los graves acontecimientos recientemente acaecidos con motivo de los aluviones en las regiones de Antofagasta y Atacama, situaci\u00f3n que ha provocado particular trabajo, tiempo y dedicaci\u00f3n para el Ministerio de Obras P\u00fablicas MOP, organizador del Concurso, \u00a0en la asistencia t\u00e9cnica y atenci\u00f3n para estas Regiones.<\/span><\/p>\n<hr \/>\n<p>&nbsp;<\/p>\n<p>Un concurso organizado por el Ministerio de Obras P\u00fablicas (MOP) y patrocinado por el Colegio de Arquitectos, donde se invita\u00a0a todos los estudiantes de arquitectura de 2\u00b0 y 3\u00b0 a\u00f1o de todas las Universidades del pa\u00eds, propone \u00a0desarrollar libremente y a\u00a0manera de idea una propuesta para un espacio educativo en el contexto de la\u00a0Reforma Educacional\u00a0actualmente en proceso.<\/p>\n<p>Los concursantes deber\u00e1n presentar un anteproyecto cuyo formato simple de entrega se definir\u00e1 a continuaci\u00f3n en las\u00a0Bases de Concurso<strong>\u00a0<\/strong>pr\u00f3ximas a publicarse.<\/p>\n<p>La propuesta consistir\u00e1 en entregar una soluci\u00f3n para el\u00a0<strong>espacio educativo b\u00e1sico<\/strong>,\u00a0concentr\u00e1ndose en la sala de clase<strong>,\u00a0<\/strong><strong>el \u201cAula\u201d\u00a0<\/strong>considerando la nueva mirada, el nuevo modelo en el contexto de la Reforma y el\u00a0 tipo de educaci\u00f3n que queremos y que los\u00a0estudiantes han perseguido.<\/p>\n<p>\u201cUn espacio para la educaci\u00f3n\u201d\u00a0es por ende la oportunidad para expresar el cambio de paradigma y la importancia que tiene el modificar las pr\u00e1cticas educativas al interior de las aulas, la relaci\u00f3n profesor \u2013 alumno,\u00a0el c\u00f3mo se ense\u00f1a y el c\u00f3mo se aprende.<\/p>\n<p>Se espera de los estudiantes concursantes una respuesta propia seg\u00fan su visi\u00f3n y experiencia en modo tal que puedan a trav\u00e9s de este certamen tener la oportunidad de proponer y adaptar con calidad la Arquitectura en la era del conocimiento. Dise\u00f1os que cambien la realidad actual de la educaci\u00f3n, con condiciones m\u00e1s humanas, creativas, sustentables, eficientes, innovadoras en lo material y constructivo, \u00e9ticas en lo sugerente, en resumen <strong>una arquitectura que eduque<\/strong>.<\/p>\n<p>&nbsp;<\/p>\n<hr \/>\n<p><strong>Bases \u00a0Concurso de Arquitectura Joven \u00bb Un espacio para la Educaci\u00f3n\u00bb<\/strong><\/p>\n<p><strong><span style=\"color: #3366ff;\">\u00a0<span style=\"color: #0000ff;\">NUEVO DOCUMENTO\u00a0ACLARACIONES\u00a0Y CONSULTAS<\/span><\/span><\/strong><\/p>\n<p>[gview file=\u00bbhttp:\/\/colegioarquitectos.com\/noticias\/wp-content\/uploads\/2015\/04\/documentoCONCURSO.pdf\u00bb]<\/p>\n<p>[gview file=\u00bbhttp:\/\/colegioarquitectos.com\/noticias\/wp-content\/uploads\/2015\/03\/TDR-CONCURSO.docx\u00bb]<\/p>\n<p>[gview file=\u00bbhttp:\/\/colegioarquitectos.com\/noticias\/wp-content\/uploads\/2015\/03\/FORMULARIO-CONSULTA.docx\u00bb]<\/p>\n<p>[gview file=\u00bbhttp:\/\/colegioarquitectos.com\/noticias\/wp-content\/uploads\/2015\/03\/FORMULARIO-CONSULTA.docx\u00bb]<\/p>\n<hr \/>\n<p><strong>Formulario de inscripci\u00f3n y consultas\u00a0Concurso de Arquitectura Joven \u00bb Un espacio para la Educaci\u00f3n\u00bb<\/strong><\/p>\n<p><b style=\"color: #222222;\"><i>Estimados Concursantes: Con la finalidad de tener claridad sobre el n\u00famero de participantes interesados en concursar y a manera de mejorar la comunicaci\u00f3n con los mismos, se les solicita poner en cuadro adjunto<\/i><\/b><\/p>\n<p>[contact-form subject=\u00bbCONSULTA CONSURSO ARQUITECTURA JOVEN\u00bb to=\u00bbconcursoarquitecturajoven@colegioarquitectos.com\u00bb] [contact-field label=\u00bbNombre del concursante\u00bb type=\u00bbname\u00bb required=\u00bbtrue\u00bb \/] [contact-field label=\u00bbEmail\u00bb type=\u00bbemail\u00bb required=\u00bbtrue\u00bb \/] [contact-field label=\u00bbtel\u00e9fono o celular\u00bb type=\u00bbtext\u00bb \/] [contact-field label=\u00bbConsulta\u00bb type=\u00bbtextarea\u00bb required=\u00bbtrue\u00bb \/] [\/contact-form]<\/p>\n<p>&nbsp;<\/p>\n<p><\/p>","protected":false},"excerpt":{"rendered":"<p>ACLARACI\u00d3N N\u00b0 1.-\u00a0 DE BASES CONCURSO ARQUITECTURA JOVEN GENERAL:\u00a0Se aplaza la fecha de entrega instituida originalmente para el d\u00eda 17 de Abril 2015, \u00a0como se especifica en\u00a0 Bases Especiales de Concurso, \u00a0pto.3.-, ptos.-, 12 y 13, al d\u00eda 13 de &hellip; <a class=\"more-link\" href=\"https:\/\/colegioarquitectos.com\/noticias\/?p=6777\">ver m\u00e1s<\/a><\/p>","protected":false},"author":4,"featured_media":6916,"comment_status":"open","ping_status":"open","sticky":false,"template":"","format":"standard","meta":{"footnotes":""},"categories":[11],"tags":[],"class_list":["post-6777","post","type-post","status-publish","format-standard","has-post-thumbnail","hentry","category-concursos"],"yoast_head":"<!-- This site is optimized with the Yoast SEO plugin v24.2 - https:\/\/yoast.com\/wordpress\/plugins\/seo\/ -->\n<title>Concurso Arquitectura Joven \u201cUn Espacio para la Educaci\u00f3n\u201d dirigido a estudiantes de arquitectura de 2do y 3er a\u00f1o \/ nueva entrega 13 mayo 2015 - COLEGIO DE ARQUITECTOS DE CHILE<\/title>\n<meta name=\"robots\" content=\"index, follow, max-snippet:-1, max-image-preview:large, max-video-preview:-1\" \/>\n<link rel=\"canonical\" href=\"https:\/\/colegioarquitectos.com\/noticias\/?p=6777\" \/>\n<meta property=\"og:locale\" content=\"es_ES\" \/>\n<meta property=\"og:type\" content=\"article\" \/>\n<meta property=\"og:title\" content=\"Concurso Arquitectura Joven \u201cUn Espacio para la Educaci\u00f3n\u201d dirigido a estudiantes de arquitectura de 2do y 3er a\u00f1o \/ nueva entrega 13 mayo 2015 - COLEGIO DE ARQUITECTOS DE CHILE\" \/>\n<meta property=\"og:description\" content=\"ACLARACI\u00d3N N\u00b0 1.-\u00a0 DE BASES CONCURSO ARQUITECTURA JOVEN GENERAL:\u00a0Se aplaza la fecha de entrega instituida originalmente para el d\u00eda 17 de Abril 2015, \u00a0como se especifica en\u00a0 Bases Especiales de Concurso, \u00a0pto.3.-, ptos.-, 12 y 13, al d\u00eda 13 de &hellip; ver m\u00e1s\" \/>\n<meta property=\"og:url\" content=\"https:\/\/colegioarquitectos.com\/noticias\/?p=6777\" \/>\n<meta property=\"og:site_name\" content=\"COLEGIO DE ARQUITECTOS DE CHILE\" \/>\n<meta property=\"article:publisher\" content=\"https:\/\/facebook.com\/Colegioarq\/\" \/>\n<meta property=\"article:published_time\" content=\"2015-04-29T09:44:59+00:00\" \/>\n<meta property=\"article:modified_time\" content=\"2015-04-29T13:27:03+00:00\" \/>\n<meta property=\"og:image\" content=\"https:\/\/colegioarquitectos.com\/noticias\/wp-content\/uploads\/2015\/03\/AFICHE1.jpg\" \/>\n\t<meta property=\"og:image:width\" content=\"605\" \/>\n\t<meta property=\"og:image:height\" content=\"1017\" \/>\n\t<meta property=\"og:image:type\" content=\"image\/jpeg\" \/>\n<meta name=\"author\" content=\"Colegio de Arquitectos de Chile\" \/>\n<meta name=\"twitter:card\" content=\"summary_large_image\" \/>\n<meta name=\"twitter:creator\" content=\"@colegioarq\" \/>\n<meta name=\"twitter:site\" content=\"@colegioarq\" \/>\n<meta name=\"twitter:label1\" content=\"Escrito por\" \/>\n\t<meta name=\"twitter:data1\" content=\"Colegio de Arquitectos de Chile\" \/>\n\t<meta name=\"twitter:label2\" content=\"Tiempo de lectura\" \/>\n\t<meta name=\"twitter:data2\" content=\"3 minutos\" \/>\n<script type=\"application\/ld+json\" class=\"yoast-schema-graph\">{\"@context\":\"https:\/\/schema.org\",\"@graph\":[{\"@type\":\"Article\",\"@id\":\"https:\/\/colegioarquitectos.com\/noticias\/?p=6777#article\",\"isPartOf\":{\"@id\":\"https:\/\/colegioarquitectos.com\/noticias\/?p=6777\"},\"author\":{\"name\":\"Colegio de Arquitectos de Chile\",\"@id\":\"https:\/\/colegioarquitectos.com\/noticias\/#\/schema\/person\/685cc0aad148303c5608f049af8285ad\"},\"headline\":\"Concurso Arquitectura Joven \u201cUn Espacio para la Educaci\u00f3n\u201d dirigido a estudiantes de arquitectura de 2do y 3er a\u00f1o \/ nueva entrega 13 mayo 2015\",\"datePublished\":\"2015-04-29T09:44:59+00:00\",\"dateModified\":\"2015-04-29T13:27:03+00:00\",\"mainEntityOfPage\":{\"@id\":\"https:\/\/colegioarquitectos.com\/noticias\/?p=6777\"},\"wordCount\":550,\"commentCount\":1,\"publisher\":{\"@id\":\"https:\/\/colegioarquitectos.com\/noticias\/#organization\"},\"image\":{\"@id\":\"https:\/\/colegioarquitectos.com\/noticias\/?p=6777#primaryimage\"},\"thumbnailUrl\":\"https:\/\/colegioarquitectos.com\/noticias\/wp-content\/uploads\/2015\/03\/AFICHE1.jpg\",\"articleSection\":[\"Concursos\"],\"inLanguage\":\"es\",\"potentialAction\":[{\"@type\":\"CommentAction\",\"name\":\"Comment\",\"target\":[\"https:\/\/colegioarquitectos.com\/noticias\/?p=6777#respond\"]}]},{\"@type\":\"WebPage\",\"@id\":\"https:\/\/colegioarquitectos.com\/noticias\/?p=6777\",\"url\":\"https:\/\/colegioarquitectos.com\/noticias\/?p=6777\",\"name\":\"Concurso Arquitectura Joven \u201cUn Espacio para la Educaci\u00f3n\u201d dirigido a estudiantes de arquitectura de 2do y 3er a\u00f1o \/ nueva entrega 13 mayo 2015 - COLEGIO DE ARQUITECTOS DE CHILE\",\"isPartOf\":{\"@id\":\"https:\/\/colegioarquitectos.com\/noticias\/#website\"},\"primaryImageOfPage\":{\"@id\":\"https:\/\/colegioarquitectos.com\/noticias\/?p=6777#primaryimage\"},\"image\":{\"@id\":\"https:\/\/colegioarquitectos.com\/noticias\/?p=6777#primaryimage\"},\"thumbnailUrl\":\"https:\/\/colegioarquitectos.com\/noticias\/wp-content\/uploads\/2015\/03\/AFICHE1.jpg\",\"datePublished\":\"2015-04-29T09:44:59+00:00\",\"dateModified\":\"2015-04-29T13:27:03+00:00\",\"breadcrumb\":{\"@id\":\"https:\/\/colegioarquitectos.com\/noticias\/?p=6777#breadcrumb\"},\"inLanguage\":\"es\",\"potentialAction\":[{\"@type\":\"ReadAction\",\"target\":[\"https:\/\/colegioarquitectos.com\/noticias\/?p=6777\"]}]},{\"@type\":\"ImageObject\",\"inLanguage\":\"es\",\"@id\":\"https:\/\/colegioarquitectos.com\/noticias\/?p=6777#primaryimage\",\"url\":\"https:\/\/colegioarquitectos.com\/noticias\/wp-content\/uploads\/2015\/03\/AFICHE1.jpg\",\"contentUrl\":\"https:\/\/colegioarquitectos.com\/noticias\/wp-content\/uploads\/2015\/03\/AFICHE1.jpg\",\"width\":605,\"height\":1017},{\"@type\":\"BreadcrumbList\",\"@id\":\"https:\/\/colegioarquitectos.com\/noticias\/?p=6777#breadcrumb\",\"itemListElement\":[{\"@type\":\"ListItem\",\"position\":1,\"name\":\"Portada\",\"item\":\"https:\/\/colegioarquitectos.com\/noticias\"},{\"@type\":\"ListItem\",\"position\":2,\"name\":\"Concurso Arquitectura Joven \u201cUn Espacio para la Educaci\u00f3n\u201d dirigido a estudiantes de arquitectura de 2do y 3er a\u00f1o \/ nueva entrega 13 mayo 2015\"}]},{\"@type\":\"WebSite\",\"@id\":\"https:\/\/colegioarquitectos.com\/noticias\/#website\",\"url\":\"https:\/\/colegioarquitectos.com\/noticias\/\",\"name\":\"COLEGIO DE ARQUITECTOS DE CHILE\",\"description\":\"\",\"publisher\":{\"@id\":\"https:\/\/colegioarquitectos.com\/noticias\/#organization\"},\"potentialAction\":[{\"@type\":\"SearchAction\",\"target\":{\"@type\":\"EntryPoint\",\"urlTemplate\":\"https:\/\/colegioarquitectos.com\/noticias\/?s={search_term_string}\"},\"query-input\":{\"@type\":\"PropertyValueSpecification\",\"valueRequired\":true,\"valueName\":\"search_term_string\"}}],\"inLanguage\":\"es\"},{\"@type\":\"Organization\",\"@id\":\"https:\/\/colegioarquitectos.com\/noticias\/#organization\",\"name\":\"COLEGIO DE ARQUITECTOS DE CHILE\",\"url\":\"https:\/\/colegioarquitectos.com\/noticias\/\",\"logo\":{\"@type\":\"ImageObject\",\"inLanguage\":\"es\",\"@id\":\"https:\/\/colegioarquitectos.com\/noticias\/#\/schema\/logo\/image\/\",\"url\":\"https:\/\/colegioarquitectos.com\/noticias\/wp-content\/uploads\/2021\/05\/ENCABEZADO-LOGO-CA.jpg\",\"contentUrl\":\"https:\/\/colegioarquitectos.com\/noticias\/wp-content\/uploads\/2021\/05\/ENCABEZADO-LOGO-CA.jpg\",\"width\":690,\"height\":350,\"caption\":\"COLEGIO DE ARQUITECTOS DE CHILE\"},\"image\":{\"@id\":\"https:\/\/colegioarquitectos.com\/noticias\/#\/schema\/logo\/image\/\"},\"sameAs\":[\"https:\/\/facebook.com\/Colegioarq\/\",\"https:\/\/x.com\/colegioarq\",\"https:\/\/instagram.com\/colegioarq\",\"https:\/\/youtube.com\/@ColegiodeArquitectosdeChile\"]},{\"@type\":\"Person\",\"@id\":\"https:\/\/colegioarquitectos.com\/noticias\/#\/schema\/person\/685cc0aad148303c5608f049af8285ad\",\"name\":\"Colegio de Arquitectos de Chile\",\"url\":\"https:\/\/colegioarquitectos.com\/noticias\/?author=4\"}]}<\/script>\n<!-- \/ Yoast SEO plugin. -->","yoast_head_json":{"title":"Concurso Arquitectura Joven \u201cUn Espacio para la Educaci\u00f3n\u201d dirigido a estudiantes de arquitectura de 2do y 3er a\u00f1o \/ nueva entrega 13 mayo 2015 - COLEGIO DE ARQUITECTOS DE CHILE","robots":{"index":"index","follow":"follow","max-snippet":"max-snippet:-1","max-image-preview":"max-image-preview:large","max-video-preview":"max-video-preview:-1"},"canonical":"https:\/\/colegioarquitectos.com\/noticias\/?p=6777","og_locale":"es_ES","og_type":"article","og_title":"Concurso Arquitectura Joven \u201cUn Espacio para la Educaci\u00f3n\u201d dirigido a estudiantes de arquitectura de 2do y 3er a\u00f1o \/ nueva entrega 13 mayo 2015 - COLEGIO DE ARQUITECTOS DE CHILE","og_description":"ACLARACI\u00d3N N\u00b0 1.-\u00a0 DE BASES CONCURSO ARQUITECTURA JOVEN GENERAL:\u00a0Se aplaza la fecha de entrega instituida originalmente para el d\u00eda 17 de Abril 2015, \u00a0como se especifica en\u00a0 Bases Especiales de Concurso, \u00a0pto.3.-, ptos.-, 12 y 13, al d\u00eda 13 de &hellip; ver m\u00e1s","og_url":"https:\/\/colegioarquitectos.com\/noticias\/?p=6777","og_site_name":"COLEGIO DE ARQUITECTOS DE CHILE","article_publisher":"https:\/\/facebook.com\/Colegioarq\/","article_published_time":"2015-04-29T09:44:59+00:00","article_modified_time":"2015-04-29T13:27:03+00:00","og_image":[{"width":605,"height":1017,"url":"https:\/\/colegioarquitectos.com\/noticias\/wp-content\/uploads\/2015\/03\/AFICHE1.jpg","type":"image\/jpeg"}],"author":"Colegio de Arquitectos de Chile","twitter_card":"summary_large_image","twitter_creator":"@colegioarq","twitter_site":"@colegioarq","twitter_misc":{"Escrito por":"Colegio de Arquitectos de Chile","Tiempo de lectura":"3 minutos"},"schema":{"@context":"https:\/\/schema.org","@graph":[{"@type":"Article","@id":"https:\/\/colegioarquitectos.com\/noticias\/?p=6777#article","isPartOf":{"@id":"https:\/\/colegioarquitectos.com\/noticias\/?p=6777"},"author":{"name":"Colegio de Arquitectos de Chile","@id":"https:\/\/colegioarquitectos.com\/noticias\/#\/schema\/person\/685cc0aad148303c5608f049af8285ad"},"headline":"Concurso Arquitectura Joven \u201cUn Espacio para la Educaci\u00f3n\u201d dirigido a estudiantes de arquitectura de 2do y 3er a\u00f1o \/ nueva entrega 13 mayo 2015","datePublished":"2015-04-29T09:44:59+00:00","dateModified":"2015-04-29T13:27:03+00:00","mainEntityOfPage":{"@id":"https:\/\/colegioarquitectos.com\/noticias\/?p=6777"},"wordCount":550,"commentCount":1,"publisher":{"@id":"https:\/\/colegioarquitectos.com\/noticias\/#organization"},"image":{"@id":"https:\/\/colegioarquitectos.com\/noticias\/?p=6777#primaryimage"},"thumbnailUrl":"https:\/\/colegioarquitectos.com\/noticias\/wp-content\/uploads\/2015\/03\/AFICHE1.jpg","articleSection":["Concursos"],"inLanguage":"es","potentialAction":[{"@type":"CommentAction","name":"Comment","target":["https:\/\/colegioarquitectos.com\/noticias\/?p=6777#respond"]}]},{"@type":"WebPage","@id":"https:\/\/colegioarquitectos.com\/noticias\/?p=6777","url":"https:\/\/colegioarquitectos.com\/noticias\/?p=6777","name":"Concurso Arquitectura Joven \u201cUn Espacio para la Educaci\u00f3n\u201d dirigido a estudiantes de arquitectura de 2do y 3er a\u00f1o \/ nueva entrega 13 mayo 2015 - COLEGIO DE ARQUITECTOS DE CHILE","isPartOf":{"@id":"https:\/\/colegioarquitectos.com\/noticias\/#website"},"primaryImageOfPage":{"@id":"https:\/\/colegioarquitectos.com\/noticias\/?p=6777#primaryimage"},"image":{"@id":"https:\/\/colegioarquitectos.com\/noticias\/?p=6777#primaryimage"},"thumbnailUrl":"https:\/\/colegioarquitectos.com\/noticias\/wp-content\/uploads\/2015\/03\/AFICHE1.jpg","datePublished":"2015-04-29T09:44:59+00:00","dateModified":"2015-04-29T13:27:03+00:00","breadcrumb":{"@id":"https:\/\/colegioarquitectos.com\/noticias\/?p=6777#breadcrumb"},"inLanguage":"es","potentialAction":[{"@type":"ReadAction","target":["https:\/\/colegioarquitectos.com\/noticias\/?p=6777"]}]},{"@type":"ImageObject","inLanguage":"es","@id":"https:\/\/colegioarquitectos.com\/noticias\/?p=6777#primaryimage","url":"https:\/\/colegioarquitectos.com\/noticias\/wp-content\/uploads\/2015\/03\/AFICHE1.jpg","contentUrl":"https:\/\/colegioarquitectos.com\/noticias\/wp-content\/uploads\/2015\/03\/AFICHE1.jpg","width":605,"height":1017},{"@type":"BreadcrumbList","@id":"https:\/\/colegioarquitectos.com\/noticias\/?p=6777#breadcrumb","itemListElement":[{"@type":"ListItem","position":1,"name":"Portada","item":"https:\/\/colegioarquitectos.com\/noticias"},{"@type":"ListItem","position":2,"name":"Concurso Arquitectura Joven \u201cUn Espacio para la Educaci\u00f3n\u201d dirigido a estudiantes de arquitectura de 2do y 3er a\u00f1o \/ nueva entrega 13 mayo 2015"}]},{"@type":"WebSite","@id":"https:\/\/colegioarquitectos.com\/noticias\/#website","url":"https:\/\/colegioarquitectos.com\/noticias\/","name":"COLEGIO DE ARQUITECTOS DE CHILE","description":"","publisher":{"@id":"https:\/\/colegioarquitectos.com\/noticias\/#organization"},"potentialAction":[{"@type":"SearchAction","target":{"@type":"EntryPoint","urlTemplate":"https:\/\/colegioarquitectos.com\/noticias\/?s={search_term_string}"},"query-input":{"@type":"PropertyValueSpecification","valueRequired":true,"valueName":"search_term_string"}}],"inLanguage":"es"},{"@type":"Organization","@id":"https:\/\/colegioarquitectos.com\/noticias\/#organization","name":"COLEGIO DE ARQUITECTOS DE CHILE","url":"https:\/\/colegioarquitectos.com\/noticias\/","logo":{"@type":"ImageObject","inLanguage":"es","@id":"https:\/\/colegioarquitectos.com\/noticias\/#\/schema\/logo\/image\/","url":"https:\/\/colegioarquitectos.com\/noticias\/wp-content\/uploads\/2021\/05\/ENCABEZADO-LOGO-CA.jpg","contentUrl":"https:\/\/colegioarquitectos.com\/noticias\/wp-content\/uploads\/2021\/05\/ENCABEZADO-LOGO-CA.jpg","width":690,"height":350,"caption":"COLEGIO DE ARQUITECTOS DE CHILE"},"image":{"@id":"https:\/\/colegioarquitectos.com\/noticias\/#\/schema\/logo\/image\/"},"sameAs":["https:\/\/facebook.com\/Colegioarq\/","https:\/\/x.com\/colegioarq","https:\/\/instagram.com\/colegioarq","https:\/\/youtube.com\/@ColegiodeArquitectosdeChile"]},{"@type":"Person","@id":"https:\/\/colegioarquitectos.com\/noticias\/#\/schema\/person\/685cc0aad148303c5608f049af8285ad","name":"Colegio de Arquitectos de Chile","url":"https:\/\/colegioarquitectos.com\/noticias\/?author=4"}]}},"_links":{"self":[{"href":"https:\/\/colegioarquitectos.com\/noticias\/index.php?rest_route=\/wp\/v2\/posts\/6777","targetHints":{"allow":["GET"]}}],"collection":[{"href":"https:\/\/colegioarquitectos.com\/noticias\/index.php?rest_route=\/wp\/v2\/posts"}],"about":[{"href":"https:\/\/colegioarquitectos.com\/noticias\/index.php?rest_route=\/wp\/v2\/types\/post"}],"author":[{"embeddable":true,"href":"https:\/\/colegioarquitectos.com\/noticias\/index.php?rest_route=\/wp\/v2\/users\/4"}],"replies":[{"embeddable":true,"href":"https:\/\/colegioarquitectos.com\/noticias\/index.php?rest_route=%2Fwp%2Fv2%2Fcomments&post=6777"}],"version-history":[{"count":0,"href":"https:\/\/colegioarquitectos.com\/noticias\/index.php?rest_route=\/wp\/v2\/posts\/6777\/revisions"}],"wp:featuredmedia":[{"embeddable":true,"href":"https:\/\/colegioarquitectos.com\/noticias\/index.php?rest_route=\/wp\/v2\/media\/6916"}],"wp:attachment":[{"href":"https:\/\/colegioarquitectos.com\/noticias\/index.php?rest_route=%2Fwp%2Fv2%2Fmedia&parent=6777"}],"wp:term":[{"taxonomy":"category","embeddable":true,"href":"https:\/\/colegioarquitectos.com\/noticias\/index.php?rest_route=%2Fwp%2Fv2%2Fcategories&post=6777"},{"taxonomy":"post_tag","embeddable":true,"href":"https:\/\/colegioarquitectos.com\/noticias\/index.php?rest_route=%2Fwp%2Fv2%2Ftags&post=6777"}],"curies":[{"name":"wp","href":"https:\/\/api.w.org\/{rel}","templated":true}]}}