
{"id":717,"date":"2012-05-08T08:30:00","date_gmt":"2012-05-08T08:30:00","guid":{"rendered":"http:\/\/colegioarquitectos.com\/noticias\/?p=717"},"modified":"2012-05-09T15:49:16","modified_gmt":"2012-05-09T15:49:16","slug":"noticias-destacadas-prensa-01-a-07-mayo-2012","status":"publish","type":"post","link":"https:\/\/colegioarquitectos.com\/noticias\/?p=717","title":{"rendered":"NOTICIAS DESTACADAS PRENSA \u2013 01 a 07 mayo 2012"},"content":{"rendered":"<p style=\"text-align: justify;\"><strong>(1) Colegio de Arquitectos pide a Contralor\u00eda que investigue irregularidades en mall de Castro<\/strong><strong>. <span style=\"color: #000080;\">El Mercurio. 03.05.12<\/span><\/strong><strong><\/strong><\/p>\n<p style=\"text-align: justify;\"><strong>(2) Cencosud aplaza gala inaugural de Costanera Center, que abrir\u00e1 en forma escalonada<\/strong><strong>. <span style=\"color: #000080;\">El Mercurio. 05.05.12<\/span><\/strong><\/p>\n<p style=\"text-align: justify;\"><strong>(3) Vivienda lanza plan para mejorar 15 barrios vulnerables<\/strong><strong>. <\/strong><span style=\"color: #000080;\"><strong>La Tercera.<\/strong><strong> 07.05.12<\/strong><\/span><strong><\/strong><\/p>\n<p style=\"text-align: justify;\"><strong>(4) Valpara\u00edso: Proyecto Mall Plaza Bar\u00f3n deber\u00e1 ser sometido a evaluaci\u00f3n de impacto ambiental<\/strong><strong>. <span style=\"color: #000080;\">El Mercurio. 08.05.12<\/span><\/strong><\/p>\n<p style=\"text-align: justify;\"><strong>(5) Comisi\u00f3n de Vivienda aprob\u00f3 en general proyecto que crea registros nacionales de inspectores t\u00e9cnicos de obras. <span style=\"color: #000080;\">C\u00e1mara de Diputados. 20.04.12<\/span><\/strong><\/p>\n<p style=\"text-align: justify;\"><strong>(6) Defendamos la Ciudad cuestiona \u201cenv\u00edo secreto\u201d a Contralor\u00eda de proyecto de expansi\u00f3n urbana. <span style=\"color: #000080;\">El Mostrador. 26.04.12<\/span><\/strong><\/p>\n<p style=\"text-align: justify;\"><strong>(7) Reconstrucci\u00f3n de Villa Ol\u00edmpica luego del terremoto alcanza un 25%<\/strong><strong>.<span style=\"color: #000080;\"> La Tercera. 02.05.12<\/span><\/strong><\/p>\n<p style=\"text-align: justify;\"><strong>(8) Relatora ONU critica uso de subsidios para plan de reconstrucci\u00f3n<\/strong><strong>. <span style=\"color: #000080;\">La Tercera. 03.05.12<\/span><\/strong><\/p>\n<p style=\"text-align: justify;\"><strong>(9) Barrio Yungay: vecinos acusan demolici\u00f3n en zona t\u00edpica. <span style=\"color: #000080;\">El Mercurio. 04.05.12<\/span><\/strong><\/p>\n<p style=\"text-align: justify;\"><strong>(10) Secuelas del desarrollo urban\u00edstico: <\/strong><strong>Nuevos edificios amenazan al barrio Viel, zona t\u00edpica del centro de la capital<\/strong><strong>. <span style=\"color: #000080;\">El Mercurio. 07.05.12<\/span><\/strong><\/p>\n<p style=\"text-align: justify;\"><strong>\u00a0<\/strong><\/p>\n<p style=\"text-align: justify;\"><span style=\"color: #993300;\"><strong><span style=\"text-decoration: underline;\">(1) Colegio de Arquitectos pide a Contralor\u00eda que investigue irregularidades en mall de Castro<\/span><\/strong><strong><span style=\"text-decoration: underline;\">.<\/span><\/strong><\/span><strong><span style=\"text-decoration: underline;\"> El Mercurio. 03.05.12<\/span><\/strong><strong><span style=\"text-decoration: underline;\">. <\/span><\/strong><strong><span style=\"text-decoration: underline;\"><a href=\"http:\/\/colegioarquitectos.com\/noticias\/wp-content\/uploads\/2012\/05\/Nota-1.pdf\">Nota 1<\/a><\/span><\/strong><strong><\/strong><\/p>\n<p style=\"text-align: justify;\">El Colegio de Arquitectos entregar\u00e1 hoy a la Contralor\u00eda un completo informe sobre el pol\u00e9mico mall de Castro, en Chilo\u00e9, en el que establece una serie de irregularidades e incumplimientos en la tramitaci\u00f3n y ejecuci\u00f3n del proyecto de la empresa Pasmar.<\/p>\n<p style=\"text-align: justify;\">El objetivo del Colegio de Arquitectos es solicitar al ente contralor que abra una investigaci\u00f3n sobre todo el proceso administrativo que rodea la construcci\u00f3n del controvertido centro comercial. \u00abNo s\u00f3lo los permisos, sino todo tr\u00e1mite administrativo que se haya ejecutado en el marco de este proyecto\u00bb, afirma Vesna Yurac, presidenta de la delegaci\u00f3n Chilo\u00e9 del gremio y encargada del informe.<\/p>\n<p style=\"text-align: justify;\">En sus conclusiones, el documento de seis p\u00e1ginas -elaborado por un equipo t\u00e9cnico del Colegio y firmado por el presidente del gremio, Luis Eduardo Bresciani- apunta a que el proceso por el cual se aprob\u00f3 el proyecto \u00abest\u00e1 fuera de norma desde su origen, mediante dos permisos de edificaci\u00f3n con serios vicios t\u00e9cnicos y de legalidad, con sus construcciones en permanente estado de infracci\u00f3n a la ley\u00bb.<\/p>\n<p style=\"text-align: justify;\">Mientras en Santiago se entrega el informe a Contralor\u00eda, en Puerto Montt est\u00e1 prevista una reuni\u00f3n con el intendente de Los Lagos, Juan Sebasti\u00e1n Montes, para proponerle una soluci\u00f3n al proyecto, a la que asistir\u00e1 tanto el Colegio de Arquitectos como organizaciones de Castro.<\/p>\n<p style=\"text-align: justify;\"><strong>Arquitectos acusan serie de irregularidades en mall. La Estrella de Chilo\u00e9. 04.05.12. <a href=\"http:\/\/colegioarquitectos.com\/noticias\/wp-content\/uploads\/2012\/05\/Nota-2.pdf\">Nota 2<\/a><br \/>\n<\/strong><\/p>\n<p style=\"text-align: justify;\"><strong>Conferencia de Prensa. Colegio de Arquitectos y mall de Castro: \u00abEstamos consternados frente a la manera en que se est\u00e1 construyendo ciudad\u00bb. La Tercera.com. 04.05.12.\u00a0<a href=\"http:\/\/colegioarquitectos.com\/noticias\/wp-content\/uploads\/2012\/05\/Nota-3.pdf\">Nota 3<\/a><\/strong><\/p>\n<p style=\"text-align: justify;\"><strong>Conferencia de Prensa. Colegio de Arquitectos: Anomal\u00edas en mall de Castro se repetir\u00edan en otras comunas. El Mercurio. 05.05.12. <a href=\"http:\/\/colegioarquitectos.com\/noticias\/wp-content\/uploads\/2012\/05\/Nota-4.pdf\">Nota 4<\/a><\/strong><strong><\/strong><\/p>\n<p style=\"text-align: justify;\"><span style=\"color: #993300;\"><strong><span style=\"text-decoration: underline;\">(2) Cencosud aplaza gala inaugural de Costanera Center, que abrir\u00e1 en forma escalonada<\/span><\/strong><\/span><strong><span style=\"text-decoration: underline;\"><span style=\"color: #993300; text-decoration: underline;\">.<\/span> El Mercurio. 05.05.12. <a href=\"http:\/\/colegioarquitectos.com\/noticias\/wp-content\/uploads\/2012\/05\/Nota-5.pdf\">Nota 5<\/a><br \/>\n<\/span><\/strong><\/p>\n<p style=\"text-align: justify;\">El show de luces, los trajes de etiqueta y el brindis que estaba preparando la empresa Cencosud para el d\u00eda 26 de mayo deber\u00e1n guardarse en la bodega: la firma de retail y el alcalde Providencia, Cristi\u00e1n Labb\u00e9, acordaron aplazar la gala de inauguraci\u00f3n para cuando el centro comercial est\u00e9 funcionando en plenitud y el tr\u00e1fico vehicular se encuentre controlado.<\/p>\n<p style=\"text-align: justify;\">As\u00ed lo confirm\u00f3 el edil, quien recibi\u00f3 ayer al equipo t\u00e9cnico y la plana mayor de la compa\u00f1\u00eda para \u00abcalibrar\u00bb los pr\u00f3ximos pasos y gestiones de la apertura del mall, que est\u00e1 fijada para el 27 de mayo.<\/p>\n<p style=\"text-align: justify;\">Se indic\u00f3 que la fecha para la ceremonia a\u00fan no est\u00e1 definida, por lo que podr\u00eda ser en varias semanas o meses m\u00e1s. \u00abEs una buena decisi\u00f3n que adopt\u00f3 Cencosud, porque es mucho mejor realizar una fiesta cuando el mall est\u00e9 completamente funcionando y con la congesti\u00f3n vehicular controlada\u00bb, asegur\u00f3 Labb\u00e9.<\/p>\n<p style=\"text-align: justify;\">En la reuni\u00f3n de ayer, los gerentes de la empresa le comunicaron de forma oficial a Providencia que se har\u00e1n cargo de las 28 medidas extras que dise\u00f1aron ingenieros del municipio, Sectra, Transantiago, Serviu y Conaset, entre otras entidades. Estas obras, que implicar\u00edan una inversi\u00f3n cercana a los $500 millones, apuntan a evitar atochamientos por la puesta en marcha de las etapas I y II del Costanera Center.<\/p>\n<p style=\"text-align: justify;\">Entre los trabajos destacan la reprogramaci\u00f3n de sem\u00e1foros, el traslado de pasos peatonales, nuevos paraderos de Transantiago y la construcci\u00f3n de una cuarta pista en avenida Santa Mar\u00eda, entre el puente Los Leones y avenida El Cerro.<\/p>\n<p style=\"text-align: justify;\"><strong>Labb\u00e9: Costanera Center debe terminar obras de mitigaci\u00f3n antes de abrir<\/strong><strong>. La Tercera. 06.05.12. <a href=\"http:\/\/colegioarquitectos.com\/noticias\/wp-content\/uploads\/2012\/05\/Nota-6.pdf\">Nota 6<\/a><br \/>\n<\/strong><\/p>\n<p style=\"text-align: justify;\"><strong>Comenz\u00f3 la recepci\u00f3n de obras para que el Costanera Center abra sus puertas<\/strong><strong>. La Segunda. 07.05.12. <a href=\"http:\/\/colegioarquitectos.com\/noticias\/wp-content\/uploads\/2012\/05\/Nota-7.pdf\">Nota 7<\/a><\/strong><strong><\/strong><\/p>\n<p style=\"text-align: justify;\"><strong>Costanera Center: proponen alta tarifa en estacionamientos para reducir congesti\u00f3n<\/strong><strong>. La Tercera. 08.05.12. <a href=\"http:\/\/colegioarquitectos.com\/noticias\/wp-content\/uploads\/2012\/05\/Nota-8.pdf\">Nota 8<\/a><\/strong><strong><\/strong><\/p>\n<p style=\"text-align: justify;\"><strong>\u00a0<\/strong><\/p>\n<p style=\"text-align: justify;\"><span style=\"color: #993300;\"><strong><span style=\"text-decoration: underline;\">(3) Vivienda lanza plan para mejorar 15 barrios vulnerables<\/span><\/strong><strong><span style=\"text-decoration: underline;\">.<\/span><\/strong><strong><\/strong><strong><span style=\"text-decoration: underline;\">La Tercera.<\/span><\/strong><\/span><strong><span style=\"text-decoration: underline;\"><span style=\"color: #993300; text-decoration: underline;\"> 07.05.12.<\/span> <a href=\"http:\/\/colegioarquitectos.com\/noticias\/wp-content\/uploads\/2012\/05\/Nota-9.pdf\">Nota 9<\/a><br \/>\n<\/span><\/strong><\/p>\n<p style=\"text-align: justify;\">Son barrios vulnerables, con escasas \u00e1reas verdes, baja escolaridad, altos \u00edndices de violencia intrafamiliar y, en algunos casos, focos de delincuencia y narcotr\u00e1fico. Estos problemas sociales, que amenazan con convertir estas zonas en verdaderos guetos, son las que buscar\u00e1 combatir un ambicioso proyecto de intervenci\u00f3n que ejecutar\u00e1 este a\u00f1o el Ministerio de Vivienda y Urbanismo (Minvu).<\/p>\n<p style=\"text-align: justify;\">Para concretar la iniciativa, la cartera dise\u00f1\u00f3 un sistema de identificaci\u00f3n georreferenciada que cruz\u00f3 diversos criterios, como baja escolaridad, actos delictuales, escasas \u00e1reas verdes y otros, para determinar zonas prioritarias de intervenci\u00f3n. A partir de esa informaci\u00f3n, se detectaron los 15 barrios con m\u00e1s necesidades para ser mejorados.<\/p>\n<p style=\"text-align: justify;\">Fue as\u00ed como se dise\u00f1\u00f3 una intervenci\u00f3n con 15 planes maestros por igual cantidad de barrios en seis regiones.<\/p>\n<p style=\"text-align: justify;\">La cartera de obras urbanas contempla la construcci\u00f3n de \u00e1reas verdes, pavimentaci\u00f3n de calles, creaci\u00f3n de sedes sociales y equipamiento comunitario, con el objetivo de revitalizar el tejido social de los barrios y generar la ocupaci\u00f3n del espacio p\u00fablico y el reencuentro de los vecinos.<\/p>\n<p style=\"text-align: justify;\">Cada plan es acordado por representantes del Minvu y los municipios. Luego es sometido a votaci\u00f3n por los vecinos, que priorizan las obras, seg\u00fan la disponibilidad de recursos.<\/p>\n<p style=\"text-align: justify;\">La intervenci\u00f3n es similar a la que lanz\u00f3 el gobierno para el sector de La Legua en Santiago e imita las efectuadas en ciudades como R\u00edo de Janeiro, Brasil, y Medell\u00edn, en Colombia, que comparten una consigna: solucionar problemas derivados de la vulnerabilidad a trav\u00e9s de obras urbanas.<\/p>\n<p style=\"text-align: justify;\"><span style=\"color: #993300;\"><strong><span style=\"text-decoration: underline;\">(4) Valpara\u00edso: Proyecto Mall Plaza Bar\u00f3n deber\u00e1 ser sometido a evaluaci\u00f3n de impacto ambiental<\/span><\/strong><strong><span style=\"text-decoration: underline;\">.<\/span><\/strong><\/span><strong><span style=\"text-decoration: underline;\"> El Mercurio. 08.05.12.\u00a0<a href=\"http:\/\/colegioarquitectos.com\/noticias\/wp-content\/uploads\/2012\/05\/Nota-10.pdf\">Nota 10<\/a><\/span><\/strong><\/p>\n<p style=\"text-align: justify;\">Un severo traspi\u00e9 sufri\u00f3 el proyecto Mall Plaza Bar\u00f3n, que se pretende emplazar en el borde costero de Valpara\u00edso. El Servicio de Evaluaci\u00f3n Ambiental (SEA) determin\u00f3 que el proyecto debe someterse al Sistema de Evaluaci\u00f3n de Impacto Ambiental, lo que obliga a los inversionistas a postergar el inicio de los trabajos que, en principio, deb\u00edan haber partido el pasado mes de abril.<\/p>\n<p style=\"text-align: justify;\">En enero, y ante una serie de cr\u00edticas realizadas por instituciones regionales, la empresa Plaza Valpara\u00edso S.A. consult\u00f3 a las autoridades medioambientales si era necesaria dicha evaluaci\u00f3n, a lo que reci\u00e9n ahora se le respondi\u00f3 afirmativamente.<\/p>\n<p style=\"text-align: justify;\">En el oficio, firmado por la directora del SEA en Valpara\u00edso, Magdalena Prieto, se se\u00f1ala que el proyecto debe ser sometido a evaluaci\u00f3n ambiental por cuanto \u00abejecuta obras de reparaci\u00f3n, rehabilitaci\u00f3n y apertura al uso p\u00fablico de la bodega Sim\u00f3n Bol\u00edvar, declarada inmueble de conservaci\u00f3n hist\u00f3rica, y por ello re\u00fane los requisitos contemplados en el art\u00edculo 10, literal p, de la Ley 19.300 de Bases Generales del Medio Ambiente\u00bb.<\/p>\n<p style=\"text-align: justify;\">En un comunicado, Plaza Valpara\u00edso S.A. expresa que \u00abel otorgamiento de anteproyectos y permisos de edificaci\u00f3n por parte de las direcciones de Obras Municipales no est\u00e1 condicionado a la aprobaci\u00f3n ambiental\u00bb. Recuerda tambi\u00e9n que el proyecto ya cuenta con la aprobaci\u00f3n del estudio de impacto vial (EISTU) y la aprobaci\u00f3n del anteproyecto. No obstante, se\u00f1ala que \u00abdar\u00e1 inicio a las obras del Proyecto Puerto Bar\u00f3n una vez que se cuente con todas las autorizaciones exigidas por la legislaci\u00f3n vigente, tal como lo hemos se\u00f1alado en m\u00faltiples oportunidades\u00bb.<\/p>\n<p style=\"text-align: justify;\"><strong>Chile enviar\u00e1 en mayo informe a la Unesco por caso mall<\/strong><strong>. El Mercurio de Valpara\u00edso. 30.04.12. <a href=\"http:\/\/colegioarquitectos.com\/noticias\/wp-content\/uploads\/2012\/05\/Nota-11.pdf\">Nota 11<\/a><br \/>\n<\/strong><\/p>\n<p style=\"text-align: justify;\"><strong>\u00a0<\/strong><\/p>\n<p style=\"text-align: justify;\"><strong>\u00a0<\/strong><\/p>\n<p style=\"text-align: justify;\"><span style=\"color: #993300;\"><strong><span style=\"text-decoration: underline;\">(5) Comisi\u00f3n de Vivienda aprob\u00f3 en general proyecto que crea registros nacionales de inspectores t\u00e9cnicos de obras.<\/span><\/strong><\/span><strong><span style=\"text-decoration: underline;\"> C\u00e1mara de Diputados. 20.04.12. <a href=\"http:\/\/colegioarquitectos.com\/noticias\/wp-content\/uploads\/2012\/05\/Nota-12.pdf\">Nota 12<\/a><br \/>\n<\/span><\/strong><\/p>\n<p style=\"text-align: justify;\">El proyecto de ley (bolet\u00edn 8139) crea registros nacionales de inspectores t\u00e9cnicos de obras (ITO) y de revisores de proyectos de c\u00e1lculo estructural, adem\u00e1s de modificar las normas legales para garantizar la calidad de las construcciones y agilizar las solicitudes ante las direcciones de obras municipales.<\/p>\n<p style=\"text-align: justify;\">En el marco de la discusi\u00f3n de este texto legal, la Comisi\u00f3n de Vivienda recibi\u00f3 a la directora de obras de la Municipalidad de Maip\u00fa, Luisa P\u00e9rez, quien manifest\u00f3 su preocupaci\u00f3n por el hecho de que esta nueva legislaci\u00f3n entrega obligaciones espec\u00edficas de dirigir y supervisar las obras municipales, advirtiendo que \u201cal crear este registro se genera una suerte de juez y parte por el hecho de que no nos podr\u00edamos autocontrolar siendo ejecutores de las obras\u201d.<\/p>\n<p style=\"text-align: justify;\">Por esto, propuso que el proyecto exima a las direcciones de obras de tener un perito inscrito en el registro o en su defecto quitarle esa funci\u00f3n a los directores de obras para que el municipio, como ente administrador, contrate las obras incluyendo un inspector y as\u00ed la direcci\u00f3n de obras act\u00fae como supervisor.<\/p>\n<p style=\"text-align: justify;\">Por su parte, el gerente del Laboratorio de Ensayos de la Universidad Cat\u00f3lica de Valpara\u00edso (LEPUC) Jorge Caffarena, dijo estar muy de acuerdo con la iniciativa, sobre todo por la creaci\u00f3n del registro de inspectores t\u00e9cnicos y revisores estructurales, \u201cb\u00e1sicamente porque hoy d\u00eda creemos que el nivel de estos inspectores no es el adecuado\u201d, sentenci\u00f3.<\/p>\n<p style=\"text-align: justify;\">\u00abEsto ocurre porque cualquiera puede ser un inspector t\u00e9cnico siendo un profesional del \u00e1rea. Si se crea el registro y se eval\u00faa la capacidad t\u00e9cnica de cada uno de ellos, obviamente que eso va a llevar a que el nivel t\u00e9cnico y de conocimiento va a subir, por lo tanto los inspectores debieran ser de una calidad superior\u201d, indic\u00f3.<\/p>\n<p style=\"text-align: justify;\"><strong>\u00a0<\/strong><\/p>\n<p style=\"text-align: justify;\"><strong>\u00a0<\/strong><\/p>\n<p style=\"text-align: justify;\"><strong><span style=\"text-decoration: underline; color: #993300;\">(6) Defendamos la Ciudad cuestiona \u201cenv\u00edo secreto\u201d a Contralor\u00eda de proyecto de expansi\u00f3n urbana.<\/span><span style=\"text-decoration: underline;\"> El Mostrador. 26.04.12.\u00a0<a href=\"http:\/\/colegioarquitectos.com\/noticias\/wp-content\/uploads\/2012\/05\/Nota-13.pdf\">Nota 13<\/a><\/span><\/strong><\/p>\n<p style=\"text-align: justify;\">La Fundaci\u00f3n Defendamos la Ciudad realiz\u00f3 una serie de cuestionamientos al Gobierno por el env\u00edo bajo reserva a la Contralor\u00eda General de la Rep\u00fablica de una resoluci\u00f3n \u00a0sobre la expansi\u00f3n urbana de la Regi\u00f3n Metropolitana.<\/p>\n<p style=\"text-align: justify;\">Sin informar a la opini\u00f3n p\u00fablica, el Gobierno envi\u00f3 al organismo fiscalizador la resoluci\u00f3n administrativa que cambia el uso de suelo de 10.000 hect\u00e1reas agr\u00edcolas a urbanas.<\/p>\n<p style=\"text-align: justify;\">Seg\u00fan inform\u00f3 Defendamos la Ciudad, la organizaci\u00f3n detect\u00f3 \u201ccasualmente\u201d la existencia del oficio N\u00ba 145 del 29 de marzo de 2012, firmado por la intendenta de la Regi\u00f3n Metropolitana Cecilia P\u00e9rez, dirigido al Contralor General de la Rep\u00fablica, Ramiro Mendoza, en donde le entregaba la Resoluci\u00f3n N\u00ba 50\/2012 sobre este proyecto de expansi\u00f3n urbana solicit\u00e1ndole la correspondiente toma de raz\u00f3n, con lo cual se podr\u00eda publicar en el Diario Oficial.<\/p>\n<p style=\"text-align: justify;\"><span style=\"color: #993300;\"><strong><span style=\"text-decoration: underline;\">(7) Reconstrucci\u00f3n de Villa Ol\u00edmpica luego del terremoto alcanza un 25%<\/span><\/strong><\/span><strong><span style=\"text-decoration: underline;\">.<\/span><\/strong><strong><span style=\"text-decoration: underline;\"> La Tercera. 02.05.12. <a href=\"http:\/\/colegioarquitectos.com\/noticias\/wp-content\/uploads\/2012\/05\/Nota-14.pdf\">Nota 14<\/a><br \/>\n<\/span><\/strong><\/p>\n<p style=\"text-align: justify;\">En enero de 2013, a un mes para que se cumpla el tercer aniversario del terremoto de 8,8 grados que azot\u00f3 al pa\u00eds en 2010, los 250 propietarios de las viviendas que resultaron seriamente da\u00f1adas en la Villa Ol\u00edmpica podr\u00e1n volver al fin a sus casas.<\/p>\n<p style=\"text-align: justify;\">Se trata de 268 departamentos ubicados en ocho de los 11 edificios considerados cr\u00edticos o \u201cinhabitables\u201d, seg\u00fan el estudio estructural encargado por el Ministerio de Vivienda y Urbanismo (Minvu) a la consultora Sirve. Estos est\u00e1n en los bloques 55, 56, 65, 67, 68, 70, 71 y 72 (ver infograf\u00eda), en el sector sur del conjunto habitacional concebido hace 50 a\u00f1os entre las avenidas Carlos Dittborn, Lo Encalada, Marathon y Grecia. Los tres restantes, en las calles Los Jazmines y Arist\u00f3teles, a\u00fan est\u00e1n por licitarse.<\/p>\n<p style=\"text-align: justify;\">Las reparaciones de estos inmuebles apuntan al da\u00f1o estructural de muros, losas y vigas. Por lo mismo, considera el ensanchamiento de murallas y cabezales, la mejora de balcones y el retiro de las a\u00f1osas copas de agua en las azoteas de estos inmuebles. Tambi\u00e9n est\u00e1n contempladas las reposiciones de redes el\u00e9ctricas, agua potable, alcantarillado y gas. Para ello, el monto aprobado en agosto de 2011 fue de $ 10.338.455.000.<\/p>\n<p style=\"text-align: justify;\">En el Minvu explican que para los que a\u00fan no entran a licitaci\u00f3n se contempla la demolici\u00f3n de todo su cuarto piso, equivalente a 12 departamentos. De \u00e9stos, se expropiar\u00e1n tres, y se firmar\u00e1 un contrato para que sus antiguos habitantes reciban nuevos departamentos en la Villa Canad\u00e1, de la misma comuna.<\/p>\n<p style=\"text-align: justify;\"><strong>\u00a0<\/strong><\/p>\n<p style=\"text-align: justify;\"><span style=\"color: #993300;\"><strong><span style=\"text-decoration: underline;\">(8) Relatora ONU critica uso de subsidios para plan de reconstrucci\u00f3n<\/span><\/strong><strong><span style=\"text-decoration: underline;\">. <\/span><\/strong><\/span><strong><span style=\"text-decoration: underline;\">La Tercera.<\/span><\/strong><strong><span style=\"text-decoration: underline;\"> 03.05.12. <a href=\"http:\/\/colegioarquitectos.com\/noticias\/wp-content\/uploads\/2012\/05\/Nota-15.pdf\">Nota 15<\/a><br \/>\n<\/span><\/strong><\/p>\n<p style=\"text-align: justify;\">\u201cLa reconstrucci\u00f3n tras el terremoto de 2010 es un proceso eficiente y destacable, pero debi\u00f3 utilizar un mecanismo distinto a los subsidios para atender a los damnificados\u201d. Esta es una de las conclusiones que ha anotado en su agenda la relatora especial para la vivienda adecuada de la Organizaci\u00f3n de Naciones Unidas (ONU), Raquel Rolnik, quien lleg\u00f3 a Chile para analizar la recuperaci\u00f3n del pa\u00eds tras la destrucci\u00f3n del 27\/F.<\/p>\n<p style=\"text-align: justify;\">La arquitecta brasile\u00f1a, quien lidera el comit\u00e9 especial creado dentro de la Comisi\u00f3n de Derechos Humanos de la ONU, elabora un informe que presentar\u00e1 frente al pleno de la instancia, que se re\u00fane este a\u00f1o en Nueva York, y que tendr\u00e1 un fuerte acento en el caso chileno.<\/p>\n<p style=\"text-align: justify;\">A juicio de Rolnik, el plan de reconstrucci\u00f3n representa \u201cun gran esfuerzo del gobierno de Chile que debe ser reconocido no solamente en t\u00e9rminos de la respuesta inmediata en la emergencia, sino en la movilizaci\u00f3n de recursos del presupuesto p\u00fablico. No todos los pa\u00edses lo hacen y menos con los fondos suficientes para abordar el proceso\u201d, se\u00f1ala.<\/p>\n<p style=\"text-align: justify;\">Sin embargo, para la relatora de la ONU, el proceso evidencia \u201cfalencias estructurales\u201d, como la utilizaci\u00f3n de subsidios para abordar la reconstrucci\u00f3n. \u201cEs un proceso mucho m\u00e1s amplio, que implica reconstruir territorio, la vida, el tejido socioecon\u00f3mico y territorial de las ciudades, lo que requiere procesos m\u00e1s participativos y complejos (&#8230;). Ah\u00ed se producen violaciones a los derechos humanos, porque el derecho humano a la vivienda adecuada no es la entrega de cuatro paredes y un techo; es mucho m\u00e1s que esto\u201d, se\u00f1ala Rolnik.<\/p>\n<p style=\"text-align: justify;\">Raquel Rolnik fue una de las panelistas invitadas al Seminario \u201cEl Derecho a la Vivienda en Chile\u201d, organizado por el Comit\u00e9 H\u00e1bitat y Vivienda del Colegio de Arquitectos de Chile y Corporaci\u00f3n SUR, el cual se realiz\u00f3 03 de mayo en nuestra Sede Nacional.<\/p>\n<p style=\"text-align: justify;\"><strong>\u00a0<\/strong><\/p>\n<p style=\"text-align: justify;\"><span style=\"color: #993300;\"><strong><span style=\"text-decoration: underline;\">(9) Barrio Yungay: vecinos acusan demolici\u00f3n en zona t\u00edpica.<\/span><\/strong><\/span><strong><span style=\"text-decoration: underline;\"> El Mercurio. 04.05.12. <a href=\"http:\/\/colegioarquitectos.com\/noticias\/wp-content\/uploads\/2012\/05\/Nota-16.pdf\">Nota 16<\/a><br \/>\n<\/span><\/strong><\/p>\n<p style=\"text-align: justify;\">La agrupaci\u00f3n \u00abVecinos por la defensa del Barrio Yungay\u00bb denunci\u00f3 que el Consejo de Monumentos Nacionales (CMN) autoriz\u00f3 la demolici\u00f3n de cinco inmuebles del barrio que en 2009 fue declarado zona t\u00edpica.<\/p>\n<p style=\"text-align: justify;\">La raz\u00f3n es el \u00abmal estado de conservaci\u00f3n\u00bb de las casas. Sin embargo, la vocera de la agrupaci\u00f3n, Rosario Carvajal, acus\u00f3 que \u00abah\u00ed todav\u00eda hay gente viviendo que no tiene d\u00f3nde ir. Todo esto es para privilegiar un proyecto de departamentos\u00bb.<\/p>\n<p style=\"text-align: justify;\">Los inmuebles est\u00e1n en calle Portales entre el 2895 y el 2885 y en Esperanza 223. En los sitios, que pertenecen a la inmobiliaria Emarco, viven seis familias.<\/p>\n<p style=\"text-align: justify;\">Por su parte, el Consejo se\u00f1al\u00f3 que \u00abel decreto de demolici\u00f3n es un documento emanado de la Direcci\u00f3n de Obras de Santiago. El CMN aprob\u00f3 la demolici\u00f3n\u00bb.<\/p>\n<p style=\"text-align: justify;\"><strong>\u00a0<\/strong><\/p>\n<p style=\"text-align: justify;\"><span style=\"color: #993300;\"><strong><span style=\"text-decoration: underline;\">(10) Secuelas del desarrollo urban\u00edstico: <\/span><\/strong><strong><span style=\"text-decoration: underline;\">Nuevos edificios amenazan al barrio Viel, zona t\u00edpica del centro de la capital<\/span><\/strong><strong><span style=\"text-decoration: underline;\">.<\/span><\/strong><\/span><strong><span style=\"text-decoration: underline;\"> El Mercurio. 07.05.12.\u00a0<a href=\"http:\/\/colegioarquitectos.com\/noticias\/wp-content\/uploads\/2012\/05\/Nota-17.pdf\">Nota 17<\/a><\/span><\/strong><\/p>\n<p style=\"text-align: justify;\">Seg\u00fan el plan regulador, en esta zona de Santiago los edificios no deber\u00edan sobrepasar los seis pisos. Pese a eso, varias inmobiliarias han desarrollado proyectos que superan los veinte niveles. \u00bfLa raz\u00f3n? Una modificaci\u00f3n de la normativa de 1990 permiti\u00f3 nuevos edificios si es que \u00e9stos se construyen en fachada continua con las casas aleda\u00f1as y en una rasante de 70 grados. Esto ha generado una particularidad especial de las nuevas edificaciones, pues la mayor\u00eda tiene la forma de una \u00abt\u00bb invertida. Con esto, las inmobiliarias hallaron la manera de exceder la altura m\u00e1xima.<\/p>\n<p style=\"text-align: justify;\">\u00abEsto en parte es culpa del municipio, pues en Santiago jam\u00e1s se ha querido regular todo de una sola vez. Se norma un sector, pero a la vez se libera otro\u00bb, afirma Marcelo Mart\u00ednez, presidente de la Junta de Vecinos Manuel Barros Borgo\u00f1o.<\/p>\n<p style=\"text-align: justify;\">Desde el municipio de Santiago afirman que el 10 de marzo se modific\u00f3 el pol\u00e9mico art\u00edculo del plan regulador. \u00abCon esto, las futuras alturas en el barrio Viel no podr\u00e1n superar los 12,5 metros, es decir unos cinco pisos\u00bb, dice Sandra Gysling, asesora urbana, quien admiti\u00f3 que las inmobiliarias se ampararon por a\u00f1os en la modificaci\u00f3n de 1990. \u00abEn ese tiempo se pensaba que condicionar las fachadas continuas ser\u00eda un obst\u00e1culo, pero los edificios se hicieron igual. Ahora se elimin\u00f3 la rasante en este sector, como lo estamos haciendo en casi toda la comuna. Pero con los edificios que se construyen en el sector no se puede hacer nada\u00bb, explica.<\/p>\n<p style=\"text-align: justify;\">Asegura que al menos all\u00ed no se dar\u00e1n nuevos permisos y que el municipio no registra nuevas solicitudes en ese barrio.<\/p>\n<p>&nbsp;<\/p>\n<p><\/p>","protected":false},"excerpt":{"rendered":"<p>(1) Colegio de Arquitectos pide a Contralor\u00eda que investigue irregularidades en mall de Castro. El Mercurio. 03.05.12 (2) Cencosud aplaza gala inaugural de Costanera Center, que abrir\u00e1 en forma escalonada. El Mercurio. 05.05.12 (3) Vivienda lanza plan para mejorar 15 &hellip; <a class=\"more-link\" href=\"https:\/\/colegioarquitectos.com\/noticias\/?p=717\">ver m\u00e1s<\/a><\/p>","protected":false},"author":1,"featured_media":0,"comment_status":"open","ping_status":"open","sticky":false,"template":"","format":"standard","meta":{"footnotes":""},"categories":[13],"tags":[],"class_list":["post-717","post","type-post","status-publish","format-standard","hentry","category-resumen-de-prensa"],"yoast_head":"<!-- This site is optimized with the Yoast SEO plugin v24.2 - https:\/\/yoast.com\/wordpress\/plugins\/seo\/ -->\n<title>NOTICIAS DESTACADAS PRENSA \u2013 01 a 07 mayo 2012 - COLEGIO DE ARQUITECTOS DE CHILE<\/title>\n<meta name=\"robots\" content=\"index, follow, max-snippet:-1, max-image-preview:large, max-video-preview:-1\" \/>\n<link rel=\"canonical\" href=\"https:\/\/colegioarquitectos.com\/noticias\/?p=717\" \/>\n<meta property=\"og:locale\" content=\"es_ES\" \/>\n<meta property=\"og:type\" content=\"article\" \/>\n<meta property=\"og:title\" content=\"NOTICIAS DESTACADAS PRENSA \u2013 01 a 07 mayo 2012 - COLEGIO DE ARQUITECTOS DE CHILE\" \/>\n<meta property=\"og:description\" content=\"(1) Colegio de Arquitectos pide a Contralor\u00eda que investigue irregularidades en mall de Castro. El Mercurio. 03.05.12 (2) Cencosud aplaza gala inaugural de Costanera Center, que abrir\u00e1 en forma escalonada. El Mercurio. 05.05.12 (3) Vivienda lanza plan para mejorar 15 &hellip; ver m\u00e1s\" \/>\n<meta property=\"og:url\" content=\"https:\/\/colegioarquitectos.com\/noticias\/?p=717\" \/>\n<meta property=\"og:site_name\" content=\"COLEGIO DE ARQUITECTOS DE CHILE\" \/>\n<meta property=\"article:publisher\" content=\"https:\/\/facebook.com\/Colegioarq\/\" \/>\n<meta property=\"article:published_time\" content=\"2012-05-08T08:30:00+00:00\" \/>\n<meta property=\"article:modified_time\" content=\"2012-05-09T15:49:16+00:00\" \/>\n<meta name=\"author\" content=\"Gabriel Salgado S.\" \/>\n<meta name=\"twitter:card\" content=\"summary_large_image\" \/>\n<meta name=\"twitter:creator\" content=\"@colegioarq\" \/>\n<meta name=\"twitter:site\" content=\"@colegioarq\" \/>\n<meta name=\"twitter:label1\" content=\"Escrito por\" \/>\n\t<meta name=\"twitter:data1\" content=\"Gabriel Salgado S.\" \/>\n\t<meta name=\"twitter:label2\" content=\"Tiempo de lectura\" \/>\n\t<meta name=\"twitter:data2\" content=\"15 minutos\" \/>\n<script type=\"application\/ld+json\" class=\"yoast-schema-graph\">{\"@context\":\"https:\/\/schema.org\",\"@graph\":[{\"@type\":\"Article\",\"@id\":\"https:\/\/colegioarquitectos.com\/noticias\/?p=717#article\",\"isPartOf\":{\"@id\":\"https:\/\/colegioarquitectos.com\/noticias\/?p=717\"},\"author\":{\"name\":\"Gabriel Salgado S.\",\"@id\":\"https:\/\/colegioarquitectos.com\/noticias\/#\/schema\/person\/b6c7e912cd1283c089114093ed09741f\"},\"headline\":\"NOTICIAS DESTACADAS PRENSA \u2013 01 a 07 mayo 2012\",\"datePublished\":\"2012-05-08T08:30:00+00:00\",\"dateModified\":\"2012-05-09T15:49:16+00:00\",\"mainEntityOfPage\":{\"@id\":\"https:\/\/colegioarquitectos.com\/noticias\/?p=717\"},\"wordCount\":2957,\"commentCount\":0,\"publisher\":{\"@id\":\"https:\/\/colegioarquitectos.com\/noticias\/#organization\"},\"articleSection\":[\"Resumen de Prensa\"],\"inLanguage\":\"es\",\"potentialAction\":[{\"@type\":\"CommentAction\",\"name\":\"Comment\",\"target\":[\"https:\/\/colegioarquitectos.com\/noticias\/?p=717#respond\"]}]},{\"@type\":\"WebPage\",\"@id\":\"https:\/\/colegioarquitectos.com\/noticias\/?p=717\",\"url\":\"https:\/\/colegioarquitectos.com\/noticias\/?p=717\",\"name\":\"NOTICIAS DESTACADAS PRENSA \u2013 01 a 07 mayo 2012 - COLEGIO DE ARQUITECTOS DE CHILE\",\"isPartOf\":{\"@id\":\"https:\/\/colegioarquitectos.com\/noticias\/#website\"},\"datePublished\":\"2012-05-08T08:30:00+00:00\",\"dateModified\":\"2012-05-09T15:49:16+00:00\",\"breadcrumb\":{\"@id\":\"https:\/\/colegioarquitectos.com\/noticias\/?p=717#breadcrumb\"},\"inLanguage\":\"es\",\"potentialAction\":[{\"@type\":\"ReadAction\",\"target\":[\"https:\/\/colegioarquitectos.com\/noticias\/?p=717\"]}]},{\"@type\":\"BreadcrumbList\",\"@id\":\"https:\/\/colegioarquitectos.com\/noticias\/?p=717#breadcrumb\",\"itemListElement\":[{\"@type\":\"ListItem\",\"position\":1,\"name\":\"Portada\",\"item\":\"https:\/\/colegioarquitectos.com\/noticias\"},{\"@type\":\"ListItem\",\"position\":2,\"name\":\"NOTICIAS DESTACADAS PRENSA \u2013 01 a 07 mayo 2012\"}]},{\"@type\":\"WebSite\",\"@id\":\"https:\/\/colegioarquitectos.com\/noticias\/#website\",\"url\":\"https:\/\/colegioarquitectos.com\/noticias\/\",\"name\":\"COLEGIO DE ARQUITECTOS DE CHILE\",\"description\":\"\",\"publisher\":{\"@id\":\"https:\/\/colegioarquitectos.com\/noticias\/#organization\"},\"potentialAction\":[{\"@type\":\"SearchAction\",\"target\":{\"@type\":\"EntryPoint\",\"urlTemplate\":\"https:\/\/colegioarquitectos.com\/noticias\/?s={search_term_string}\"},\"query-input\":{\"@type\":\"PropertyValueSpecification\",\"valueRequired\":true,\"valueName\":\"search_term_string\"}}],\"inLanguage\":\"es\"},{\"@type\":\"Organization\",\"@id\":\"https:\/\/colegioarquitectos.com\/noticias\/#organization\",\"name\":\"COLEGIO DE ARQUITECTOS DE CHILE\",\"url\":\"https:\/\/colegioarquitectos.com\/noticias\/\",\"logo\":{\"@type\":\"ImageObject\",\"inLanguage\":\"es\",\"@id\":\"https:\/\/colegioarquitectos.com\/noticias\/#\/schema\/logo\/image\/\",\"url\":\"https:\/\/colegioarquitectos.com\/noticias\/wp-content\/uploads\/2021\/05\/ENCABEZADO-LOGO-CA.jpg\",\"contentUrl\":\"https:\/\/colegioarquitectos.com\/noticias\/wp-content\/uploads\/2021\/05\/ENCABEZADO-LOGO-CA.jpg\",\"width\":690,\"height\":350,\"caption\":\"COLEGIO DE ARQUITECTOS DE CHILE\"},\"image\":{\"@id\":\"https:\/\/colegioarquitectos.com\/noticias\/#\/schema\/logo\/image\/\"},\"sameAs\":[\"https:\/\/facebook.com\/Colegioarq\/\",\"https:\/\/x.com\/colegioarq\",\"https:\/\/instagram.com\/colegioarq\",\"https:\/\/youtube.com\/@ColegiodeArquitectosdeChile\"]},{\"@type\":\"Person\",\"@id\":\"https:\/\/colegioarquitectos.com\/noticias\/#\/schema\/person\/b6c7e912cd1283c089114093ed09741f\",\"name\":\"Gabriel Salgado S.\",\"url\":\"https:\/\/colegioarquitectos.com\/noticias\/?author=1\"}]}<\/script>\n<!-- \/ Yoast SEO plugin. -->","yoast_head_json":{"title":"NOTICIAS DESTACADAS PRENSA \u2013 01 a 07 mayo 2012 - COLEGIO DE ARQUITECTOS DE CHILE","robots":{"index":"index","follow":"follow","max-snippet":"max-snippet:-1","max-image-preview":"max-image-preview:large","max-video-preview":"max-video-preview:-1"},"canonical":"https:\/\/colegioarquitectos.com\/noticias\/?p=717","og_locale":"es_ES","og_type":"article","og_title":"NOTICIAS DESTACADAS PRENSA \u2013 01 a 07 mayo 2012 - COLEGIO DE ARQUITECTOS DE CHILE","og_description":"(1) Colegio de Arquitectos pide a Contralor\u00eda que investigue irregularidades en mall de Castro. El Mercurio. 03.05.12 (2) Cencosud aplaza gala inaugural de Costanera Center, que abrir\u00e1 en forma escalonada. El Mercurio. 05.05.12 (3) Vivienda lanza plan para mejorar 15 &hellip; ver m\u00e1s","og_url":"https:\/\/colegioarquitectos.com\/noticias\/?p=717","og_site_name":"COLEGIO DE ARQUITECTOS DE CHILE","article_publisher":"https:\/\/facebook.com\/Colegioarq\/","article_published_time":"2012-05-08T08:30:00+00:00","article_modified_time":"2012-05-09T15:49:16+00:00","author":"Gabriel Salgado S.","twitter_card":"summary_large_image","twitter_creator":"@colegioarq","twitter_site":"@colegioarq","twitter_misc":{"Escrito por":"Gabriel Salgado S.","Tiempo de lectura":"15 minutos"},"schema":{"@context":"https:\/\/schema.org","@graph":[{"@type":"Article","@id":"https:\/\/colegioarquitectos.com\/noticias\/?p=717#article","isPartOf":{"@id":"https:\/\/colegioarquitectos.com\/noticias\/?p=717"},"author":{"name":"Gabriel Salgado S.","@id":"https:\/\/colegioarquitectos.com\/noticias\/#\/schema\/person\/b6c7e912cd1283c089114093ed09741f"},"headline":"NOTICIAS DESTACADAS PRENSA \u2013 01 a 07 mayo 2012","datePublished":"2012-05-08T08:30:00+00:00","dateModified":"2012-05-09T15:49:16+00:00","mainEntityOfPage":{"@id":"https:\/\/colegioarquitectos.com\/noticias\/?p=717"},"wordCount":2957,"commentCount":0,"publisher":{"@id":"https:\/\/colegioarquitectos.com\/noticias\/#organization"},"articleSection":["Resumen de Prensa"],"inLanguage":"es","potentialAction":[{"@type":"CommentAction","name":"Comment","target":["https:\/\/colegioarquitectos.com\/noticias\/?p=717#respond"]}]},{"@type":"WebPage","@id":"https:\/\/colegioarquitectos.com\/noticias\/?p=717","url":"https:\/\/colegioarquitectos.com\/noticias\/?p=717","name":"NOTICIAS DESTACADAS PRENSA \u2013 01 a 07 mayo 2012 - COLEGIO DE ARQUITECTOS DE CHILE","isPartOf":{"@id":"https:\/\/colegioarquitectos.com\/noticias\/#website"},"datePublished":"2012-05-08T08:30:00+00:00","dateModified":"2012-05-09T15:49:16+00:00","breadcrumb":{"@id":"https:\/\/colegioarquitectos.com\/noticias\/?p=717#breadcrumb"},"inLanguage":"es","potentialAction":[{"@type":"ReadAction","target":["https:\/\/colegioarquitectos.com\/noticias\/?p=717"]}]},{"@type":"BreadcrumbList","@id":"https:\/\/colegioarquitectos.com\/noticias\/?p=717#breadcrumb","itemListElement":[{"@type":"ListItem","position":1,"name":"Portada","item":"https:\/\/colegioarquitectos.com\/noticias"},{"@type":"ListItem","position":2,"name":"NOTICIAS DESTACADAS PRENSA \u2013 01 a 07 mayo 2012"}]},{"@type":"WebSite","@id":"https:\/\/colegioarquitectos.com\/noticias\/#website","url":"https:\/\/colegioarquitectos.com\/noticias\/","name":"COLEGIO DE ARQUITECTOS DE CHILE","description":"","publisher":{"@id":"https:\/\/colegioarquitectos.com\/noticias\/#organization"},"potentialAction":[{"@type":"SearchAction","target":{"@type":"EntryPoint","urlTemplate":"https:\/\/colegioarquitectos.com\/noticias\/?s={search_term_string}"},"query-input":{"@type":"PropertyValueSpecification","valueRequired":true,"valueName":"search_term_string"}}],"inLanguage":"es"},{"@type":"Organization","@id":"https:\/\/colegioarquitectos.com\/noticias\/#organization","name":"COLEGIO DE ARQUITECTOS DE CHILE","url":"https:\/\/colegioarquitectos.com\/noticias\/","logo":{"@type":"ImageObject","inLanguage":"es","@id":"https:\/\/colegioarquitectos.com\/noticias\/#\/schema\/logo\/image\/","url":"https:\/\/colegioarquitectos.com\/noticias\/wp-content\/uploads\/2021\/05\/ENCABEZADO-LOGO-CA.jpg","contentUrl":"https:\/\/colegioarquitectos.com\/noticias\/wp-content\/uploads\/2021\/05\/ENCABEZADO-LOGO-CA.jpg","width":690,"height":350,"caption":"COLEGIO DE ARQUITECTOS DE CHILE"},"image":{"@id":"https:\/\/colegioarquitectos.com\/noticias\/#\/schema\/logo\/image\/"},"sameAs":["https:\/\/facebook.com\/Colegioarq\/","https:\/\/x.com\/colegioarq","https:\/\/instagram.com\/colegioarq","https:\/\/youtube.com\/@ColegiodeArquitectosdeChile"]},{"@type":"Person","@id":"https:\/\/colegioarquitectos.com\/noticias\/#\/schema\/person\/b6c7e912cd1283c089114093ed09741f","name":"Gabriel Salgado S.","url":"https:\/\/colegioarquitectos.com\/noticias\/?author=1"}]}},"_links":{"self":[{"href":"https:\/\/colegioarquitectos.com\/noticias\/index.php?rest_route=\/wp\/v2\/posts\/717","targetHints":{"allow":["GET"]}}],"collection":[{"href":"https:\/\/colegioarquitectos.com\/noticias\/index.php?rest_route=\/wp\/v2\/posts"}],"about":[{"href":"https:\/\/colegioarquitectos.com\/noticias\/index.php?rest_route=\/wp\/v2\/types\/post"}],"author":[{"embeddable":true,"href":"https:\/\/colegioarquitectos.com\/noticias\/index.php?rest_route=\/wp\/v2\/users\/1"}],"replies":[{"embeddable":true,"href":"https:\/\/colegioarquitectos.com\/noticias\/index.php?rest_route=%2Fwp%2Fv2%2Fcomments&post=717"}],"version-history":[{"count":0,"href":"https:\/\/colegioarquitectos.com\/noticias\/index.php?rest_route=\/wp\/v2\/posts\/717\/revisions"}],"wp:attachment":[{"href":"https:\/\/colegioarquitectos.com\/noticias\/index.php?rest_route=%2Fwp%2Fv2%2Fmedia&parent=717"}],"wp:term":[{"taxonomy":"category","embeddable":true,"href":"https:\/\/colegioarquitectos.com\/noticias\/index.php?rest_route=%2Fwp%2Fv2%2Fcategories&post=717"},{"taxonomy":"post_tag","embeddable":true,"href":"https:\/\/colegioarquitectos.com\/noticias\/index.php?rest_route=%2Fwp%2Fv2%2Ftags&post=717"}],"curies":[{"name":"wp","href":"https:\/\/api.w.org\/{rel}","templated":true}]}}