
{"id":7433,"date":"2015-05-19T20:22:41","date_gmt":"2015-05-19T20:22:41","guid":{"rendered":"http:\/\/colegioarquitectos.com\/?p=7433"},"modified":"2015-07-03T13:56:58","modified_gmt":"2015-07-03T13:56:58","slug":"conoce-la-lista-oficial-de-candidatos-para-las-elecciones-ca-2015","status":"publish","type":"post","link":"https:\/\/colegioarquitectos.com\/noticias\/?p=7433","title":{"rendered":"La lista oficial de candidatos para las Elecciones CA 2015"},"content":{"rendered":"<p>Seg\u00fan hemos informado, el pr\u00f3ximo 3, 4 y 5 de junio son las Elecciones Nacionales CA y como colegiado activo tendr\u00e1s que decidir para los cargos de Director Nacional; Directores de Delegaciones Zonales; Miembros del Tribunal de \u00c9tica Nacional y Tribunal de la V Regi\u00f3n.<\/p>\n<p>Puedes elegir el modo de <a href=\"http:\/\/eleccion.ddns.net\/csp\/elector\/ca.web.Home.cls\">votaci\u00f3n electr\u00f3nica (pinchar aqu\u00ed)<\/a> o en vivo desde la Sede Central y las oficinas de las distintas Delegaciones Zonales (averiguar previamente el recinto de votaci\u00f3n).<\/p>\n<p>&nbsp;<\/p>\n<ol>\n<li><strong>Candidatos al Directorio Nacional\u00a0 <\/strong><\/li>\n<\/ol>\n<p>Todos los colegiados de Chile podr\u00e1n elegir de la siguiente lista hasta un total de cinco candidatos y saldr\u00e1n elegidos los 10 Directores Nacionales que tengan las m\u00e1s altas preferencias. Si\u00a0 hay candidatos (hasta un m\u00e1ximo de 3) que siendo\u00a0de Delegaciones Zonales de regiones y no logren estar dentro de las 10 primeras mayor\u00edas,\u00a0pero s\u00ed obtengan al menos 50 votos, ser\u00e1n electos aunque existan otros que no sean de Delegaciones y que tengan mayor n\u00famero de votos. (Revisar Cap\u00edtulo I, Art\u00edculo 2 del Reglamento de Elecciones que se adjunta \u00a0abajo).<\/p>\n<p>Una vez electos, los 10 Directores Nacionales decidir\u00e1n por votaci\u00f3n interna entre los cargos de Presidente Nacional, Vicepresidente de Asuntos Internos, Vicepresidente de Asuntos Externos, Secretario General y Director Tesorero.<\/p>\n<p>Los candidatos a Director Nacional para las Elecciones 2015, con su n\u00famero asignado al voto y el registro de Inscripci\u00f3n del Colegio de Arquitectos (ICA) son:<\/p>\n<p>&nbsp;<\/p>\n<p><strong>N\u00b01\u00a0\u00a0\u00a0\u00a0\u00a0\u00a0\u00a0 Milagros Aguirre Donoso <\/strong>(ICA 2683)<\/p>\n<p><strong>N\u00b02\u00a0\u00a0\u00a0\u00a0\u00a0\u00a0\u00a0 Julio Alegr\u00eda Gregorio De Las Heras <\/strong>(ICA 2418)<\/p>\n<p><strong>N\u00b03\u00a0\u00a0\u00a0\u00a0\u00a0\u00a0\u00a0 Enrique Barba Campos <\/strong>(ICA 3350)<\/p>\n<p><strong>N\u00b04\u00a0\u00a0\u00a0\u00a0\u00a0\u00a0\u00a0 Ximena B\u00f3rquez Dom\u00ednguez <\/strong>(ICA 3671)<\/p>\n<p><strong>N\u00b05\u00a0\u00a0\u00a0\u00a0\u00a0\u00a0\u00a0 Hern\u00e1n Bugue\u00f1o Rubio <\/strong>(ICA 6888)<\/p>\n<p><strong>N\u00b06\u00a0\u00a0\u00a0\u00a0\u00a0\u00a0\u00a0 Alberto Adolfo Fern\u00e1ndez Gonz\u00e1lez <\/strong>(ICA 8227)<\/p>\n<p><strong>N\u00b07\u00a0\u00a0\u00a0\u00a0\u00a0\u00a0\u00a0 Pablo Fuentes Flores <\/strong>(ICA 10524)<\/p>\n<p><strong>N\u00b08\u00a0\u00a0\u00a0\u00a0\u00a0\u00a0\u00a0 Jorge Guzm\u00e1n Briones <\/strong>(ICA 2273)<\/p>\n<p><strong>N\u00b09\u00a0\u00a0\u00a0\u00a0\u00a0\u00a0\u00a0 Manuel Agust\u00edn Infante Barros <\/strong>(ICA 3515)<\/p>\n<p><strong>N\u00b010\u00a0\u00a0\u00a0\u00a0\u00a0 Germ\u00e1n Lamarca Claro <\/strong>(ICA 2901)<\/p>\n<p><strong>N\u00b011\u00a0\u00a0\u00a0\u00a0\u00a0 Rodrigo Ortiz Figueroa <\/strong>(ICA 10764)<\/p>\n<p><strong>N\u00b012\u00a0\u00a0\u00a0\u00a0\u00a0 Jos\u00e9 Antonio Piga Giles <\/strong>(ICA 4144)<\/p>\n<p><strong>N\u00b013\u00a0\u00a0\u00a0\u00a0\u00a0 G\u00fanter Suhrcke Caballero <\/strong>(ICA 3920)<\/p>\n<p><strong>N\u00b014\u00a0\u00a0\u00a0\u00a0\u00a0 Alberto Cristi\u00e1n Texido Zlatar <\/strong>(ICA 7094)<\/p>\n<p><strong>N\u00b015\u00a0\u00a0\u00a0\u00a0\u00a0 Rodrigo\u00a0 Toro S\u00e1nchez <\/strong>(ICA 8723)<\/p>\n<p><strong>N\u00b016\u00a0\u00a0\u00a0\u00a0\u00a0 Pilar Urrejola Dittborn <\/strong>(ICA 3676)<\/p>\n<p><strong>N\u00b017\u00a0\u00a0\u00a0\u00a0\u00a0 Juan Pablo Urrutia Mu\u00f1oz <\/strong>(ICA 9817)<\/p>\n<p>&nbsp;<\/p>\n<p><strong>\u00a0<\/strong> \u00a0 2.<strong> Candidatos al Tribunal de \u00c9tica Nacional<\/strong><\/p>\n<p>Resultar\u00e1n electos quienes obtengan las tres m\u00e1s altas mayor\u00edas. \u00a0Se mantienen en su cargo tres de los antiguos miembros, quienes dar\u00e1n continuidad al trabajo al Tribunal de \u00c9tica y a las gestiones realizadas. Todos los colegiados de Chile votan en esta categor\u00eda.<\/p>\n<p>Los candidatos son:<\/p>\n<p>&nbsp;<\/p>\n<p><strong>N\u00b01\u00a0\u00a0\u00a0\u00a0\u00a0\u00a0\u00a0 Alberto\u00a0 Arenas Pizarro<\/strong>\u00a0 (ICA 1505)<\/p>\n<p><strong>N\u00b02\u00a0\u00a0\u00a0\u00a0\u00a0\u00a0\u00a0 Luis Eduardo Bresciani Prieto<\/strong> (ICA 2216)<\/p>\n<p><strong>N\u00b03\u00a0\u00a0\u00a0\u00a0\u00a0\u00a0\u00a0 Vicente Justiniano Stewart<\/strong> (ICA 3993)<\/p>\n<p><strong>N\u00b04\u00a0\u00a0\u00a0\u00a0\u00a0\u00a0\u00a0 V\u00edctor Kaiser Jorquera<\/strong> (ICA 3380)<\/p>\n<p><strong>N\u00b05\u00a0\u00a0\u00a0\u00a0\u00a0\u00a0\u00a0 Cecilia Leiva Mu\u00f1oz<\/strong> (ICA 3182)<\/p>\n<p><strong>N\u00b06\u00a0\u00a0\u00a0\u00a0\u00a0\u00a0\u00a0 Ver\u00f3nica Sep\u00falveda Gederlini <\/strong>(ICA 4039)<\/p>\n<p>&nbsp;<\/p>\n<p><strong>\u00a0 \u00a0 \u00a0<\/strong>3.<strong>\u00a0 Candidatos al Directorio de la Delegaci\u00f3n Regional Iquique \u00a0 \u00a0 \u00a0 \u00a0 \u00a0 \u00a0 \u00a0 \u00a0 \u00a0 \u00a0 \u00a0 \u00a0 \u00a0\u00a0<\/strong><\/p>\n<p>S\u00f3lo los miembros de la Delegaci\u00f3n Zonal de Iquique podr\u00e1n decidir por sus representantes. Durante la primera Sesi\u00f3n Oficial los Directores Zonales electos decidir\u00e1n por votaci\u00f3n interna, los distintos cargos a ocupar.<\/p>\n<p>Candidatos:<\/p>\n<p><strong>N\u00b01\u00a0\u00a0\u00a0\u00a0\u00a0\u00a0\u00a0 Sergio Garc\u00eda Segura<\/strong> (ICA 8877)<\/p>\n<p><strong>N\u00b02\u00a0\u00a0\u00a0\u00a0\u00a0\u00a0\u00a0 Diego Rebolledo Flores<\/strong>\u00a0(ICA 10602)<\/p>\n<p><strong>N\u00b03\u00a0\u00a0\u00a0\u00a0\u00a0\u00a0\u00a0 Javiera Salinas Solari<\/strong> (ICA 10601)<\/p>\n<p><strong>N\u00b04\u00a0\u00a0\u00a0\u00a0\u00a0\u00a0\u00a0 Roy Z\u00fa\u00f1iga Morales<\/strong> (ICA 10181)<\/p>\n<p>&nbsp;<\/p>\n<p><strong>\u00a0 \u00a0 \u00a0<\/strong>4.<strong>\u00a0 Candidatos al Directorio de la Delegaci\u00f3n Regional La Serena \u00a0 \u00a0 \u00a0 \u00a0 \u00a0 \u00a0 \u00a0 \u00a0 \u00a0 \u00a0 \u00a0\u00a0<\/strong><\/p>\n<p>S\u00f3lo los miembros de la Delegaci\u00f3n Zonal de La Serena podr\u00e1n decidir por sus altos representantes. Durante la primera Sesi\u00f3n Oficial los Directores Zonales electos decidir\u00e1n por votaci\u00f3n interna, los distintos cargos a ocupar.<\/p>\n<p>Candidatos:<\/p>\n<p><strong>N\u00b01\u00a0\u00a0\u00a0\u00a0\u00a0\u00a0\u00a0 Juana Varela Kawasaki<\/strong> (ICA 3446)<\/p>\n<p><strong>N\u00b02\u00a0\u00a0\u00a0\u00a0\u00a0\u00a0\u00a0 Luis Alberto Viada Ovalle<\/strong> (ICA 5933)<\/p>\n<p><strong>N\u00b03\u00a0\u00a0\u00a0\u00a0\u00a0\u00a0\u00a0 \u00c1ngela Rivera Corayl<\/strong> (ICA 6160)<\/p>\n<p><strong>N\u00b04\u00a0\u00a0\u00a0\u00a0\u00a0\u00a0\u00a0 Rodrigo Tapia Cerda<\/strong> (ICA 7288)<\/p>\n<p>&nbsp;<\/p>\n<p>5.<strong>\u00a0 Candidatos al Directorio de Delegaci\u00f3n Zonal V Regi\u00f3n<\/strong><\/p>\n<p>Solo miembros de la Delegaci\u00f3n Zonal de la V Regi\u00f3n tienen opci\u00f3n de votar por sus m\u00e1ximos representantes y en la primera Sesi\u00f3n Oficial los Directores Zonales electos decidir\u00e1n por votaci\u00f3n interna, los distintos cargos a ocupar.<\/p>\n<p>Candidatos a Directores:<\/p>\n<p><strong>N\u00b01\u00a0\u00a0\u00a0\u00a0\u00a0\u00a0\u00a0 Claudio\u00a0 Carrasco Aldunate<\/strong> (ICA 5929)<\/p>\n<p><strong>N\u00b02\u00a0\u00a0\u00a0\u00a0\u00a0\u00a0\u00a0 Eduardo Deney \u00c1valos<\/strong> (ICA 10411)<\/p>\n<p><strong>N\u00b03\u00a0\u00a0\u00a0\u00a0\u00a0\u00a0\u00a0 Marco Antonio G\u00e1rate Navarrete<\/strong> (ICA 7867)<\/p>\n<p><strong>N\u00b04\u00a0\u00a0\u00a0\u00a0\u00a0\u00a0\u00a0 Christian Leiva Ceballos<\/strong> (ICA 10959)<\/p>\n<p><strong>N\u00b05\u00a0\u00a0\u00a0\u00a0\u00a0\u00a0\u00a0 Axel Madariaga Rojas<\/strong> (ICA 2232)<\/p>\n<p><strong>N\u00b06\u00a0\u00a0\u00a0\u00a0\u00a0\u00a0\u00a0 Daniel Morales Escudero<\/strong> (ICA 7130)<\/p>\n<p><strong>N\u00b07\u00a0\u00a0\u00a0\u00a0\u00a0\u00a0\u00a0 Claudio Reyes Stevens<\/strong> (ICA 6030)<\/p>\n<p><strong>N\u00b08\u00a0\u00a0\u00a0\u00a0\u00a0\u00a0\u00a0 Marcelo Ruiz Fern\u00e1ndez<\/strong> (ICA 9082)<\/p>\n<p><strong>N\u00b09\u00a0\u00a0\u00a0\u00a0\u00a0\u00a0\u00a0 Ricardo Veliz Rojas<\/strong> (ICA 10301)<\/p>\n<p>&nbsp;<\/p>\n<p>5.\u00a0<strong> Candidatos al Tribunal de \u00c9tica Regional Delegaci\u00f3n V Regi\u00f3n \u00a0 \u00a0 \u00a0 \u00a0 \u00a0 \u00a0 \u00a0 \u00a0 \u00a0 \u00a0 \u00a0<\/strong><\/p>\n<p>Los miembros del Tribunal de \u00c9tica de la V Regi\u00f3n, s\u00f3lo podr\u00e1n ser elegidos por su propia Delegaci\u00f3n Zonal.<\/p>\n<p>Postulan:<\/p>\n<p><strong>N\u00b01\u00a0\u00a0\u00a0\u00a0\u00a0\u00a0\u00a0 Juan Ricardo D\u00edaz Milovic<\/strong> (ICA 3108)<\/p>\n<p><strong>N\u00b02\u00a0\u00a0\u00a0\u00a0\u00a0\u00a0\u00a0 V\u00edctor Sere\u00f1o Vargas<\/strong> (ICA 3577)<\/p>\n<p><strong>N\u00b03\u00a0\u00a0\u00a0\u00a0\u00a0\u00a0\u00a0 Gonzalo Vegas Cortes<\/strong> (ICA 3274)<\/p>\n<p>&nbsp;<\/p>\n<p>6.\u00a0<strong>Candidatos al Directorio Regional Delegaci\u00f3n Concepci\u00f3n \u00a0 \u00a0 \u00a0 \u00a0 \u00a0 \u00a0 \u00a0 \u00a0 \u00a0 \u00a0 \u00a0 \u00a0 \u00a0 \u00a0 \u00a0<\/strong><\/p>\n<p><strong>\u00a0<\/strong>S\u00f3lo los miembros de la Delegaci\u00f3n Zonal de Concepci\u00f3n podr\u00e1n decidir por sus representantes. Durante la primera Sesi\u00f3n Oficial los Directores Zonales electos decidir\u00e1n en votaci\u00f3n interna por los distintos cargos a ocupar.<\/p>\n<p><strong>N\u00b01\u00a0\u00a0\u00a0\u00a0\u00a0\u00a0\u00a0 Roberto Burdiles Allende<\/strong> (ICA 4060)<\/p>\n<p><strong>N\u00b02\u00a0\u00a0\u00a0\u00a0\u00a0\u00a0\u00a0 Iv\u00e1n Cartes Siade<\/strong> (ICA 5126)<\/p>\n<p><strong>N\u00b03\u00a0\u00a0\u00a0\u00a0\u00a0\u00a0\u00a0 Gabriel Fern\u00e1ndez Ib\u00e1\u00f1ez<\/strong> (ICA 10403)<\/p>\n<p><strong>N\u00b04\u00a0\u00a0\u00a0\u00a0\u00a0\u00a0\u00a0 Claudia Hempel Maack<\/strong> (ICA 6561)<\/p>\n<p><strong>N\u00b05\u00a0\u00a0\u00a0\u00a0\u00a0\u00a0\u00a0 Cecilia Martin Herranz<\/strong> (ICA 9137)<\/p>\n<p><strong>N\u00b06\u00a0\u00a0\u00a0\u00a0\u00a0\u00a0\u00a0 Francisco Javier Schiappacasse Retamal<\/strong> (ICA 5248)<\/p>\n<p>&nbsp;<\/p>\n<p>6.\u00a0<strong>Candidatos al Directorio Regional Delegaci\u00f3n Llanquihue \u00a0 \u00a0 \u00a0 \u00a0 \u00a0 \u00a0 \u00a0 \u00a0 \u00a0 \u00a0 \u00a0 \u00a0 \u00a0 \u00a0 \u00a0<\/strong><\/p>\n<p><strong>\u00a0<\/strong>S\u00f3lo los miembros de la Delegaci\u00f3n Zonal de Llanquihue (Puerto Montt, Puerto Varas y alrededores) podr\u00e1n decidir por sus representantes y durante la primera Sesi\u00f3n Oficial los Directores Zonales electos decidir\u00e1n en votaci\u00f3n interna por los distintos cargos a ocupar.<\/p>\n<p>En esta Delegaci\u00f3n s\u00f3lo se votar\u00e1 v\u00eda presencial.<\/p>\n<p><strong>N\u00b01 \u00a0 \u00a0 \u00a0 \u00a0Rodrigo Araya Manzanares<\/strong>\u00a0(ICA 9355)<\/p>\n<p><strong>N\u00b02 \u00a0 \u00a0 \u00a0 \u00a0Susana Hern\u00e1ndez Silva<\/strong>\u00a0(ICA 10038)<\/p>\n<p><strong>N\u00b03 \u00a0 \u00a0 \u00a0 \u00a0Marcelo Jim\u00e9nez Jofr\u00e9<\/strong>\u00a0(ICA 5299)<\/p>\n<p><strong>N\u00b04 \u00a0 \u00a0 \u00a0 \u00a0 Izidor Mora Mora<\/strong>\u00a0(ICA 5299)<\/p>\n<p><strong>N\u00b05 \u00a0 \u00a0 \u00a0 \u00a0Jos\u00e9 Francisco Robles Troncoso<\/strong>\u00a0(ICA 5176)<\/p>\n<p><strong>N\u00b06 \u00a0 \u00a0 \u00a0 \u00a0Bernardo Vera Castruccio<\/strong>\u00a0(ICA 6462)<\/p>\n<p>La Comisi\u00f3n Calificadora de Elecciones ser\u00e1 la encargada de velar por el correcto ejercicio de los actos electorales, el que como se ha informado ser\u00e1 por v\u00eda electr\u00f3nica y de manera presencial. Antes de votar, te aconsejamos que revises tu situaci\u00f3n de colegiado activo en tu Delegaci\u00f3n Zonal.<\/p>\n<p>Miembros de la Comisi\u00f3n Calificadora de Elecciones:<\/p>\n<p>&#8211;<strong> Sebasti\u00e1n Gray Avins<\/strong>, Presidente Nacional<br \/>\n&#8211; <strong>Fernando Merino de la Cerda<\/strong>, Ex Presidente Nacional CA<br \/>\n&#8211; <strong>Fernando Sotomayor Garret\u00f3n<\/strong>, Colegiado Activo CA<br \/>\n&#8211; <strong>Fernando Lavanderos de la Fuente<\/strong>, Colegiado Activo CA<br \/>\n&#8211; <strong>Luis Eduardo Bresciani<\/strong>, P. Past Presidente<\/p>\n<p>&nbsp;<\/p>\n<p>Se adjunta Reglamento de Elecciones<\/p>\n<p>[gview file=\u00bbhttp:\/\/colegioarquitectos.com\/noticias\/wp-content\/uploads\/2015\/05\/Reglamento-Elecciones-2013.pdf\u00bb]<\/p>\n<p><\/p>","protected":false},"excerpt":{"rendered":"<p>Seg\u00fan hemos informado, el pr\u00f3ximo 3, 4 y 5 de junio son las Elecciones Nacionales CA y como colegiado activo tendr\u00e1s que decidir para los cargos de Director Nacional; Directores de Delegaciones Zonales; Miembros del Tribunal de \u00c9tica Nacional y &hellip; <a class=\"more-link\" href=\"https:\/\/colegioarquitectos.com\/noticias\/?p=7433\">ver m\u00e1s<\/a><\/p>","protected":false},"author":4,"featured_media":7434,"comment_status":"open","ping_status":"open","sticky":false,"template":"","format":"standard","meta":{"footnotes":""},"categories":[8,40,55,3],"tags":[],"class_list":["post-7433","post","type-post","status-publish","format-standard","has-post-thumbnail","hentry","category-colegio-de-arquitectos","category-comunicados","category-elecciones2015","category-noticias"],"yoast_head":"<!-- This site is optimized with the Yoast SEO plugin v24.2 - https:\/\/yoast.com\/wordpress\/plugins\/seo\/ -->\n<title>La lista oficial de candidatos para las Elecciones CA 2015 - COLEGIO DE ARQUITECTOS DE CHILE<\/title>\n<meta name=\"robots\" content=\"index, follow, max-snippet:-1, max-image-preview:large, max-video-preview:-1\" \/>\n<link rel=\"canonical\" href=\"https:\/\/colegioarquitectos.com\/noticias\/?p=7433\" \/>\n<meta property=\"og:locale\" content=\"es_ES\" \/>\n<meta property=\"og:type\" content=\"article\" \/>\n<meta property=\"og:title\" content=\"La lista oficial de candidatos para las Elecciones CA 2015 - COLEGIO DE ARQUITECTOS DE CHILE\" \/>\n<meta property=\"og:description\" content=\"Seg\u00fan hemos informado, el pr\u00f3ximo 3, 4 y 5 de junio son las Elecciones Nacionales CA y como colegiado activo tendr\u00e1s que decidir para los cargos de Director Nacional; Directores de Delegaciones Zonales; Miembros del Tribunal de \u00c9tica Nacional y &hellip; ver m\u00e1s\" \/>\n<meta property=\"og:url\" content=\"https:\/\/colegioarquitectos.com\/noticias\/?p=7433\" \/>\n<meta property=\"og:site_name\" content=\"COLEGIO DE ARQUITECTOS DE CHILE\" \/>\n<meta property=\"article:publisher\" content=\"https:\/\/facebook.com\/Colegioarq\/\" \/>\n<meta property=\"article:published_time\" content=\"2015-05-19T20:22:41+00:00\" \/>\n<meta property=\"article:modified_time\" content=\"2015-07-03T13:56:58+00:00\" \/>\n<meta property=\"og:image\" content=\"https:\/\/colegioarquitectos.com\/noticias\/wp-content\/uploads\/2015\/05\/destacadoframe2.jpg\" \/>\n\t<meta property=\"og:image:width\" content=\"690\" \/>\n\t<meta property=\"og:image:height\" content=\"349\" \/>\n\t<meta property=\"og:image:type\" content=\"image\/jpeg\" \/>\n<meta name=\"author\" content=\"Colegio de Arquitectos de Chile\" \/>\n<meta name=\"twitter:card\" content=\"summary_large_image\" \/>\n<meta name=\"twitter:creator\" content=\"@colegioarq\" \/>\n<meta name=\"twitter:site\" content=\"@colegioarq\" \/>\n<meta name=\"twitter:label1\" content=\"Escrito por\" \/>\n\t<meta name=\"twitter:data1\" content=\"Colegio de Arquitectos de Chile\" \/>\n\t<meta name=\"twitter:label2\" content=\"Tiempo de lectura\" \/>\n\t<meta name=\"twitter:data2\" content=\"5 minutos\" \/>\n<script type=\"application\/ld+json\" class=\"yoast-schema-graph\">{\"@context\":\"https:\/\/schema.org\",\"@graph\":[{\"@type\":\"Article\",\"@id\":\"https:\/\/colegioarquitectos.com\/noticias\/?p=7433#article\",\"isPartOf\":{\"@id\":\"https:\/\/colegioarquitectos.com\/noticias\/?p=7433\"},\"author\":{\"name\":\"Colegio de Arquitectos de Chile\",\"@id\":\"https:\/\/colegioarquitectos.com\/noticias\/#\/schema\/person\/685cc0aad148303c5608f049af8285ad\"},\"headline\":\"La lista oficial de candidatos para las Elecciones CA 2015\",\"datePublished\":\"2015-05-19T20:22:41+00:00\",\"dateModified\":\"2015-07-03T13:56:58+00:00\",\"mainEntityOfPage\":{\"@id\":\"https:\/\/colegioarquitectos.com\/noticias\/?p=7433\"},\"wordCount\":1052,\"commentCount\":1,\"publisher\":{\"@id\":\"https:\/\/colegioarquitectos.com\/noticias\/#organization\"},\"image\":{\"@id\":\"https:\/\/colegioarquitectos.com\/noticias\/?p=7433#primaryimage\"},\"thumbnailUrl\":\"https:\/\/colegioarquitectos.com\/noticias\/wp-content\/uploads\/2015\/05\/destacadoframe2.jpg\",\"articleSection\":[\"Colegio\",\"Comunicados\",\"Elecciones CA2015\",\"Noticias\"],\"inLanguage\":\"es\",\"potentialAction\":[{\"@type\":\"CommentAction\",\"name\":\"Comment\",\"target\":[\"https:\/\/colegioarquitectos.com\/noticias\/?p=7433#respond\"]}]},{\"@type\":\"WebPage\",\"@id\":\"https:\/\/colegioarquitectos.com\/noticias\/?p=7433\",\"url\":\"https:\/\/colegioarquitectos.com\/noticias\/?p=7433\",\"name\":\"La lista oficial de candidatos para las Elecciones CA 2015 - COLEGIO DE ARQUITECTOS DE CHILE\",\"isPartOf\":{\"@id\":\"https:\/\/colegioarquitectos.com\/noticias\/#website\"},\"primaryImageOfPage\":{\"@id\":\"https:\/\/colegioarquitectos.com\/noticias\/?p=7433#primaryimage\"},\"image\":{\"@id\":\"https:\/\/colegioarquitectos.com\/noticias\/?p=7433#primaryimage\"},\"thumbnailUrl\":\"https:\/\/colegioarquitectos.com\/noticias\/wp-content\/uploads\/2015\/05\/destacadoframe2.jpg\",\"datePublished\":\"2015-05-19T20:22:41+00:00\",\"dateModified\":\"2015-07-03T13:56:58+00:00\",\"breadcrumb\":{\"@id\":\"https:\/\/colegioarquitectos.com\/noticias\/?p=7433#breadcrumb\"},\"inLanguage\":\"es\",\"potentialAction\":[{\"@type\":\"ReadAction\",\"target\":[\"https:\/\/colegioarquitectos.com\/noticias\/?p=7433\"]}]},{\"@type\":\"ImageObject\",\"inLanguage\":\"es\",\"@id\":\"https:\/\/colegioarquitectos.com\/noticias\/?p=7433#primaryimage\",\"url\":\"https:\/\/colegioarquitectos.com\/noticias\/wp-content\/uploads\/2015\/05\/destacadoframe2.jpg\",\"contentUrl\":\"https:\/\/colegioarquitectos.com\/noticias\/wp-content\/uploads\/2015\/05\/destacadoframe2.jpg\",\"width\":690,\"height\":349},{\"@type\":\"BreadcrumbList\",\"@id\":\"https:\/\/colegioarquitectos.com\/noticias\/?p=7433#breadcrumb\",\"itemListElement\":[{\"@type\":\"ListItem\",\"position\":1,\"name\":\"Portada\",\"item\":\"https:\/\/colegioarquitectos.com\/noticias\"},{\"@type\":\"ListItem\",\"position\":2,\"name\":\"La lista oficial de candidatos para las Elecciones CA 2015\"}]},{\"@type\":\"WebSite\",\"@id\":\"https:\/\/colegioarquitectos.com\/noticias\/#website\",\"url\":\"https:\/\/colegioarquitectos.com\/noticias\/\",\"name\":\"COLEGIO DE ARQUITECTOS DE CHILE\",\"description\":\"\",\"publisher\":{\"@id\":\"https:\/\/colegioarquitectos.com\/noticias\/#organization\"},\"potentialAction\":[{\"@type\":\"SearchAction\",\"target\":{\"@type\":\"EntryPoint\",\"urlTemplate\":\"https:\/\/colegioarquitectos.com\/noticias\/?s={search_term_string}\"},\"query-input\":{\"@type\":\"PropertyValueSpecification\",\"valueRequired\":true,\"valueName\":\"search_term_string\"}}],\"inLanguage\":\"es\"},{\"@type\":\"Organization\",\"@id\":\"https:\/\/colegioarquitectos.com\/noticias\/#organization\",\"name\":\"COLEGIO DE ARQUITECTOS DE CHILE\",\"url\":\"https:\/\/colegioarquitectos.com\/noticias\/\",\"logo\":{\"@type\":\"ImageObject\",\"inLanguage\":\"es\",\"@id\":\"https:\/\/colegioarquitectos.com\/noticias\/#\/schema\/logo\/image\/\",\"url\":\"https:\/\/colegioarquitectos.com\/noticias\/wp-content\/uploads\/2021\/05\/ENCABEZADO-LOGO-CA.jpg\",\"contentUrl\":\"https:\/\/colegioarquitectos.com\/noticias\/wp-content\/uploads\/2021\/05\/ENCABEZADO-LOGO-CA.jpg\",\"width\":690,\"height\":350,\"caption\":\"COLEGIO DE ARQUITECTOS DE CHILE\"},\"image\":{\"@id\":\"https:\/\/colegioarquitectos.com\/noticias\/#\/schema\/logo\/image\/\"},\"sameAs\":[\"https:\/\/facebook.com\/Colegioarq\/\",\"https:\/\/x.com\/colegioarq\",\"https:\/\/instagram.com\/colegioarq\",\"https:\/\/youtube.com\/@ColegiodeArquitectosdeChile\"]},{\"@type\":\"Person\",\"@id\":\"https:\/\/colegioarquitectos.com\/noticias\/#\/schema\/person\/685cc0aad148303c5608f049af8285ad\",\"name\":\"Colegio de Arquitectos de Chile\",\"url\":\"https:\/\/colegioarquitectos.com\/noticias\/?author=4\"}]}<\/script>\n<!-- \/ Yoast SEO plugin. -->","yoast_head_json":{"title":"La lista oficial de candidatos para las Elecciones CA 2015 - COLEGIO DE ARQUITECTOS DE CHILE","robots":{"index":"index","follow":"follow","max-snippet":"max-snippet:-1","max-image-preview":"max-image-preview:large","max-video-preview":"max-video-preview:-1"},"canonical":"https:\/\/colegioarquitectos.com\/noticias\/?p=7433","og_locale":"es_ES","og_type":"article","og_title":"La lista oficial de candidatos para las Elecciones CA 2015 - COLEGIO DE ARQUITECTOS DE CHILE","og_description":"Seg\u00fan hemos informado, el pr\u00f3ximo 3, 4 y 5 de junio son las Elecciones Nacionales CA y como colegiado activo tendr\u00e1s que decidir para los cargos de Director Nacional; Directores de Delegaciones Zonales; Miembros del Tribunal de \u00c9tica Nacional y &hellip; ver m\u00e1s","og_url":"https:\/\/colegioarquitectos.com\/noticias\/?p=7433","og_site_name":"COLEGIO DE ARQUITECTOS DE CHILE","article_publisher":"https:\/\/facebook.com\/Colegioarq\/","article_published_time":"2015-05-19T20:22:41+00:00","article_modified_time":"2015-07-03T13:56:58+00:00","og_image":[{"width":690,"height":349,"url":"https:\/\/colegioarquitectos.com\/noticias\/wp-content\/uploads\/2015\/05\/destacadoframe2.jpg","type":"image\/jpeg"}],"author":"Colegio de Arquitectos de Chile","twitter_card":"summary_large_image","twitter_creator":"@colegioarq","twitter_site":"@colegioarq","twitter_misc":{"Escrito por":"Colegio de Arquitectos de Chile","Tiempo de lectura":"5 minutos"},"schema":{"@context":"https:\/\/schema.org","@graph":[{"@type":"Article","@id":"https:\/\/colegioarquitectos.com\/noticias\/?p=7433#article","isPartOf":{"@id":"https:\/\/colegioarquitectos.com\/noticias\/?p=7433"},"author":{"name":"Colegio de Arquitectos de Chile","@id":"https:\/\/colegioarquitectos.com\/noticias\/#\/schema\/person\/685cc0aad148303c5608f049af8285ad"},"headline":"La lista oficial de candidatos para las Elecciones CA 2015","datePublished":"2015-05-19T20:22:41+00:00","dateModified":"2015-07-03T13:56:58+00:00","mainEntityOfPage":{"@id":"https:\/\/colegioarquitectos.com\/noticias\/?p=7433"},"wordCount":1052,"commentCount":1,"publisher":{"@id":"https:\/\/colegioarquitectos.com\/noticias\/#organization"},"image":{"@id":"https:\/\/colegioarquitectos.com\/noticias\/?p=7433#primaryimage"},"thumbnailUrl":"https:\/\/colegioarquitectos.com\/noticias\/wp-content\/uploads\/2015\/05\/destacadoframe2.jpg","articleSection":["Colegio","Comunicados","Elecciones CA2015","Noticias"],"inLanguage":"es","potentialAction":[{"@type":"CommentAction","name":"Comment","target":["https:\/\/colegioarquitectos.com\/noticias\/?p=7433#respond"]}]},{"@type":"WebPage","@id":"https:\/\/colegioarquitectos.com\/noticias\/?p=7433","url":"https:\/\/colegioarquitectos.com\/noticias\/?p=7433","name":"La lista oficial de candidatos para las Elecciones CA 2015 - COLEGIO DE ARQUITECTOS DE CHILE","isPartOf":{"@id":"https:\/\/colegioarquitectos.com\/noticias\/#website"},"primaryImageOfPage":{"@id":"https:\/\/colegioarquitectos.com\/noticias\/?p=7433#primaryimage"},"image":{"@id":"https:\/\/colegioarquitectos.com\/noticias\/?p=7433#primaryimage"},"thumbnailUrl":"https:\/\/colegioarquitectos.com\/noticias\/wp-content\/uploads\/2015\/05\/destacadoframe2.jpg","datePublished":"2015-05-19T20:22:41+00:00","dateModified":"2015-07-03T13:56:58+00:00","breadcrumb":{"@id":"https:\/\/colegioarquitectos.com\/noticias\/?p=7433#breadcrumb"},"inLanguage":"es","potentialAction":[{"@type":"ReadAction","target":["https:\/\/colegioarquitectos.com\/noticias\/?p=7433"]}]},{"@type":"ImageObject","inLanguage":"es","@id":"https:\/\/colegioarquitectos.com\/noticias\/?p=7433#primaryimage","url":"https:\/\/colegioarquitectos.com\/noticias\/wp-content\/uploads\/2015\/05\/destacadoframe2.jpg","contentUrl":"https:\/\/colegioarquitectos.com\/noticias\/wp-content\/uploads\/2015\/05\/destacadoframe2.jpg","width":690,"height":349},{"@type":"BreadcrumbList","@id":"https:\/\/colegioarquitectos.com\/noticias\/?p=7433#breadcrumb","itemListElement":[{"@type":"ListItem","position":1,"name":"Portada","item":"https:\/\/colegioarquitectos.com\/noticias"},{"@type":"ListItem","position":2,"name":"La lista oficial de candidatos para las Elecciones CA 2015"}]},{"@type":"WebSite","@id":"https:\/\/colegioarquitectos.com\/noticias\/#website","url":"https:\/\/colegioarquitectos.com\/noticias\/","name":"COLEGIO DE ARQUITECTOS DE CHILE","description":"","publisher":{"@id":"https:\/\/colegioarquitectos.com\/noticias\/#organization"},"potentialAction":[{"@type":"SearchAction","target":{"@type":"EntryPoint","urlTemplate":"https:\/\/colegioarquitectos.com\/noticias\/?s={search_term_string}"},"query-input":{"@type":"PropertyValueSpecification","valueRequired":true,"valueName":"search_term_string"}}],"inLanguage":"es"},{"@type":"Organization","@id":"https:\/\/colegioarquitectos.com\/noticias\/#organization","name":"COLEGIO DE ARQUITECTOS DE CHILE","url":"https:\/\/colegioarquitectos.com\/noticias\/","logo":{"@type":"ImageObject","inLanguage":"es","@id":"https:\/\/colegioarquitectos.com\/noticias\/#\/schema\/logo\/image\/","url":"https:\/\/colegioarquitectos.com\/noticias\/wp-content\/uploads\/2021\/05\/ENCABEZADO-LOGO-CA.jpg","contentUrl":"https:\/\/colegioarquitectos.com\/noticias\/wp-content\/uploads\/2021\/05\/ENCABEZADO-LOGO-CA.jpg","width":690,"height":350,"caption":"COLEGIO DE ARQUITECTOS DE CHILE"},"image":{"@id":"https:\/\/colegioarquitectos.com\/noticias\/#\/schema\/logo\/image\/"},"sameAs":["https:\/\/facebook.com\/Colegioarq\/","https:\/\/x.com\/colegioarq","https:\/\/instagram.com\/colegioarq","https:\/\/youtube.com\/@ColegiodeArquitectosdeChile"]},{"@type":"Person","@id":"https:\/\/colegioarquitectos.com\/noticias\/#\/schema\/person\/685cc0aad148303c5608f049af8285ad","name":"Colegio de Arquitectos de Chile","url":"https:\/\/colegioarquitectos.com\/noticias\/?author=4"}]}},"_links":{"self":[{"href":"https:\/\/colegioarquitectos.com\/noticias\/index.php?rest_route=\/wp\/v2\/posts\/7433","targetHints":{"allow":["GET"]}}],"collection":[{"href":"https:\/\/colegioarquitectos.com\/noticias\/index.php?rest_route=\/wp\/v2\/posts"}],"about":[{"href":"https:\/\/colegioarquitectos.com\/noticias\/index.php?rest_route=\/wp\/v2\/types\/post"}],"author":[{"embeddable":true,"href":"https:\/\/colegioarquitectos.com\/noticias\/index.php?rest_route=\/wp\/v2\/users\/4"}],"replies":[{"embeddable":true,"href":"https:\/\/colegioarquitectos.com\/noticias\/index.php?rest_route=%2Fwp%2Fv2%2Fcomments&post=7433"}],"version-history":[{"count":0,"href":"https:\/\/colegioarquitectos.com\/noticias\/index.php?rest_route=\/wp\/v2\/posts\/7433\/revisions"}],"wp:featuredmedia":[{"embeddable":true,"href":"https:\/\/colegioarquitectos.com\/noticias\/index.php?rest_route=\/wp\/v2\/media\/7434"}],"wp:attachment":[{"href":"https:\/\/colegioarquitectos.com\/noticias\/index.php?rest_route=%2Fwp%2Fv2%2Fmedia&parent=7433"}],"wp:term":[{"taxonomy":"category","embeddable":true,"href":"https:\/\/colegioarquitectos.com\/noticias\/index.php?rest_route=%2Fwp%2Fv2%2Fcategories&post=7433"},{"taxonomy":"post_tag","embeddable":true,"href":"https:\/\/colegioarquitectos.com\/noticias\/index.php?rest_route=%2Fwp%2Fv2%2Ftags&post=7433"}],"curies":[{"name":"wp","href":"https:\/\/api.w.org\/{rel}","templated":true}]}}