
{"id":7449,"date":"2015-06-02T17:00:51","date_gmt":"2015-06-02T17:00:51","guid":{"rendered":"http:\/\/colegioarquitectos.com\/?p=7449"},"modified":"2015-07-03T13:55:49","modified_gmt":"2015-07-03T13:55:49","slug":"conoce-las-propuestas-de-los-candidatos-a-cargos-nacionales-ca","status":"publish","type":"post","link":"https:\/\/colegioarquitectos.com\/noticias\/?p=7449","title":{"rendered":"Los candidatos que se presentaron al Directorio Nacional CA"},"content":{"rendered":"<p><!--more--><\/p>\n<p>El conteo de votos de las Elecciones CA se realiz\u00f3 el d\u00eda lunes 8 de junio. Mientras esperamos la ratificaci\u00f3n del conteo de votos por parte de la te Tribunal Calificador de Elecciones, te presentamos las propuestas de los distintos candidatos que compitieron a Director Nacional y que publicamos hace unas semanas, con la idea de aportar informaci\u00f3n necesaria para que los colegiados activos puedan votar el pr\u00f3ximo 3, 4 y 5 de junio.<\/p>\n<p>Los electores escogieron por cinco de ellos, de los cuales ser\u00e1n electos los que obtienen las diez primeras mayor\u00edas.<\/p>\n<p>Una vez proclamados lo diez nuevos Directores Nacionales, ellos mismos decidir\u00e1n por votaci\u00f3n interna por el Presidente Nacional, el Vicepresidente de Asuntos Internos y Vicepresidente de Asuntos Externos, Secretario General y Director Tesorero.<\/p>\n<p>Para conocer las ideas, experiencia y\/o programas de cada candidato, electos y no electos, pincha sobre cada nombre.<\/p>\n<p>&nbsp;<\/p>\n<p><strong>I.\u00a0\u00a0\u00a0\u00a0\u00a0\u00a0\u00a0 Candidatos al Directorio Nacional \u00a0 \u00a0 \u00a0 \u00a0 \u00a0 \u00a0 \u00a0 \u00a0 \u00a0 \u00a0 \u00a0 \u00a0 \u00a0 \u00a0 \u00a0 \u00a0 \u00a0 \u00a0 \u00a0\u00a0<\/strong><\/p>\n<p><a href=\"http:\/\/colegioarquitectos.com\/?p=7455\">N\u00b01\u00a0\u00a0\u00a0\u00a0\u00a0\u00a0\u00a0 Milagros Aguirre Donoso<\/a><\/p>\n<p><a href=\"http:\/\/colegioarquitectos.com\/?p=7564\">N\u00b02\u00a0\u00a0\u00a0\u00a0\u00a0\u00a0\u00a0 Julio Alegr\u00eda G. de Las Heras<\/a><\/p>\n<p><a href=\"http:\/\/colegioarquitectos.com\/?p=7459\">N\u00b03\u00a0\u00a0\u00a0\u00a0\u00a0\u00a0\u00a0 Enrique Barba Campos<\/a><\/p>\n<p><a href=\"http:\/\/colegioarquitectos.com\/?p=7462\">N\u00b04\u00a0\u00a0\u00a0\u00a0\u00a0\u00a0\u00a0 Ximena B\u00f3rquez Dom\u00ednguez<\/a><\/p>\n<p><a href=\"http:\/\/colegioarquitectos.com\/?p=7468\">N\u00b05\u00a0\u00a0\u00a0\u00a0\u00a0\u00a0\u00a0 Hern\u00e1n Bugue\u00f1o Rubio<\/a><\/p>\n<p><a href=\"http:\/\/colegioarquitectos.com\/?p=7475\">N\u00b06\u00a0\u00a0\u00a0\u00a0\u00a0\u00a0\u00a0 Alberto Fern\u00e1ndez Gonz\u00e1lez<\/a><\/p>\n<p><a href=\"http:\/\/colegioarquitectos.com\/?p=7478\">N\u00b07\u00a0\u00a0\u00a0\u00a0\u00a0\u00a0\u00a0 Pablo Fuentes Flores<\/a><\/p>\n<p><a href=\"http:\/\/colegioarquitectos.com\/?p=7482\">N\u00b08\u00a0\u00a0\u00a0\u00a0\u00a0\u00a0\u00a0 Jorge Guzm\u00e1n Briones<\/a><\/p>\n<p><a href=\"http:\/\/colegioarquitectos.com\/?p=7492\">N\u00b09\u00a0\u00a0\u00a0\u00a0\u00a0\u00a0\u00a0 M. Agust\u00edn Infante Barros<\/a><\/p>\n<p><a href=\"http:\/\/colegioarquitectos.com\/?p=7496\">N\u00b010\u00a0\u00a0\u00a0\u00a0\u00a0 Germ\u00e1n Lamarca Claro<\/a><\/p>\n<p><a href=\"http:\/\/colegioarquitectos.com\/?p=7501\">N\u00b011\u00a0\u00a0\u00a0\u00a0\u00a0 Rodrigo Ortiz Figueroa<\/a><\/p>\n<p><a href=\"http:\/\/colegioarquitectos.com\/?p=7505\">N\u00b012\u00a0\u00a0\u00a0\u00a0\u00a0 Jos\u00e9 Antonio Piga Giles<\/a><\/p>\n<p><a href=\"http:\/\/colegioarquitectos.com\/?p=7616\">N\u00b013\u00a0\u00a0\u00a0\u00a0\u00a0 G\u00fanter Suhrcke Caballero<\/a><\/p>\n<p><a href=\"http:\/\/colegioarquitectos.com\/?p=7511\">N\u00b014\u00a0\u00a0\u00a0\u00a0\u00a0 Alberto Texido Zlatar<\/a><\/p>\n<p><a href=\"http:\/\/colegioarquitectos.com\/?p=7515\">N\u00b015\u00a0\u00a0\u00a0\u00a0\u00a0 Rodrigo\u00a0 Toro S\u00e1nchez<\/a><\/p>\n<p><a href=\"http:\/\/colegioarquitectos.com\/?p=7519%20\">N\u00b016\u00a0\u00a0\u00a0\u00a0\u00a0 Pilar Urrejola Dittborn<\/a><\/p>\n<p><a href=\"http:\/\/colegioarquitectos.com\/?p=7521%20\">N\u00b017\u00a0\u00a0\u00a0\u00a0\u00a0 Juan Pablo Urrutia Mu\u00f1oz<\/a><\/p>\n<p>&nbsp;<\/p>\n<p>&nbsp;<\/p>\n<p>&nbsp;<\/p>\n<p><\/p>","protected":false},"excerpt":{"rendered":"<p> <a class=\"more-link\" href=\"https:\/\/colegioarquitectos.com\/noticias\/?p=7449\">ver m\u00e1s<\/a><\/p>","protected":false},"author":4,"featured_media":7626,"comment_status":"open","ping_status":"open","sticky":false,"template":"","format":"standard","meta":{"footnotes":""},"categories":[8,55,3,1],"tags":[],"class_list":["post-7449","post","type-post","status-publish","format-standard","has-post-thumbnail","hentry","category-colegio-de-arquitectos","category-elecciones2015","category-noticias","category-sin-categoria"],"yoast_head":"<!-- This site is optimized with the Yoast SEO plugin v24.2 - https:\/\/yoast.com\/wordpress\/plugins\/seo\/ -->\n<title>Los candidatos que se presentaron al Directorio Nacional CA - COLEGIO DE ARQUITECTOS DE CHILE<\/title>\n<meta name=\"robots\" content=\"index, follow, max-snippet:-1, max-image-preview:large, max-video-preview:-1\" \/>\n<link rel=\"canonical\" href=\"https:\/\/colegioarquitectos.com\/noticias\/?p=7449\" \/>\n<meta property=\"og:locale\" content=\"es_ES\" \/>\n<meta property=\"og:type\" content=\"article\" \/>\n<meta property=\"og:title\" content=\"Los candidatos que se presentaron al Directorio Nacional CA - COLEGIO DE ARQUITECTOS DE CHILE\" \/>\n<meta property=\"og:description\" content=\"ver m\u00e1s\" \/>\n<meta property=\"og:url\" content=\"https:\/\/colegioarquitectos.com\/noticias\/?p=7449\" \/>\n<meta property=\"og:site_name\" content=\"COLEGIO DE ARQUITECTOS DE CHILE\" \/>\n<meta property=\"article:publisher\" content=\"https:\/\/facebook.com\/Colegioarq\/\" \/>\n<meta property=\"article:published_time\" content=\"2015-06-02T17:00:51+00:00\" \/>\n<meta property=\"article:modified_time\" content=\"2015-07-03T13:55:49+00:00\" \/>\n<meta property=\"og:image\" content=\"https:\/\/colegioarquitectos.com\/noticias\/wp-content\/uploads\/2015\/05\/Collage-DN2-bw.jpg\" \/>\n\t<meta property=\"og:image:width\" content=\"690\" \/>\n\t<meta property=\"og:image:height\" content=\"271\" \/>\n\t<meta property=\"og:image:type\" content=\"image\/jpeg\" \/>\n<meta name=\"author\" content=\"Colegio de Arquitectos de Chile\" \/>\n<meta name=\"twitter:card\" content=\"summary_large_image\" \/>\n<meta name=\"twitter:creator\" content=\"@colegioarq\" \/>\n<meta name=\"twitter:site\" content=\"@colegioarq\" \/>\n<meta name=\"twitter:label1\" content=\"Escrito por\" \/>\n\t<meta name=\"twitter:data1\" content=\"Colegio de Arquitectos de Chile\" \/>\n\t<meta name=\"twitter:label2\" content=\"Tiempo de lectura\" \/>\n\t<meta name=\"twitter:data2\" content=\"1 minuto\" \/>\n<script type=\"application\/ld+json\" class=\"yoast-schema-graph\">{\"@context\":\"https:\/\/schema.org\",\"@graph\":[{\"@type\":\"Article\",\"@id\":\"https:\/\/colegioarquitectos.com\/noticias\/?p=7449#article\",\"isPartOf\":{\"@id\":\"https:\/\/colegioarquitectos.com\/noticias\/?p=7449\"},\"author\":{\"name\":\"Colegio de Arquitectos de Chile\",\"@id\":\"https:\/\/colegioarquitectos.com\/noticias\/#\/schema\/person\/685cc0aad148303c5608f049af8285ad\"},\"headline\":\"Los candidatos que se presentaron al Directorio Nacional CA\",\"datePublished\":\"2015-06-02T17:00:51+00:00\",\"dateModified\":\"2015-07-03T13:55:49+00:00\",\"mainEntityOfPage\":{\"@id\":\"https:\/\/colegioarquitectos.com\/noticias\/?p=7449\"},\"wordCount\":254,\"commentCount\":0,\"publisher\":{\"@id\":\"https:\/\/colegioarquitectos.com\/noticias\/#organization\"},\"image\":{\"@id\":\"https:\/\/colegioarquitectos.com\/noticias\/?p=7449#primaryimage\"},\"thumbnailUrl\":\"https:\/\/colegioarquitectos.com\/noticias\/wp-content\/uploads\/2015\/05\/Collage-DN2-bw.jpg\",\"articleSection\":[\"Colegio\",\"Elecciones CA2015\",\"Noticias\"],\"inLanguage\":\"es\",\"potentialAction\":[{\"@type\":\"CommentAction\",\"name\":\"Comment\",\"target\":[\"https:\/\/colegioarquitectos.com\/noticias\/?p=7449#respond\"]}]},{\"@type\":\"WebPage\",\"@id\":\"https:\/\/colegioarquitectos.com\/noticias\/?p=7449\",\"url\":\"https:\/\/colegioarquitectos.com\/noticias\/?p=7449\",\"name\":\"Los candidatos que se presentaron al Directorio Nacional CA - COLEGIO DE ARQUITECTOS DE CHILE\",\"isPartOf\":{\"@id\":\"https:\/\/colegioarquitectos.com\/noticias\/#website\"},\"primaryImageOfPage\":{\"@id\":\"https:\/\/colegioarquitectos.com\/noticias\/?p=7449#primaryimage\"},\"image\":{\"@id\":\"https:\/\/colegioarquitectos.com\/noticias\/?p=7449#primaryimage\"},\"thumbnailUrl\":\"https:\/\/colegioarquitectos.com\/noticias\/wp-content\/uploads\/2015\/05\/Collage-DN2-bw.jpg\",\"datePublished\":\"2015-06-02T17:00:51+00:00\",\"dateModified\":\"2015-07-03T13:55:49+00:00\",\"breadcrumb\":{\"@id\":\"https:\/\/colegioarquitectos.com\/noticias\/?p=7449#breadcrumb\"},\"inLanguage\":\"es\",\"potentialAction\":[{\"@type\":\"ReadAction\",\"target\":[\"https:\/\/colegioarquitectos.com\/noticias\/?p=7449\"]}]},{\"@type\":\"ImageObject\",\"inLanguage\":\"es\",\"@id\":\"https:\/\/colegioarquitectos.com\/noticias\/?p=7449#primaryimage\",\"url\":\"https:\/\/colegioarquitectos.com\/noticias\/wp-content\/uploads\/2015\/05\/Collage-DN2-bw.jpg\",\"contentUrl\":\"https:\/\/colegioarquitectos.com\/noticias\/wp-content\/uploads\/2015\/05\/Collage-DN2-bw.jpg\",\"width\":690,\"height\":271},{\"@type\":\"BreadcrumbList\",\"@id\":\"https:\/\/colegioarquitectos.com\/noticias\/?p=7449#breadcrumb\",\"itemListElement\":[{\"@type\":\"ListItem\",\"position\":1,\"name\":\"Portada\",\"item\":\"https:\/\/colegioarquitectos.com\/noticias\"},{\"@type\":\"ListItem\",\"position\":2,\"name\":\"Los candidatos que se presentaron al Directorio Nacional CA\"}]},{\"@type\":\"WebSite\",\"@id\":\"https:\/\/colegioarquitectos.com\/noticias\/#website\",\"url\":\"https:\/\/colegioarquitectos.com\/noticias\/\",\"name\":\"COLEGIO DE ARQUITECTOS DE CHILE\",\"description\":\"\",\"publisher\":{\"@id\":\"https:\/\/colegioarquitectos.com\/noticias\/#organization\"},\"potentialAction\":[{\"@type\":\"SearchAction\",\"target\":{\"@type\":\"EntryPoint\",\"urlTemplate\":\"https:\/\/colegioarquitectos.com\/noticias\/?s={search_term_string}\"},\"query-input\":{\"@type\":\"PropertyValueSpecification\",\"valueRequired\":true,\"valueName\":\"search_term_string\"}}],\"inLanguage\":\"es\"},{\"@type\":\"Organization\",\"@id\":\"https:\/\/colegioarquitectos.com\/noticias\/#organization\",\"name\":\"COLEGIO DE ARQUITECTOS DE CHILE\",\"url\":\"https:\/\/colegioarquitectos.com\/noticias\/\",\"logo\":{\"@type\":\"ImageObject\",\"inLanguage\":\"es\",\"@id\":\"https:\/\/colegioarquitectos.com\/noticias\/#\/schema\/logo\/image\/\",\"url\":\"https:\/\/colegioarquitectos.com\/noticias\/wp-content\/uploads\/2021\/05\/ENCABEZADO-LOGO-CA.jpg\",\"contentUrl\":\"https:\/\/colegioarquitectos.com\/noticias\/wp-content\/uploads\/2021\/05\/ENCABEZADO-LOGO-CA.jpg\",\"width\":690,\"height\":350,\"caption\":\"COLEGIO DE ARQUITECTOS DE CHILE\"},\"image\":{\"@id\":\"https:\/\/colegioarquitectos.com\/noticias\/#\/schema\/logo\/image\/\"},\"sameAs\":[\"https:\/\/facebook.com\/Colegioarq\/\",\"https:\/\/x.com\/colegioarq\",\"https:\/\/instagram.com\/colegioarq\",\"https:\/\/youtube.com\/@ColegiodeArquitectosdeChile\"]},{\"@type\":\"Person\",\"@id\":\"https:\/\/colegioarquitectos.com\/noticias\/#\/schema\/person\/685cc0aad148303c5608f049af8285ad\",\"name\":\"Colegio de Arquitectos de Chile\",\"url\":\"https:\/\/colegioarquitectos.com\/noticias\/?author=4\"}]}<\/script>\n<!-- \/ Yoast SEO plugin. -->","yoast_head_json":{"title":"Los candidatos que se presentaron al Directorio Nacional CA - COLEGIO DE ARQUITECTOS DE CHILE","robots":{"index":"index","follow":"follow","max-snippet":"max-snippet:-1","max-image-preview":"max-image-preview:large","max-video-preview":"max-video-preview:-1"},"canonical":"https:\/\/colegioarquitectos.com\/noticias\/?p=7449","og_locale":"es_ES","og_type":"article","og_title":"Los candidatos que se presentaron al Directorio Nacional CA - COLEGIO DE ARQUITECTOS DE CHILE","og_description":"ver m\u00e1s","og_url":"https:\/\/colegioarquitectos.com\/noticias\/?p=7449","og_site_name":"COLEGIO DE ARQUITECTOS DE CHILE","article_publisher":"https:\/\/facebook.com\/Colegioarq\/","article_published_time":"2015-06-02T17:00:51+00:00","article_modified_time":"2015-07-03T13:55:49+00:00","og_image":[{"width":690,"height":271,"url":"https:\/\/colegioarquitectos.com\/noticias\/wp-content\/uploads\/2015\/05\/Collage-DN2-bw.jpg","type":"image\/jpeg"}],"author":"Colegio de Arquitectos de Chile","twitter_card":"summary_large_image","twitter_creator":"@colegioarq","twitter_site":"@colegioarq","twitter_misc":{"Escrito por":"Colegio de Arquitectos de Chile","Tiempo de lectura":"1 minuto"},"schema":{"@context":"https:\/\/schema.org","@graph":[{"@type":"Article","@id":"https:\/\/colegioarquitectos.com\/noticias\/?p=7449#article","isPartOf":{"@id":"https:\/\/colegioarquitectos.com\/noticias\/?p=7449"},"author":{"name":"Colegio de Arquitectos de Chile","@id":"https:\/\/colegioarquitectos.com\/noticias\/#\/schema\/person\/685cc0aad148303c5608f049af8285ad"},"headline":"Los candidatos que se presentaron al Directorio Nacional CA","datePublished":"2015-06-02T17:00:51+00:00","dateModified":"2015-07-03T13:55:49+00:00","mainEntityOfPage":{"@id":"https:\/\/colegioarquitectos.com\/noticias\/?p=7449"},"wordCount":254,"commentCount":0,"publisher":{"@id":"https:\/\/colegioarquitectos.com\/noticias\/#organization"},"image":{"@id":"https:\/\/colegioarquitectos.com\/noticias\/?p=7449#primaryimage"},"thumbnailUrl":"https:\/\/colegioarquitectos.com\/noticias\/wp-content\/uploads\/2015\/05\/Collage-DN2-bw.jpg","articleSection":["Colegio","Elecciones CA2015","Noticias"],"inLanguage":"es","potentialAction":[{"@type":"CommentAction","name":"Comment","target":["https:\/\/colegioarquitectos.com\/noticias\/?p=7449#respond"]}]},{"@type":"WebPage","@id":"https:\/\/colegioarquitectos.com\/noticias\/?p=7449","url":"https:\/\/colegioarquitectos.com\/noticias\/?p=7449","name":"Los candidatos que se presentaron al Directorio Nacional CA - COLEGIO DE ARQUITECTOS DE CHILE","isPartOf":{"@id":"https:\/\/colegioarquitectos.com\/noticias\/#website"},"primaryImageOfPage":{"@id":"https:\/\/colegioarquitectos.com\/noticias\/?p=7449#primaryimage"},"image":{"@id":"https:\/\/colegioarquitectos.com\/noticias\/?p=7449#primaryimage"},"thumbnailUrl":"https:\/\/colegioarquitectos.com\/noticias\/wp-content\/uploads\/2015\/05\/Collage-DN2-bw.jpg","datePublished":"2015-06-02T17:00:51+00:00","dateModified":"2015-07-03T13:55:49+00:00","breadcrumb":{"@id":"https:\/\/colegioarquitectos.com\/noticias\/?p=7449#breadcrumb"},"inLanguage":"es","potentialAction":[{"@type":"ReadAction","target":["https:\/\/colegioarquitectos.com\/noticias\/?p=7449"]}]},{"@type":"ImageObject","inLanguage":"es","@id":"https:\/\/colegioarquitectos.com\/noticias\/?p=7449#primaryimage","url":"https:\/\/colegioarquitectos.com\/noticias\/wp-content\/uploads\/2015\/05\/Collage-DN2-bw.jpg","contentUrl":"https:\/\/colegioarquitectos.com\/noticias\/wp-content\/uploads\/2015\/05\/Collage-DN2-bw.jpg","width":690,"height":271},{"@type":"BreadcrumbList","@id":"https:\/\/colegioarquitectos.com\/noticias\/?p=7449#breadcrumb","itemListElement":[{"@type":"ListItem","position":1,"name":"Portada","item":"https:\/\/colegioarquitectos.com\/noticias"},{"@type":"ListItem","position":2,"name":"Los candidatos que se presentaron al Directorio Nacional CA"}]},{"@type":"WebSite","@id":"https:\/\/colegioarquitectos.com\/noticias\/#website","url":"https:\/\/colegioarquitectos.com\/noticias\/","name":"COLEGIO DE ARQUITECTOS DE CHILE","description":"","publisher":{"@id":"https:\/\/colegioarquitectos.com\/noticias\/#organization"},"potentialAction":[{"@type":"SearchAction","target":{"@type":"EntryPoint","urlTemplate":"https:\/\/colegioarquitectos.com\/noticias\/?s={search_term_string}"},"query-input":{"@type":"PropertyValueSpecification","valueRequired":true,"valueName":"search_term_string"}}],"inLanguage":"es"},{"@type":"Organization","@id":"https:\/\/colegioarquitectos.com\/noticias\/#organization","name":"COLEGIO DE ARQUITECTOS DE CHILE","url":"https:\/\/colegioarquitectos.com\/noticias\/","logo":{"@type":"ImageObject","inLanguage":"es","@id":"https:\/\/colegioarquitectos.com\/noticias\/#\/schema\/logo\/image\/","url":"https:\/\/colegioarquitectos.com\/noticias\/wp-content\/uploads\/2021\/05\/ENCABEZADO-LOGO-CA.jpg","contentUrl":"https:\/\/colegioarquitectos.com\/noticias\/wp-content\/uploads\/2021\/05\/ENCABEZADO-LOGO-CA.jpg","width":690,"height":350,"caption":"COLEGIO DE ARQUITECTOS DE CHILE"},"image":{"@id":"https:\/\/colegioarquitectos.com\/noticias\/#\/schema\/logo\/image\/"},"sameAs":["https:\/\/facebook.com\/Colegioarq\/","https:\/\/x.com\/colegioarq","https:\/\/instagram.com\/colegioarq","https:\/\/youtube.com\/@ColegiodeArquitectosdeChile"]},{"@type":"Person","@id":"https:\/\/colegioarquitectos.com\/noticias\/#\/schema\/person\/685cc0aad148303c5608f049af8285ad","name":"Colegio de Arquitectos de Chile","url":"https:\/\/colegioarquitectos.com\/noticias\/?author=4"}]}},"_links":{"self":[{"href":"https:\/\/colegioarquitectos.com\/noticias\/index.php?rest_route=\/wp\/v2\/posts\/7449","targetHints":{"allow":["GET"]}}],"collection":[{"href":"https:\/\/colegioarquitectos.com\/noticias\/index.php?rest_route=\/wp\/v2\/posts"}],"about":[{"href":"https:\/\/colegioarquitectos.com\/noticias\/index.php?rest_route=\/wp\/v2\/types\/post"}],"author":[{"embeddable":true,"href":"https:\/\/colegioarquitectos.com\/noticias\/index.php?rest_route=\/wp\/v2\/users\/4"}],"replies":[{"embeddable":true,"href":"https:\/\/colegioarquitectos.com\/noticias\/index.php?rest_route=%2Fwp%2Fv2%2Fcomments&post=7449"}],"version-history":[{"count":0,"href":"https:\/\/colegioarquitectos.com\/noticias\/index.php?rest_route=\/wp\/v2\/posts\/7449\/revisions"}],"wp:featuredmedia":[{"embeddable":true,"href":"https:\/\/colegioarquitectos.com\/noticias\/index.php?rest_route=\/wp\/v2\/media\/7626"}],"wp:attachment":[{"href":"https:\/\/colegioarquitectos.com\/noticias\/index.php?rest_route=%2Fwp%2Fv2%2Fmedia&parent=7449"}],"wp:term":[{"taxonomy":"category","embeddable":true,"href":"https:\/\/colegioarquitectos.com\/noticias\/index.php?rest_route=%2Fwp%2Fv2%2Fcategories&post=7449"},{"taxonomy":"post_tag","embeddable":true,"href":"https:\/\/colegioarquitectos.com\/noticias\/index.php?rest_route=%2Fwp%2Fv2%2Ftags&post=7449"}],"curies":[{"name":"wp","href":"https:\/\/api.w.org\/{rel}","templated":true}]}}