
{"id":7455,"date":"2015-05-18T20:58:59","date_gmt":"2015-05-18T20:58:59","guid":{"rendered":"http:\/\/colegioarquitectos.com\/?p=7455"},"modified":"2015-05-29T14:08:36","modified_gmt":"2015-05-29T14:08:36","slug":"no1-milagros-aguirre-donoso-ica-2683","status":"publish","type":"post","link":"https:\/\/colegioarquitectos.com\/noticias\/?p=7455","title":{"rendered":"(N\u00ba1) MILAGROS AGUIRRE DONOSO\u00a0 (ICA 2683)"},"content":{"rendered":"<p><a href=\"http:\/\/colegioarquitectos.com\/noticias\/wp-content\/uploads\/2015\/05\/Milagros-Aguirre-foto-oficial.jpg\"><img loading=\"lazy\" decoding=\"async\" class=\"alignnone  wp-image-7669\" src=\"http:\/\/colegioarquitectos.com\/noticias\/wp-content\/uploads\/2015\/05\/Milagros-Aguirre-foto-oficial-195x300.jpg\" alt=\"Milagros Aguirre foto oficial\" width=\"121\" height=\"186\" srcset=\"https:\/\/colegioarquitectos.com\/noticias\/wp-content\/uploads\/2015\/05\/Milagros-Aguirre-foto-oficial-195x300.jpg 195w, https:\/\/colegioarquitectos.com\/noticias\/wp-content\/uploads\/2015\/05\/Milagros-Aguirre-foto-oficial.jpg 253w\" sizes=\"auto, (max-width: 121px) 100vw, 121px\" \/><\/a><\/p>\n<p>&nbsp;<\/p>\n<p><strong>ARQUITECTA U.CH \u00a0\u00a0<\/strong><\/p>\n<p>Por lo que me comprometo\u00a0 a trabajar\u00a0 representando a la regi\u00f3n<\/p>\n<ol>\n<li>Autonom\u00eda a las delegaciones zonales regionales, tanto en lo econ\u00f3mico como en las decisiones de materias de car\u00e1cter local y regional, manteniendo la vinculaci\u00f3n org\u00e1nica que establecen los estatutos.<\/li>\n<\/ol>\n<ol start=\"2\">\n<li>Recuperaci\u00f3n del rol como \u00f3rgano intermedio en la sociedad civil.<\/li>\n<\/ol>\n<ol start=\"3\">\n<li>Colegiatura obligatoria para ser un cuerpo profesional.<\/li>\n<\/ol>\n<ol start=\"4\">\n<li>Autonom\u00eda de las delegaciones, econ\u00f3mica y administrativa.<\/li>\n<\/ol>\n<ol start=\"5\">\n<li>Tuici\u00f3n \u00e9tica y fuero para los dirigentes gremiales.<\/li>\n<\/ol>\n<ol start=\"6\">\n<li>Compromiso con el patrimonio\u00a0 para su recuperaci\u00f3n creando conciencia en las autoridades y ciudadan\u00eda.<\/li>\n<\/ol>\n<ol start=\"7\">\n<li>Liderar a trav\u00e9s de los colegios profesionales la formulaci\u00f3n de un nuevo marco jur\u00eddico constitucional para recuperar la calidad de instituci\u00f3n\u00a0 de derecho p\u00fablico de acuerdo a la ley n\u00b0 7.221.<\/li>\n<\/ol>\n<ol start=\"8\">\n<li>Mayor vinculaci\u00f3n\u00a0 de los dirigentes con las bases.<\/li>\n<\/ol>\n<ol start=\"9\">\n<li>Mayor participaci\u00f3n con\u00a0 el ministerio de la vivienda, ministerio de bienes\u00a0 nacionales, municipalidades locales,\u00a0 ministerio de obras p\u00fablicas, en la definici\u00f3n de las pol\u00edticas de vivienda y planificaci\u00f3n territorial\u00a0 y en el estudio de las modificaciones a la legislaci\u00f3n urbana y su ordenanza general.<\/li>\n<li>Buscar fuentes de capacitaci\u00f3n\u00a0 para los j\u00f3venes\u00a0 profesionales.<\/li>\n<\/ol>\n<p>&nbsp;<\/p>\n<p>Documento original<\/p>\n<p>[gview file=\u00bbhttp:\/\/colegioarquitectos.com\/noticias\/wp-content\/uploads\/2015\/05\/POSTULACION-COLEGIO-ARQUITECTOS.pdf\u00bb]<\/p>\n<p>&nbsp;<\/p>\n<p>&nbsp;<\/p>\n<p><\/p>","protected":false},"excerpt":{"rendered":"<p>&nbsp; ARQUITECTA U.CH \u00a0\u00a0 Por lo que me comprometo\u00a0 a trabajar\u00a0 representando a la regi\u00f3n Autonom\u00eda a las delegaciones zonales regionales, tanto en lo econ\u00f3mico como en las decisiones de materias de car\u00e1cter local y regional, manteniendo la vinculaci\u00f3n org\u00e1nica &hellip; <a class=\"more-link\" href=\"https:\/\/colegioarquitectos.com\/noticias\/?p=7455\">ver m\u00e1s<\/a><\/p>","protected":false},"author":4,"featured_media":0,"comment_status":"open","ping_status":"open","sticky":false,"template":"","format":"standard","meta":{"footnotes":""},"categories":[1],"tags":[],"class_list":["post-7455","post","type-post","status-publish","format-standard","hentry","category-sin-categoria"],"yoast_head":"<!-- This site is optimized with the Yoast SEO plugin v24.2 - https:\/\/yoast.com\/wordpress\/plugins\/seo\/ -->\n<title>(N\u00ba1) MILAGROS AGUIRRE DONOSO\u00a0 (ICA 2683) - COLEGIO DE ARQUITECTOS DE CHILE<\/title>\n<meta name=\"robots\" content=\"index, follow, max-snippet:-1, max-image-preview:large, max-video-preview:-1\" \/>\n<link rel=\"canonical\" href=\"https:\/\/colegioarquitectos.com\/noticias\/?p=7455\" \/>\n<meta property=\"og:locale\" content=\"es_ES\" \/>\n<meta property=\"og:type\" content=\"article\" \/>\n<meta property=\"og:title\" content=\"(N\u00ba1) MILAGROS AGUIRRE DONOSO\u00a0 (ICA 2683) - COLEGIO DE ARQUITECTOS DE CHILE\" \/>\n<meta property=\"og:description\" content=\"&nbsp; ARQUITECTA U.CH \u00a0\u00a0 Por lo que me comprometo\u00a0 a trabajar\u00a0 representando a la regi\u00f3n Autonom\u00eda a las delegaciones zonales regionales, tanto en lo econ\u00f3mico como en las decisiones de materias de car\u00e1cter local y regional, manteniendo la vinculaci\u00f3n org\u00e1nica &hellip; ver m\u00e1s\" \/>\n<meta property=\"og:url\" content=\"https:\/\/colegioarquitectos.com\/noticias\/?p=7455\" \/>\n<meta property=\"og:site_name\" content=\"COLEGIO DE ARQUITECTOS DE CHILE\" \/>\n<meta property=\"article:publisher\" content=\"https:\/\/facebook.com\/Colegioarq\/\" \/>\n<meta property=\"article:published_time\" content=\"2015-05-18T20:58:59+00:00\" \/>\n<meta property=\"article:modified_time\" content=\"2015-05-29T14:08:36+00:00\" \/>\n<meta property=\"og:image\" content=\"https:\/\/colegioarquitectos.com\/noticias\/wp-content\/uploads\/2015\/05\/Milagros-Aguirre-foto-oficial.jpg\" \/>\n\t<meta property=\"og:image:width\" content=\"253\" \/>\n\t<meta property=\"og:image:height\" content=\"389\" \/>\n\t<meta property=\"og:image:type\" content=\"image\/jpeg\" \/>\n<meta name=\"author\" content=\"Colegio de Arquitectos de Chile\" \/>\n<meta name=\"twitter:card\" content=\"summary_large_image\" \/>\n<meta name=\"twitter:creator\" content=\"@colegioarq\" \/>\n<meta name=\"twitter:site\" content=\"@colegioarq\" \/>\n<meta name=\"twitter:label1\" content=\"Escrito por\" \/>\n\t<meta name=\"twitter:data1\" content=\"Colegio de Arquitectos de Chile\" \/>\n\t<meta name=\"twitter:label2\" content=\"Tiempo de lectura\" \/>\n\t<meta name=\"twitter:data2\" content=\"1 minuto\" \/>\n<script type=\"application\/ld+json\" class=\"yoast-schema-graph\">{\"@context\":\"https:\/\/schema.org\",\"@graph\":[{\"@type\":\"Article\",\"@id\":\"https:\/\/colegioarquitectos.com\/noticias\/?p=7455#article\",\"isPartOf\":{\"@id\":\"https:\/\/colegioarquitectos.com\/noticias\/?p=7455\"},\"author\":{\"name\":\"Colegio de Arquitectos de Chile\",\"@id\":\"https:\/\/colegioarquitectos.com\/noticias\/#\/schema\/person\/685cc0aad148303c5608f049af8285ad\"},\"headline\":\"(N\u00ba1) MILAGROS AGUIRRE DONOSO\u00a0 (ICA 2683)\",\"datePublished\":\"2015-05-18T20:58:59+00:00\",\"dateModified\":\"2015-05-29T14:08:36+00:00\",\"mainEntityOfPage\":{\"@id\":\"https:\/\/colegioarquitectos.com\/noticias\/?p=7455\"},\"wordCount\":226,\"commentCount\":0,\"publisher\":{\"@id\":\"https:\/\/colegioarquitectos.com\/noticias\/#organization\"},\"image\":{\"@id\":\"https:\/\/colegioarquitectos.com\/noticias\/?p=7455#primaryimage\"},\"thumbnailUrl\":\"http:\/\/colegioarquitectos.com\/noticias\/wp-content\/uploads\/2015\/05\/Milagros-Aguirre-foto-oficial-195x300.jpg\",\"inLanguage\":\"es\",\"potentialAction\":[{\"@type\":\"CommentAction\",\"name\":\"Comment\",\"target\":[\"https:\/\/colegioarquitectos.com\/noticias\/?p=7455#respond\"]}]},{\"@type\":\"WebPage\",\"@id\":\"https:\/\/colegioarquitectos.com\/noticias\/?p=7455\",\"url\":\"https:\/\/colegioarquitectos.com\/noticias\/?p=7455\",\"name\":\"(N\u00ba1) MILAGROS AGUIRRE DONOSO\u00a0 (ICA 2683) - COLEGIO DE ARQUITECTOS DE CHILE\",\"isPartOf\":{\"@id\":\"https:\/\/colegioarquitectos.com\/noticias\/#website\"},\"primaryImageOfPage\":{\"@id\":\"https:\/\/colegioarquitectos.com\/noticias\/?p=7455#primaryimage\"},\"image\":{\"@id\":\"https:\/\/colegioarquitectos.com\/noticias\/?p=7455#primaryimage\"},\"thumbnailUrl\":\"http:\/\/colegioarquitectos.com\/noticias\/wp-content\/uploads\/2015\/05\/Milagros-Aguirre-foto-oficial-195x300.jpg\",\"datePublished\":\"2015-05-18T20:58:59+00:00\",\"dateModified\":\"2015-05-29T14:08:36+00:00\",\"breadcrumb\":{\"@id\":\"https:\/\/colegioarquitectos.com\/noticias\/?p=7455#breadcrumb\"},\"inLanguage\":\"es\",\"potentialAction\":[{\"@type\":\"ReadAction\",\"target\":[\"https:\/\/colegioarquitectos.com\/noticias\/?p=7455\"]}]},{\"@type\":\"ImageObject\",\"inLanguage\":\"es\",\"@id\":\"https:\/\/colegioarquitectos.com\/noticias\/?p=7455#primaryimage\",\"url\":\"https:\/\/colegioarquitectos.com\/noticias\/wp-content\/uploads\/2015\/05\/Milagros-Aguirre-foto-oficial.jpg\",\"contentUrl\":\"https:\/\/colegioarquitectos.com\/noticias\/wp-content\/uploads\/2015\/05\/Milagros-Aguirre-foto-oficial.jpg\",\"width\":253,\"height\":389},{\"@type\":\"BreadcrumbList\",\"@id\":\"https:\/\/colegioarquitectos.com\/noticias\/?p=7455#breadcrumb\",\"itemListElement\":[{\"@type\":\"ListItem\",\"position\":1,\"name\":\"Portada\",\"item\":\"https:\/\/colegioarquitectos.com\/noticias\"},{\"@type\":\"ListItem\",\"position\":2,\"name\":\"(N\u00ba1) MILAGROS AGUIRRE DONOSO\u00a0 (ICA 2683)\"}]},{\"@type\":\"WebSite\",\"@id\":\"https:\/\/colegioarquitectos.com\/noticias\/#website\",\"url\":\"https:\/\/colegioarquitectos.com\/noticias\/\",\"name\":\"COLEGIO DE ARQUITECTOS DE CHILE\",\"description\":\"\",\"publisher\":{\"@id\":\"https:\/\/colegioarquitectos.com\/noticias\/#organization\"},\"potentialAction\":[{\"@type\":\"SearchAction\",\"target\":{\"@type\":\"EntryPoint\",\"urlTemplate\":\"https:\/\/colegioarquitectos.com\/noticias\/?s={search_term_string}\"},\"query-input\":{\"@type\":\"PropertyValueSpecification\",\"valueRequired\":true,\"valueName\":\"search_term_string\"}}],\"inLanguage\":\"es\"},{\"@type\":\"Organization\",\"@id\":\"https:\/\/colegioarquitectos.com\/noticias\/#organization\",\"name\":\"COLEGIO DE ARQUITECTOS DE CHILE\",\"url\":\"https:\/\/colegioarquitectos.com\/noticias\/\",\"logo\":{\"@type\":\"ImageObject\",\"inLanguage\":\"es\",\"@id\":\"https:\/\/colegioarquitectos.com\/noticias\/#\/schema\/logo\/image\/\",\"url\":\"https:\/\/colegioarquitectos.com\/noticias\/wp-content\/uploads\/2021\/05\/ENCABEZADO-LOGO-CA.jpg\",\"contentUrl\":\"https:\/\/colegioarquitectos.com\/noticias\/wp-content\/uploads\/2021\/05\/ENCABEZADO-LOGO-CA.jpg\",\"width\":690,\"height\":350,\"caption\":\"COLEGIO DE ARQUITECTOS DE CHILE\"},\"image\":{\"@id\":\"https:\/\/colegioarquitectos.com\/noticias\/#\/schema\/logo\/image\/\"},\"sameAs\":[\"https:\/\/facebook.com\/Colegioarq\/\",\"https:\/\/x.com\/colegioarq\",\"https:\/\/instagram.com\/colegioarq\",\"https:\/\/youtube.com\/@ColegiodeArquitectosdeChile\"]},{\"@type\":\"Person\",\"@id\":\"https:\/\/colegioarquitectos.com\/noticias\/#\/schema\/person\/685cc0aad148303c5608f049af8285ad\",\"name\":\"Colegio de Arquitectos de Chile\",\"url\":\"https:\/\/colegioarquitectos.com\/noticias\/?author=4\"}]}<\/script>\n<!-- \/ Yoast SEO plugin. -->","yoast_head_json":{"title":"(N\u00ba1) MILAGROS AGUIRRE DONOSO\u00a0 (ICA 2683) - COLEGIO DE ARQUITECTOS DE CHILE","robots":{"index":"index","follow":"follow","max-snippet":"max-snippet:-1","max-image-preview":"max-image-preview:large","max-video-preview":"max-video-preview:-1"},"canonical":"https:\/\/colegioarquitectos.com\/noticias\/?p=7455","og_locale":"es_ES","og_type":"article","og_title":"(N\u00ba1) MILAGROS AGUIRRE DONOSO\u00a0 (ICA 2683) - COLEGIO DE ARQUITECTOS DE CHILE","og_description":"&nbsp; ARQUITECTA U.CH \u00a0\u00a0 Por lo que me comprometo\u00a0 a trabajar\u00a0 representando a la regi\u00f3n Autonom\u00eda a las delegaciones zonales regionales, tanto en lo econ\u00f3mico como en las decisiones de materias de car\u00e1cter local y regional, manteniendo la vinculaci\u00f3n org\u00e1nica &hellip; ver m\u00e1s","og_url":"https:\/\/colegioarquitectos.com\/noticias\/?p=7455","og_site_name":"COLEGIO DE ARQUITECTOS DE CHILE","article_publisher":"https:\/\/facebook.com\/Colegioarq\/","article_published_time":"2015-05-18T20:58:59+00:00","article_modified_time":"2015-05-29T14:08:36+00:00","og_image":[{"width":253,"height":389,"url":"https:\/\/colegioarquitectos.com\/noticias\/wp-content\/uploads\/2015\/05\/Milagros-Aguirre-foto-oficial.jpg","type":"image\/jpeg"}],"author":"Colegio de Arquitectos de Chile","twitter_card":"summary_large_image","twitter_creator":"@colegioarq","twitter_site":"@colegioarq","twitter_misc":{"Escrito por":"Colegio de Arquitectos de Chile","Tiempo de lectura":"1 minuto"},"schema":{"@context":"https:\/\/schema.org","@graph":[{"@type":"Article","@id":"https:\/\/colegioarquitectos.com\/noticias\/?p=7455#article","isPartOf":{"@id":"https:\/\/colegioarquitectos.com\/noticias\/?p=7455"},"author":{"name":"Colegio de Arquitectos de Chile","@id":"https:\/\/colegioarquitectos.com\/noticias\/#\/schema\/person\/685cc0aad148303c5608f049af8285ad"},"headline":"(N\u00ba1) MILAGROS AGUIRRE DONOSO\u00a0 (ICA 2683)","datePublished":"2015-05-18T20:58:59+00:00","dateModified":"2015-05-29T14:08:36+00:00","mainEntityOfPage":{"@id":"https:\/\/colegioarquitectos.com\/noticias\/?p=7455"},"wordCount":226,"commentCount":0,"publisher":{"@id":"https:\/\/colegioarquitectos.com\/noticias\/#organization"},"image":{"@id":"https:\/\/colegioarquitectos.com\/noticias\/?p=7455#primaryimage"},"thumbnailUrl":"http:\/\/colegioarquitectos.com\/noticias\/wp-content\/uploads\/2015\/05\/Milagros-Aguirre-foto-oficial-195x300.jpg","inLanguage":"es","potentialAction":[{"@type":"CommentAction","name":"Comment","target":["https:\/\/colegioarquitectos.com\/noticias\/?p=7455#respond"]}]},{"@type":"WebPage","@id":"https:\/\/colegioarquitectos.com\/noticias\/?p=7455","url":"https:\/\/colegioarquitectos.com\/noticias\/?p=7455","name":"(N\u00ba1) MILAGROS AGUIRRE DONOSO\u00a0 (ICA 2683) - COLEGIO DE ARQUITECTOS DE CHILE","isPartOf":{"@id":"https:\/\/colegioarquitectos.com\/noticias\/#website"},"primaryImageOfPage":{"@id":"https:\/\/colegioarquitectos.com\/noticias\/?p=7455#primaryimage"},"image":{"@id":"https:\/\/colegioarquitectos.com\/noticias\/?p=7455#primaryimage"},"thumbnailUrl":"http:\/\/colegioarquitectos.com\/noticias\/wp-content\/uploads\/2015\/05\/Milagros-Aguirre-foto-oficial-195x300.jpg","datePublished":"2015-05-18T20:58:59+00:00","dateModified":"2015-05-29T14:08:36+00:00","breadcrumb":{"@id":"https:\/\/colegioarquitectos.com\/noticias\/?p=7455#breadcrumb"},"inLanguage":"es","potentialAction":[{"@type":"ReadAction","target":["https:\/\/colegioarquitectos.com\/noticias\/?p=7455"]}]},{"@type":"ImageObject","inLanguage":"es","@id":"https:\/\/colegioarquitectos.com\/noticias\/?p=7455#primaryimage","url":"https:\/\/colegioarquitectos.com\/noticias\/wp-content\/uploads\/2015\/05\/Milagros-Aguirre-foto-oficial.jpg","contentUrl":"https:\/\/colegioarquitectos.com\/noticias\/wp-content\/uploads\/2015\/05\/Milagros-Aguirre-foto-oficial.jpg","width":253,"height":389},{"@type":"BreadcrumbList","@id":"https:\/\/colegioarquitectos.com\/noticias\/?p=7455#breadcrumb","itemListElement":[{"@type":"ListItem","position":1,"name":"Portada","item":"https:\/\/colegioarquitectos.com\/noticias"},{"@type":"ListItem","position":2,"name":"(N\u00ba1) MILAGROS AGUIRRE DONOSO\u00a0 (ICA 2683)"}]},{"@type":"WebSite","@id":"https:\/\/colegioarquitectos.com\/noticias\/#website","url":"https:\/\/colegioarquitectos.com\/noticias\/","name":"COLEGIO DE ARQUITECTOS DE CHILE","description":"","publisher":{"@id":"https:\/\/colegioarquitectos.com\/noticias\/#organization"},"potentialAction":[{"@type":"SearchAction","target":{"@type":"EntryPoint","urlTemplate":"https:\/\/colegioarquitectos.com\/noticias\/?s={search_term_string}"},"query-input":{"@type":"PropertyValueSpecification","valueRequired":true,"valueName":"search_term_string"}}],"inLanguage":"es"},{"@type":"Organization","@id":"https:\/\/colegioarquitectos.com\/noticias\/#organization","name":"COLEGIO DE ARQUITECTOS DE CHILE","url":"https:\/\/colegioarquitectos.com\/noticias\/","logo":{"@type":"ImageObject","inLanguage":"es","@id":"https:\/\/colegioarquitectos.com\/noticias\/#\/schema\/logo\/image\/","url":"https:\/\/colegioarquitectos.com\/noticias\/wp-content\/uploads\/2021\/05\/ENCABEZADO-LOGO-CA.jpg","contentUrl":"https:\/\/colegioarquitectos.com\/noticias\/wp-content\/uploads\/2021\/05\/ENCABEZADO-LOGO-CA.jpg","width":690,"height":350,"caption":"COLEGIO DE ARQUITECTOS DE CHILE"},"image":{"@id":"https:\/\/colegioarquitectos.com\/noticias\/#\/schema\/logo\/image\/"},"sameAs":["https:\/\/facebook.com\/Colegioarq\/","https:\/\/x.com\/colegioarq","https:\/\/instagram.com\/colegioarq","https:\/\/youtube.com\/@ColegiodeArquitectosdeChile"]},{"@type":"Person","@id":"https:\/\/colegioarquitectos.com\/noticias\/#\/schema\/person\/685cc0aad148303c5608f049af8285ad","name":"Colegio de Arquitectos de Chile","url":"https:\/\/colegioarquitectos.com\/noticias\/?author=4"}]}},"_links":{"self":[{"href":"https:\/\/colegioarquitectos.com\/noticias\/index.php?rest_route=\/wp\/v2\/posts\/7455","targetHints":{"allow":["GET"]}}],"collection":[{"href":"https:\/\/colegioarquitectos.com\/noticias\/index.php?rest_route=\/wp\/v2\/posts"}],"about":[{"href":"https:\/\/colegioarquitectos.com\/noticias\/index.php?rest_route=\/wp\/v2\/types\/post"}],"author":[{"embeddable":true,"href":"https:\/\/colegioarquitectos.com\/noticias\/index.php?rest_route=\/wp\/v2\/users\/4"}],"replies":[{"embeddable":true,"href":"https:\/\/colegioarquitectos.com\/noticias\/index.php?rest_route=%2Fwp%2Fv2%2Fcomments&post=7455"}],"version-history":[{"count":0,"href":"https:\/\/colegioarquitectos.com\/noticias\/index.php?rest_route=\/wp\/v2\/posts\/7455\/revisions"}],"wp:attachment":[{"href":"https:\/\/colegioarquitectos.com\/noticias\/index.php?rest_route=%2Fwp%2Fv2%2Fmedia&parent=7455"}],"wp:term":[{"taxonomy":"category","embeddable":true,"href":"https:\/\/colegioarquitectos.com\/noticias\/index.php?rest_route=%2Fwp%2Fv2%2Fcategories&post=7455"},{"taxonomy":"post_tag","embeddable":true,"href":"https:\/\/colegioarquitectos.com\/noticias\/index.php?rest_route=%2Fwp%2Fv2%2Ftags&post=7455"}],"curies":[{"name":"wp","href":"https:\/\/api.w.org\/{rel}","templated":true}]}}