
{"id":7564,"date":"2015-05-18T18:26:18","date_gmt":"2015-05-18T18:26:18","guid":{"rendered":"http:\/\/colegioarquitectos.com\/?p=7564"},"modified":"2015-05-28T22:28:16","modified_gmt":"2015-05-28T22:28:16","slug":"no2-julio-alegria-gregorio-de-las-heras-ica-2418-2","status":"publish","type":"post","link":"https:\/\/colegioarquitectos.com\/noticias\/?p=7564","title":{"rendered":"(N\u00ba2) JULIO ALEGR\u00cdA GREGORIO DE LAS HERAS  (ICA 2418)"},"content":{"rendered":"<p><a href=\"http:\/\/colegioarquitectos.com\/noticias\/wp-content\/uploads\/2015\/05\/Julio-Alegria.jpg\"><img loading=\"lazy\" decoding=\"async\" class=\"alignnone  wp-image-7569\" src=\"http:\/\/colegioarquitectos.com\/noticias\/wp-content\/uploads\/2015\/05\/Julio-Alegria.jpg\" alt=\"Julio Alegria\" width=\"170\" height=\"170\" srcset=\"https:\/\/colegioarquitectos.com\/noticias\/wp-content\/uploads\/2015\/05\/Julio-Alegria.jpg 270w, https:\/\/colegioarquitectos.com\/noticias\/wp-content\/uploads\/2015\/05\/Julio-Alegria-180x180.jpg 180w\" sizes=\"auto, (max-width: 170px) 100vw, 170px\" \/><\/a><\/p>\n<p>Especialidad Urbanismo y Territorio. Master Ing Ambiental<\/p>\n<p>Miembro de la Consultora DDQ Ingenier\u00eda Infraestructura Vial<\/p>\n<p>&nbsp;<\/p>\n<p>Actual Presidente del Comit\u00e9 de Desarrollo Urbano\u00a0 Colegio<\/p>\n<p>Ex\u00a0 Director Secretario General del Colegio<\/p>\n<p>_____<\/p>\n<p>&nbsp;<\/p>\n<p>Estimado colega:<\/p>\n<p>He participado activamente en nuestro colegio con la tarea auto-impuesta de mejorar nuestra presencia en la vida nacional. Lo hago desde el Comit\u00e9 de Desarrollo Urbano y estuve en el Directorio. Pero falta mucho por hacer y para eso quiero pedir que me des tu voto para impulsar las siguientes tareas:<\/p>\n<p><strong>En lo relativo al medio nacional y nuestras tareas:<\/strong><\/p>\n<ul>\n<li>El pa\u00eds, su gente mayoritariamente, quiere ser otro, m\u00e1s compartido, m\u00e1s seguro, m\u00e1s transparente,\u00a0 menos traposo y m\u00e1s participativo y para ello, parte fundamental es una nueva constituci\u00f3n, que en nuestro caso coloque por primera vez la \u00e9tica urbana entre los principio de la carta fundamental.<\/li>\n<\/ul>\n<ul>\n<li>Estamos en un proceso de reformas urbanas y territoriales en que la Regionalizaci\u00f3n debe ser parte importante de las grandes tareas para fortalecer la presencia de nuestra profesi\u00f3n. Es una oportunidad para los arquitectos de participar en mayor medida en la integraci\u00f3n\u00a0 del proceso de traspaso a la regi\u00f3n de tareas hoy centralizadas en la Regi\u00f3n Metropolitana en los organismos y en las tareas del desarrollo urbano y territorial.<\/li>\n<\/ul>\n<ul>\n<li>El Colegio debe colaborar activamente en \u00a0empoderar nuestra misi\u00f3n de hacer mejor ciudad desde estos nuevos organismos regionales.<\/li>\n<\/ul>\n<ul>\n<li>Hay que ocuparse de los colegas j\u00f3venes que est\u00e1n sometidos a bajas remuneraciones\u00a0 tanto en municipalidades como en oficinas profesionales y constructoras.<\/li>\n<\/ul>\n<ul>\n<li>Continuar la tarea de presentaci\u00f3n en las C\u00e1maras legislativas la aprobaci\u00f3n de reponer la colegiatura obligatoria y la Tuici\u00f3n de la \u00c9tica.<\/li>\n<\/ul>\n<p>&nbsp;<\/p>\n<p><strong>En lo relativo a la estructura interna del Colegio:<\/strong><\/p>\n<ul>\n<li>Mejorar la Estructura Administrativa del Colegio.<\/li>\n<\/ul>\n<ul>\n<li>Hay confusi\u00f3n en las formas de conducir una gerencia de finanza y una gerencia de Desarrollo. Clarificar, separar y re estructurar estas gerencias y responsabilidades.<\/li>\n<\/ul>\n<ul>\n<li>Dar a conocer regularmente a los colegiados, los resultados de la \u00a0gesti\u00f3n financiera, especialmente \u00a0en cuanto a los ingresos por pagos de la cuota mensual.<\/li>\n<\/ul>\n<ul>\n<li>Descentralizar el gremio d\u00e1ndole a las delegaciones, dentro de una estructura\u00a0 unitaria de Colegio, una\u00a0 autonom\u00eda econ\u00f3mica en sus recaudaciones y gastos. Regionalizar sus\u00a0 decisiones en su \u00e1mbito urbano y territorial.<\/li>\n<\/ul>\n<ul>\n<li>La Bienal ha sido desde anta\u00f1o una presentaci\u00f3n de \u00a0proyectos y construcciones y un modo de premiar a los colegas que se destacan por sus pares. Tambi\u00e9n traer a nuestro pa\u00eds de manera presencial a los arquitectos m\u00e1s destacados por us proyectos. \u00a0Pero esto es de alto costo frente a las necesidades econ\u00f3micas que tenemos. \u00a0Hay que revisar la forma y contenido de las Bienales . Que se adapte a las necesidades y realidades de la mayor\u00eda de los colegas.<\/li>\n<\/ul>\n<ul>\n<li>\u00a0 Los comit\u00e9s son El Colegio y por tanto hay que fortalecer el llamado a participar en ellos y de ese modo podremos construir las tareas que creemos que el Colegio \u00abdebe hacer\u00bb.\u00a0 Y en especial en las delegaciones zonales los comit\u00e9s deben fortalecer las bases de nuestro Colegio.<\/li>\n<\/ul>\n<ul>\n<li>\u00a0 Hacer crecer cuantitativamente el Colegio hace crecer tambi\u00e9n su presencia en la ciudad y en el poder de decisiones t\u00e9cnicas y pol\u00edticas de Ministerios y Gobierno.<\/li>\n<\/ul>\n<ul>\n<li>Adecuar \u00a0los estatutos que busque mayor participaci\u00f3n y m\u00e1s equilibrada entre Comit\u00e9s y Directorio, m\u00e1s participativo. Que los colegas sientan el Colegio m\u00e1s suyo.<\/li>\n<\/ul>\n<ul>\n<li>Mejorar el di\u00e1logo y la colaboraci\u00f3n entre colegas en la tramitaci\u00f3n de proyectos tanto en las DOM como en la oficinas p\u00fablicas, de manera de ser colaboradores en un pronto y beneficioso resultado.<\/li>\n<\/ul>\n<ul>\n<li>Es necesario crear los Comit\u00e9s de Asesores Urbanistas en las Delegaciones zonales y Central.<\/li>\n<\/ul>\n<p>&nbsp;<\/p>\n<p>Documento original<\/p>\n<p>[gview file=\u00bbhttp:\/\/colegioarquitectos.com\/noticias\/wp-content\/uploads\/2015\/05\/PRESENTACI\u00d3N-JULIO-ALEGR\u00cdA-G.-DE-LAS-HERAS.pdf\u00bb]<\/p>\n<p><\/p>","protected":false},"excerpt":{"rendered":"<p>Especialidad Urbanismo y Territorio. Master Ing Ambiental Miembro de la Consultora DDQ Ingenier\u00eda Infraestructura Vial &nbsp; Actual Presidente del Comit\u00e9 de Desarrollo Urbano\u00a0 Colegio Ex\u00a0 Director Secretario General del Colegio _____ &nbsp; Estimado colega: He participado activamente en nuestro colegio &hellip; <a class=\"more-link\" href=\"https:\/\/colegioarquitectos.com\/noticias\/?p=7564\">ver m\u00e1s<\/a><\/p>","protected":false},"author":4,"featured_media":0,"comment_status":"open","ping_status":"open","sticky":false,"template":"","format":"standard","meta":{"footnotes":""},"categories":[1],"tags":[],"class_list":["post-7564","post","type-post","status-publish","format-standard","hentry","category-sin-categoria"],"yoast_head":"<!-- This site is optimized with the Yoast SEO plugin v24.2 - https:\/\/yoast.com\/wordpress\/plugins\/seo\/ -->\n<title>(N\u00ba2) JULIO ALEGR\u00cdA GREGORIO DE LAS HERAS (ICA 2418) - COLEGIO DE ARQUITECTOS DE CHILE<\/title>\n<meta name=\"robots\" content=\"index, follow, max-snippet:-1, max-image-preview:large, max-video-preview:-1\" \/>\n<link rel=\"canonical\" href=\"https:\/\/colegioarquitectos.com\/noticias\/?p=7564\" \/>\n<meta property=\"og:locale\" content=\"es_ES\" \/>\n<meta property=\"og:type\" content=\"article\" \/>\n<meta property=\"og:title\" content=\"(N\u00ba2) JULIO ALEGR\u00cdA GREGORIO DE LAS HERAS (ICA 2418) - COLEGIO DE ARQUITECTOS DE CHILE\" \/>\n<meta property=\"og:description\" content=\"Especialidad Urbanismo y Territorio. Master Ing Ambiental Miembro de la Consultora DDQ Ingenier\u00eda Infraestructura Vial &nbsp; Actual Presidente del Comit\u00e9 de Desarrollo Urbano\u00a0 Colegio Ex\u00a0 Director Secretario General del Colegio _____ &nbsp; Estimado colega: He participado activamente en nuestro colegio &hellip; ver m\u00e1s\" \/>\n<meta property=\"og:url\" content=\"https:\/\/colegioarquitectos.com\/noticias\/?p=7564\" \/>\n<meta property=\"og:site_name\" content=\"COLEGIO DE ARQUITECTOS DE CHILE\" \/>\n<meta property=\"article:publisher\" content=\"https:\/\/facebook.com\/Colegioarq\/\" \/>\n<meta property=\"article:published_time\" content=\"2015-05-18T18:26:18+00:00\" \/>\n<meta property=\"article:modified_time\" content=\"2015-05-28T22:28:16+00:00\" \/>\n<meta property=\"og:image\" content=\"https:\/\/colegioarquitectos.com\/noticias\/wp-content\/uploads\/2015\/05\/Julio-Alegria.jpg\" \/>\n\t<meta property=\"og:image:width\" content=\"270\" \/>\n\t<meta property=\"og:image:height\" content=\"270\" \/>\n\t<meta property=\"og:image:type\" content=\"image\/jpeg\" \/>\n<meta name=\"author\" content=\"Colegio de Arquitectos de Chile\" \/>\n<meta name=\"twitter:card\" content=\"summary_large_image\" \/>\n<meta name=\"twitter:creator\" content=\"@colegioarq\" \/>\n<meta name=\"twitter:site\" content=\"@colegioarq\" \/>\n<meta name=\"twitter:label1\" content=\"Escrito por\" \/>\n\t<meta name=\"twitter:data1\" content=\"Colegio de Arquitectos de Chile\" \/>\n\t<meta name=\"twitter:label2\" content=\"Tiempo de lectura\" \/>\n\t<meta name=\"twitter:data2\" content=\"3 minutos\" \/>\n<script type=\"application\/ld+json\" class=\"yoast-schema-graph\">{\"@context\":\"https:\/\/schema.org\",\"@graph\":[{\"@type\":\"Article\",\"@id\":\"https:\/\/colegioarquitectos.com\/noticias\/?p=7564#article\",\"isPartOf\":{\"@id\":\"https:\/\/colegioarquitectos.com\/noticias\/?p=7564\"},\"author\":{\"name\":\"Colegio de Arquitectos de Chile\",\"@id\":\"https:\/\/colegioarquitectos.com\/noticias\/#\/schema\/person\/685cc0aad148303c5608f049af8285ad\"},\"headline\":\"(N\u00ba2) JULIO ALEGR\u00cdA GREGORIO DE LAS HERAS (ICA 2418)\",\"datePublished\":\"2015-05-18T18:26:18+00:00\",\"dateModified\":\"2015-05-28T22:28:16+00:00\",\"mainEntityOfPage\":{\"@id\":\"https:\/\/colegioarquitectos.com\/noticias\/?p=7564\"},\"wordCount\":662,\"commentCount\":0,\"publisher\":{\"@id\":\"https:\/\/colegioarquitectos.com\/noticias\/#organization\"},\"image\":{\"@id\":\"https:\/\/colegioarquitectos.com\/noticias\/?p=7564#primaryimage\"},\"thumbnailUrl\":\"http:\/\/colegioarquitectos.com\/noticias\/wp-content\/uploads\/2015\/05\/Julio-Alegria.jpg\",\"inLanguage\":\"es\",\"potentialAction\":[{\"@type\":\"CommentAction\",\"name\":\"Comment\",\"target\":[\"https:\/\/colegioarquitectos.com\/noticias\/?p=7564#respond\"]}]},{\"@type\":\"WebPage\",\"@id\":\"https:\/\/colegioarquitectos.com\/noticias\/?p=7564\",\"url\":\"https:\/\/colegioarquitectos.com\/noticias\/?p=7564\",\"name\":\"(N\u00ba2) JULIO ALEGR\u00cdA GREGORIO DE LAS HERAS (ICA 2418) - COLEGIO DE ARQUITECTOS DE CHILE\",\"isPartOf\":{\"@id\":\"https:\/\/colegioarquitectos.com\/noticias\/#website\"},\"primaryImageOfPage\":{\"@id\":\"https:\/\/colegioarquitectos.com\/noticias\/?p=7564#primaryimage\"},\"image\":{\"@id\":\"https:\/\/colegioarquitectos.com\/noticias\/?p=7564#primaryimage\"},\"thumbnailUrl\":\"http:\/\/colegioarquitectos.com\/noticias\/wp-content\/uploads\/2015\/05\/Julio-Alegria.jpg\",\"datePublished\":\"2015-05-18T18:26:18+00:00\",\"dateModified\":\"2015-05-28T22:28:16+00:00\",\"breadcrumb\":{\"@id\":\"https:\/\/colegioarquitectos.com\/noticias\/?p=7564#breadcrumb\"},\"inLanguage\":\"es\",\"potentialAction\":[{\"@type\":\"ReadAction\",\"target\":[\"https:\/\/colegioarquitectos.com\/noticias\/?p=7564\"]}]},{\"@type\":\"ImageObject\",\"inLanguage\":\"es\",\"@id\":\"https:\/\/colegioarquitectos.com\/noticias\/?p=7564#primaryimage\",\"url\":\"http:\/\/colegioarquitectos.com\/noticias\/wp-content\/uploads\/2015\/05\/Julio-Alegria.jpg\",\"contentUrl\":\"http:\/\/colegioarquitectos.com\/noticias\/wp-content\/uploads\/2015\/05\/Julio-Alegria.jpg\"},{\"@type\":\"BreadcrumbList\",\"@id\":\"https:\/\/colegioarquitectos.com\/noticias\/?p=7564#breadcrumb\",\"itemListElement\":[{\"@type\":\"ListItem\",\"position\":1,\"name\":\"Portada\",\"item\":\"https:\/\/colegioarquitectos.com\/noticias\"},{\"@type\":\"ListItem\",\"position\":2,\"name\":\"(N\u00ba2) JULIO ALEGR\u00cdA GREGORIO DE LAS HERAS (ICA 2418)\"}]},{\"@type\":\"WebSite\",\"@id\":\"https:\/\/colegioarquitectos.com\/noticias\/#website\",\"url\":\"https:\/\/colegioarquitectos.com\/noticias\/\",\"name\":\"COLEGIO DE ARQUITECTOS DE CHILE\",\"description\":\"\",\"publisher\":{\"@id\":\"https:\/\/colegioarquitectos.com\/noticias\/#organization\"},\"potentialAction\":[{\"@type\":\"SearchAction\",\"target\":{\"@type\":\"EntryPoint\",\"urlTemplate\":\"https:\/\/colegioarquitectos.com\/noticias\/?s={search_term_string}\"},\"query-input\":{\"@type\":\"PropertyValueSpecification\",\"valueRequired\":true,\"valueName\":\"search_term_string\"}}],\"inLanguage\":\"es\"},{\"@type\":\"Organization\",\"@id\":\"https:\/\/colegioarquitectos.com\/noticias\/#organization\",\"name\":\"COLEGIO DE ARQUITECTOS DE CHILE\",\"url\":\"https:\/\/colegioarquitectos.com\/noticias\/\",\"logo\":{\"@type\":\"ImageObject\",\"inLanguage\":\"es\",\"@id\":\"https:\/\/colegioarquitectos.com\/noticias\/#\/schema\/logo\/image\/\",\"url\":\"https:\/\/colegioarquitectos.com\/noticias\/wp-content\/uploads\/2021\/05\/ENCABEZADO-LOGO-CA.jpg\",\"contentUrl\":\"https:\/\/colegioarquitectos.com\/noticias\/wp-content\/uploads\/2021\/05\/ENCABEZADO-LOGO-CA.jpg\",\"width\":690,\"height\":350,\"caption\":\"COLEGIO DE ARQUITECTOS DE CHILE\"},\"image\":{\"@id\":\"https:\/\/colegioarquitectos.com\/noticias\/#\/schema\/logo\/image\/\"},\"sameAs\":[\"https:\/\/facebook.com\/Colegioarq\/\",\"https:\/\/x.com\/colegioarq\",\"https:\/\/instagram.com\/colegioarq\",\"https:\/\/youtube.com\/@ColegiodeArquitectosdeChile\"]},{\"@type\":\"Person\",\"@id\":\"https:\/\/colegioarquitectos.com\/noticias\/#\/schema\/person\/685cc0aad148303c5608f049af8285ad\",\"name\":\"Colegio de Arquitectos de Chile\",\"url\":\"https:\/\/colegioarquitectos.com\/noticias\/?author=4\"}]}<\/script>\n<!-- \/ Yoast SEO plugin. -->","yoast_head_json":{"title":"(N\u00ba2) JULIO ALEGR\u00cdA GREGORIO DE LAS HERAS (ICA 2418) - COLEGIO DE ARQUITECTOS DE CHILE","robots":{"index":"index","follow":"follow","max-snippet":"max-snippet:-1","max-image-preview":"max-image-preview:large","max-video-preview":"max-video-preview:-1"},"canonical":"https:\/\/colegioarquitectos.com\/noticias\/?p=7564","og_locale":"es_ES","og_type":"article","og_title":"(N\u00ba2) JULIO ALEGR\u00cdA GREGORIO DE LAS HERAS (ICA 2418) - COLEGIO DE ARQUITECTOS DE CHILE","og_description":"Especialidad Urbanismo y Territorio. Master Ing Ambiental Miembro de la Consultora DDQ Ingenier\u00eda Infraestructura Vial &nbsp; Actual Presidente del Comit\u00e9 de Desarrollo Urbano\u00a0 Colegio Ex\u00a0 Director Secretario General del Colegio _____ &nbsp; Estimado colega: He participado activamente en nuestro colegio &hellip; ver m\u00e1s","og_url":"https:\/\/colegioarquitectos.com\/noticias\/?p=7564","og_site_name":"COLEGIO DE ARQUITECTOS DE CHILE","article_publisher":"https:\/\/facebook.com\/Colegioarq\/","article_published_time":"2015-05-18T18:26:18+00:00","article_modified_time":"2015-05-28T22:28:16+00:00","og_image":[{"width":270,"height":270,"url":"https:\/\/colegioarquitectos.com\/noticias\/wp-content\/uploads\/2015\/05\/Julio-Alegria.jpg","type":"image\/jpeg"}],"author":"Colegio de Arquitectos de Chile","twitter_card":"summary_large_image","twitter_creator":"@colegioarq","twitter_site":"@colegioarq","twitter_misc":{"Escrito por":"Colegio de Arquitectos de Chile","Tiempo de lectura":"3 minutos"},"schema":{"@context":"https:\/\/schema.org","@graph":[{"@type":"Article","@id":"https:\/\/colegioarquitectos.com\/noticias\/?p=7564#article","isPartOf":{"@id":"https:\/\/colegioarquitectos.com\/noticias\/?p=7564"},"author":{"name":"Colegio de Arquitectos de Chile","@id":"https:\/\/colegioarquitectos.com\/noticias\/#\/schema\/person\/685cc0aad148303c5608f049af8285ad"},"headline":"(N\u00ba2) JULIO ALEGR\u00cdA GREGORIO DE LAS HERAS (ICA 2418)","datePublished":"2015-05-18T18:26:18+00:00","dateModified":"2015-05-28T22:28:16+00:00","mainEntityOfPage":{"@id":"https:\/\/colegioarquitectos.com\/noticias\/?p=7564"},"wordCount":662,"commentCount":0,"publisher":{"@id":"https:\/\/colegioarquitectos.com\/noticias\/#organization"},"image":{"@id":"https:\/\/colegioarquitectos.com\/noticias\/?p=7564#primaryimage"},"thumbnailUrl":"http:\/\/colegioarquitectos.com\/noticias\/wp-content\/uploads\/2015\/05\/Julio-Alegria.jpg","inLanguage":"es","potentialAction":[{"@type":"CommentAction","name":"Comment","target":["https:\/\/colegioarquitectos.com\/noticias\/?p=7564#respond"]}]},{"@type":"WebPage","@id":"https:\/\/colegioarquitectos.com\/noticias\/?p=7564","url":"https:\/\/colegioarquitectos.com\/noticias\/?p=7564","name":"(N\u00ba2) JULIO ALEGR\u00cdA GREGORIO DE LAS HERAS (ICA 2418) - COLEGIO DE ARQUITECTOS DE CHILE","isPartOf":{"@id":"https:\/\/colegioarquitectos.com\/noticias\/#website"},"primaryImageOfPage":{"@id":"https:\/\/colegioarquitectos.com\/noticias\/?p=7564#primaryimage"},"image":{"@id":"https:\/\/colegioarquitectos.com\/noticias\/?p=7564#primaryimage"},"thumbnailUrl":"http:\/\/colegioarquitectos.com\/noticias\/wp-content\/uploads\/2015\/05\/Julio-Alegria.jpg","datePublished":"2015-05-18T18:26:18+00:00","dateModified":"2015-05-28T22:28:16+00:00","breadcrumb":{"@id":"https:\/\/colegioarquitectos.com\/noticias\/?p=7564#breadcrumb"},"inLanguage":"es","potentialAction":[{"@type":"ReadAction","target":["https:\/\/colegioarquitectos.com\/noticias\/?p=7564"]}]},{"@type":"ImageObject","inLanguage":"es","@id":"https:\/\/colegioarquitectos.com\/noticias\/?p=7564#primaryimage","url":"http:\/\/colegioarquitectos.com\/noticias\/wp-content\/uploads\/2015\/05\/Julio-Alegria.jpg","contentUrl":"http:\/\/colegioarquitectos.com\/noticias\/wp-content\/uploads\/2015\/05\/Julio-Alegria.jpg"},{"@type":"BreadcrumbList","@id":"https:\/\/colegioarquitectos.com\/noticias\/?p=7564#breadcrumb","itemListElement":[{"@type":"ListItem","position":1,"name":"Portada","item":"https:\/\/colegioarquitectos.com\/noticias"},{"@type":"ListItem","position":2,"name":"(N\u00ba2) JULIO ALEGR\u00cdA GREGORIO DE LAS HERAS (ICA 2418)"}]},{"@type":"WebSite","@id":"https:\/\/colegioarquitectos.com\/noticias\/#website","url":"https:\/\/colegioarquitectos.com\/noticias\/","name":"COLEGIO DE ARQUITECTOS DE CHILE","description":"","publisher":{"@id":"https:\/\/colegioarquitectos.com\/noticias\/#organization"},"potentialAction":[{"@type":"SearchAction","target":{"@type":"EntryPoint","urlTemplate":"https:\/\/colegioarquitectos.com\/noticias\/?s={search_term_string}"},"query-input":{"@type":"PropertyValueSpecification","valueRequired":true,"valueName":"search_term_string"}}],"inLanguage":"es"},{"@type":"Organization","@id":"https:\/\/colegioarquitectos.com\/noticias\/#organization","name":"COLEGIO DE ARQUITECTOS DE CHILE","url":"https:\/\/colegioarquitectos.com\/noticias\/","logo":{"@type":"ImageObject","inLanguage":"es","@id":"https:\/\/colegioarquitectos.com\/noticias\/#\/schema\/logo\/image\/","url":"https:\/\/colegioarquitectos.com\/noticias\/wp-content\/uploads\/2021\/05\/ENCABEZADO-LOGO-CA.jpg","contentUrl":"https:\/\/colegioarquitectos.com\/noticias\/wp-content\/uploads\/2021\/05\/ENCABEZADO-LOGO-CA.jpg","width":690,"height":350,"caption":"COLEGIO DE ARQUITECTOS DE CHILE"},"image":{"@id":"https:\/\/colegioarquitectos.com\/noticias\/#\/schema\/logo\/image\/"},"sameAs":["https:\/\/facebook.com\/Colegioarq\/","https:\/\/x.com\/colegioarq","https:\/\/instagram.com\/colegioarq","https:\/\/youtube.com\/@ColegiodeArquitectosdeChile"]},{"@type":"Person","@id":"https:\/\/colegioarquitectos.com\/noticias\/#\/schema\/person\/685cc0aad148303c5608f049af8285ad","name":"Colegio de Arquitectos de Chile","url":"https:\/\/colegioarquitectos.com\/noticias\/?author=4"}]}},"_links":{"self":[{"href":"https:\/\/colegioarquitectos.com\/noticias\/index.php?rest_route=\/wp\/v2\/posts\/7564","targetHints":{"allow":["GET"]}}],"collection":[{"href":"https:\/\/colegioarquitectos.com\/noticias\/index.php?rest_route=\/wp\/v2\/posts"}],"about":[{"href":"https:\/\/colegioarquitectos.com\/noticias\/index.php?rest_route=\/wp\/v2\/types\/post"}],"author":[{"embeddable":true,"href":"https:\/\/colegioarquitectos.com\/noticias\/index.php?rest_route=\/wp\/v2\/users\/4"}],"replies":[{"embeddable":true,"href":"https:\/\/colegioarquitectos.com\/noticias\/index.php?rest_route=%2Fwp%2Fv2%2Fcomments&post=7564"}],"version-history":[{"count":0,"href":"https:\/\/colegioarquitectos.com\/noticias\/index.php?rest_route=\/wp\/v2\/posts\/7564\/revisions"}],"wp:attachment":[{"href":"https:\/\/colegioarquitectos.com\/noticias\/index.php?rest_route=%2Fwp%2Fv2%2Fmedia&parent=7564"}],"wp:term":[{"taxonomy":"category","embeddable":true,"href":"https:\/\/colegioarquitectos.com\/noticias\/index.php?rest_route=%2Fwp%2Fv2%2Fcategories&post=7564"},{"taxonomy":"post_tag","embeddable":true,"href":"https:\/\/colegioarquitectos.com\/noticias\/index.php?rest_route=%2Fwp%2Fv2%2Ftags&post=7564"}],"curies":[{"name":"wp","href":"https:\/\/api.w.org\/{rel}","templated":true}]}}