
{"id":7714,"date":"2015-05-11T22:40:56","date_gmt":"2015-05-11T22:40:56","guid":{"rendered":"http:\/\/colegioarquitectos.com\/?p=7714"},"modified":"2015-06-02T19:38:14","modified_gmt":"2015-06-02T19:38:14","slug":"finaliza-periodo-de-directivas-y-presidencias-del-colegio-de-arquitectos-2013-2015","status":"publish","type":"post","link":"https:\/\/colegioarquitectos.com\/noticias\/?p=7714","title":{"rendered":"Finaliza per\u00edodo de Directivas y Presidencias del Colegio de Arquitectos 2013 &#8211; 2015"},"content":{"rendered":"<p><span style=\"color: #222222;\">\u00a0El Viernes 19 de Junio 2015 en el marco de la Asamblea General Ordinaria 2015, se proclamar\u00e1 a las nuevas autoridades del Colegio de Arquitectos de Chile, las que ser\u00e1n electas los d\u00edas 3, 4 y 5 del mismo mes.<\/span><\/p>\n<p><span style=\"color: #222222;\"> Junto a esto, concluye el per\u00edodo de presidencia y directorio de las siguientes autoridades:<\/span><\/p>\n<p>&nbsp;<\/p>\n<p>Dejan sus cargos los actuales Directores Nacionales (10):<\/p>\n<p>&nbsp;<\/p>\n<p><strong>Sebasti\u00e1n Gray Avins<\/strong><\/p>\n<p><strong>Cecilia Leiva Mu\u00f1oz<\/strong><\/p>\n<p><strong>Nelson Morgado Larra\u00f1aga<\/strong><\/p>\n<p><strong>Jos\u00e9 Rosas Vera<\/strong><\/p>\n<p><strong>Ximena B\u00f3rquez Dom\u00ednguez<\/strong><\/p>\n<p><strong>Agust\u00edn Infante Barros<\/strong><\/p>\n<p><strong>Barbara Aguirre Balmelli<\/strong><\/p>\n<p><strong>Enrique Barba Campos<\/strong><\/p>\n<p><strong>Pablo Altikes Pinilla<\/strong><\/p>\n<p><strong>Rodrigo Toro S\u00e1nchez.<\/strong><\/p>\n<p>&nbsp;<\/p>\n<p>As\u00ed mismo, deja su cargo en el Directorio como Past- President: <strong>\u00a0Luis Eduardo Bresciani Prieto<\/strong> y asume este cargo<strong>\u00a0Sebasti\u00e1n Gray Avins.<\/strong><\/p>\n<p>&nbsp;<\/p>\n<p>Se mantienen en su cargo los siguientes miembros del Tribunal de \u00c9tica Nacional (3):<\/p>\n<p><strong>Mar\u00eda Teresa Rojo Lorca<\/strong><\/p>\n<p><strong>Sergio Andreu\u00a0Matta<\/strong><\/p>\n<p><strong>Vicente Gumucio Barros.<\/strong><\/p>\n<p>&nbsp;<\/p>\n<p>Finalizan su per\u00edodo en el Tribunal de \u00c9tica Nacional los siguientes miembros (3):<\/p>\n<p><strong>Pilar Urrejola Dittborn<\/strong><\/p>\n<p><strong>Vicente Justiniano Stewart<\/strong><\/p>\n<p><strong>Alberto Arenas Pizarro.<\/strong><\/p>\n<p>&nbsp;<\/p>\n<p>Terminan su per\u00edodo como Presidentes de Delegaciones Zonales:<\/p>\n<p><strong>Eric Troncoso Riquelme<\/strong> (La Serena)<\/p>\n<p><strong>S\u00f3tero Apablaza Minchel<\/strong> (Valpara\u00edso)<\/p>\n<p><strong>Claudio Arce Ayub<\/strong> (Concepci\u00f3n)<\/p>\n<p><strong>Jaime Bartsch Jordan<\/strong> (Llanquihue).<\/p>\n<p>&nbsp;<\/p>\n<p>&nbsp;<\/p>\n<p><\/p>","protected":false},"excerpt":{"rendered":"<p>\u00a0El Viernes 19 de Junio 2015 en el marco de la Asamblea General Ordinaria 2015, se proclamar\u00e1 a las nuevas autoridades del Colegio de Arquitectos de Chile, las que ser\u00e1n electas los d\u00edas 3, 4 y 5 del mismo mes. &hellip; <a class=\"more-link\" href=\"https:\/\/colegioarquitectos.com\/noticias\/?p=7714\">ver m\u00e1s<\/a><\/p>","protected":false},"author":4,"featured_media":7029,"comment_status":"open","ping_status":"open","sticky":false,"template":"","format":"standard","meta":{"footnotes":""},"categories":[8,55,1],"tags":[],"class_list":["post-7714","post","type-post","status-publish","format-standard","has-post-thumbnail","hentry","category-colegio-de-arquitectos","category-elecciones2015","category-sin-categoria"],"yoast_head":"<!-- This site is optimized with the Yoast SEO plugin v24.2 - https:\/\/yoast.com\/wordpress\/plugins\/seo\/ -->\n<title>Finaliza per\u00edodo de Directivas y Presidencias del Colegio de Arquitectos 2013 - 2015 - COLEGIO DE ARQUITECTOS DE CHILE<\/title>\n<meta name=\"robots\" content=\"index, follow, max-snippet:-1, max-image-preview:large, max-video-preview:-1\" \/>\n<link rel=\"canonical\" href=\"https:\/\/colegioarquitectos.com\/noticias\/?p=7714\" \/>\n<meta property=\"og:locale\" content=\"es_ES\" \/>\n<meta property=\"og:type\" content=\"article\" \/>\n<meta property=\"og:title\" content=\"Finaliza per\u00edodo de Directivas y Presidencias del Colegio de Arquitectos 2013 - 2015 - COLEGIO DE ARQUITECTOS DE CHILE\" \/>\n<meta property=\"og:description\" content=\"\u00a0El Viernes 19 de Junio 2015 en el marco de la Asamblea General Ordinaria 2015, se proclamar\u00e1 a las nuevas autoridades del Colegio de Arquitectos de Chile, las que ser\u00e1n electas los d\u00edas 3, 4 y 5 del mismo mes. &hellip; ver m\u00e1s\" \/>\n<meta property=\"og:url\" content=\"https:\/\/colegioarquitectos.com\/noticias\/?p=7714\" \/>\n<meta property=\"og:site_name\" content=\"COLEGIO DE ARQUITECTOS DE CHILE\" \/>\n<meta property=\"article:publisher\" content=\"https:\/\/facebook.com\/Colegioarq\/\" \/>\n<meta property=\"article:published_time\" content=\"2015-05-11T22:40:56+00:00\" \/>\n<meta property=\"article:modified_time\" content=\"2015-06-02T19:38:14+00:00\" \/>\n<meta property=\"og:image\" content=\"https:\/\/colegioarquitectos.com\/noticias\/wp-content\/uploads\/2015\/04\/IMG_5788_BIE2048.jpg\" \/>\n\t<meta property=\"og:image:width\" content=\"2048\" \/>\n\t<meta property=\"og:image:height\" content=\"1365\" \/>\n\t<meta property=\"og:image:type\" content=\"image\/jpeg\" \/>\n<meta name=\"author\" content=\"Colegio de Arquitectos de Chile\" \/>\n<meta name=\"twitter:card\" content=\"summary_large_image\" \/>\n<meta name=\"twitter:creator\" content=\"@colegioarq\" \/>\n<meta name=\"twitter:site\" content=\"@colegioarq\" \/>\n<meta name=\"twitter:label1\" content=\"Escrito por\" \/>\n\t<meta name=\"twitter:data1\" content=\"Colegio de Arquitectos de Chile\" \/>\n\t<meta name=\"twitter:label2\" content=\"Tiempo de lectura\" \/>\n\t<meta name=\"twitter:data2\" content=\"1 minuto\" \/>\n<script type=\"application\/ld+json\" class=\"yoast-schema-graph\">{\"@context\":\"https:\/\/schema.org\",\"@graph\":[{\"@type\":\"Article\",\"@id\":\"https:\/\/colegioarquitectos.com\/noticias\/?p=7714#article\",\"isPartOf\":{\"@id\":\"https:\/\/colegioarquitectos.com\/noticias\/?p=7714\"},\"author\":{\"name\":\"Colegio de Arquitectos de Chile\",\"@id\":\"https:\/\/colegioarquitectos.com\/noticias\/#\/schema\/person\/685cc0aad148303c5608f049af8285ad\"},\"headline\":\"Finaliza per\u00edodo de Directivas y Presidencias del Colegio de Arquitectos 2013 &#8211; 2015\",\"datePublished\":\"2015-05-11T22:40:56+00:00\",\"dateModified\":\"2015-06-02T19:38:14+00:00\",\"mainEntityOfPage\":{\"@id\":\"https:\/\/colegioarquitectos.com\/noticias\/?p=7714\"},\"wordCount\":213,\"commentCount\":1,\"publisher\":{\"@id\":\"https:\/\/colegioarquitectos.com\/noticias\/#organization\"},\"image\":{\"@id\":\"https:\/\/colegioarquitectos.com\/noticias\/?p=7714#primaryimage\"},\"thumbnailUrl\":\"https:\/\/colegioarquitectos.com\/noticias\/wp-content\/uploads\/2015\/04\/IMG_5788_BIE2048.jpg\",\"articleSection\":[\"Colegio\",\"Elecciones CA2015\"],\"inLanguage\":\"es\",\"potentialAction\":[{\"@type\":\"CommentAction\",\"name\":\"Comment\",\"target\":[\"https:\/\/colegioarquitectos.com\/noticias\/?p=7714#respond\"]}]},{\"@type\":\"WebPage\",\"@id\":\"https:\/\/colegioarquitectos.com\/noticias\/?p=7714\",\"url\":\"https:\/\/colegioarquitectos.com\/noticias\/?p=7714\",\"name\":\"Finaliza per\u00edodo de Directivas y Presidencias del Colegio de Arquitectos 2013 - 2015 - COLEGIO DE ARQUITECTOS DE CHILE\",\"isPartOf\":{\"@id\":\"https:\/\/colegioarquitectos.com\/noticias\/#website\"},\"primaryImageOfPage\":{\"@id\":\"https:\/\/colegioarquitectos.com\/noticias\/?p=7714#primaryimage\"},\"image\":{\"@id\":\"https:\/\/colegioarquitectos.com\/noticias\/?p=7714#primaryimage\"},\"thumbnailUrl\":\"https:\/\/colegioarquitectos.com\/noticias\/wp-content\/uploads\/2015\/04\/IMG_5788_BIE2048.jpg\",\"datePublished\":\"2015-05-11T22:40:56+00:00\",\"dateModified\":\"2015-06-02T19:38:14+00:00\",\"breadcrumb\":{\"@id\":\"https:\/\/colegioarquitectos.com\/noticias\/?p=7714#breadcrumb\"},\"inLanguage\":\"es\",\"potentialAction\":[{\"@type\":\"ReadAction\",\"target\":[\"https:\/\/colegioarquitectos.com\/noticias\/?p=7714\"]}]},{\"@type\":\"ImageObject\",\"inLanguage\":\"es\",\"@id\":\"https:\/\/colegioarquitectos.com\/noticias\/?p=7714#primaryimage\",\"url\":\"https:\/\/colegioarquitectos.com\/noticias\/wp-content\/uploads\/2015\/04\/IMG_5788_BIE2048.jpg\",\"contentUrl\":\"https:\/\/colegioarquitectos.com\/noticias\/wp-content\/uploads\/2015\/04\/IMG_5788_BIE2048.jpg\",\"width\":2048,\"height\":1365},{\"@type\":\"BreadcrumbList\",\"@id\":\"https:\/\/colegioarquitectos.com\/noticias\/?p=7714#breadcrumb\",\"itemListElement\":[{\"@type\":\"ListItem\",\"position\":1,\"name\":\"Portada\",\"item\":\"https:\/\/colegioarquitectos.com\/noticias\"},{\"@type\":\"ListItem\",\"position\":2,\"name\":\"Finaliza per\u00edodo de Directivas y Presidencias del Colegio de Arquitectos 2013 &#8211; 2015\"}]},{\"@type\":\"WebSite\",\"@id\":\"https:\/\/colegioarquitectos.com\/noticias\/#website\",\"url\":\"https:\/\/colegioarquitectos.com\/noticias\/\",\"name\":\"COLEGIO DE ARQUITECTOS DE CHILE\",\"description\":\"\",\"publisher\":{\"@id\":\"https:\/\/colegioarquitectos.com\/noticias\/#organization\"},\"potentialAction\":[{\"@type\":\"SearchAction\",\"target\":{\"@type\":\"EntryPoint\",\"urlTemplate\":\"https:\/\/colegioarquitectos.com\/noticias\/?s={search_term_string}\"},\"query-input\":{\"@type\":\"PropertyValueSpecification\",\"valueRequired\":true,\"valueName\":\"search_term_string\"}}],\"inLanguage\":\"es\"},{\"@type\":\"Organization\",\"@id\":\"https:\/\/colegioarquitectos.com\/noticias\/#organization\",\"name\":\"COLEGIO DE ARQUITECTOS DE CHILE\",\"url\":\"https:\/\/colegioarquitectos.com\/noticias\/\",\"logo\":{\"@type\":\"ImageObject\",\"inLanguage\":\"es\",\"@id\":\"https:\/\/colegioarquitectos.com\/noticias\/#\/schema\/logo\/image\/\",\"url\":\"https:\/\/colegioarquitectos.com\/noticias\/wp-content\/uploads\/2021\/05\/ENCABEZADO-LOGO-CA.jpg\",\"contentUrl\":\"https:\/\/colegioarquitectos.com\/noticias\/wp-content\/uploads\/2021\/05\/ENCABEZADO-LOGO-CA.jpg\",\"width\":690,\"height\":350,\"caption\":\"COLEGIO DE ARQUITECTOS DE CHILE\"},\"image\":{\"@id\":\"https:\/\/colegioarquitectos.com\/noticias\/#\/schema\/logo\/image\/\"},\"sameAs\":[\"https:\/\/facebook.com\/Colegioarq\/\",\"https:\/\/x.com\/colegioarq\",\"https:\/\/instagram.com\/colegioarq\",\"https:\/\/youtube.com\/@ColegiodeArquitectosdeChile\"]},{\"@type\":\"Person\",\"@id\":\"https:\/\/colegioarquitectos.com\/noticias\/#\/schema\/person\/685cc0aad148303c5608f049af8285ad\",\"name\":\"Colegio de Arquitectos de Chile\",\"url\":\"https:\/\/colegioarquitectos.com\/noticias\/?author=4\"}]}<\/script>\n<!-- \/ Yoast SEO plugin. -->","yoast_head_json":{"title":"Finaliza per\u00edodo de Directivas y Presidencias del Colegio de Arquitectos 2013 - 2015 - COLEGIO DE ARQUITECTOS DE CHILE","robots":{"index":"index","follow":"follow","max-snippet":"max-snippet:-1","max-image-preview":"max-image-preview:large","max-video-preview":"max-video-preview:-1"},"canonical":"https:\/\/colegioarquitectos.com\/noticias\/?p=7714","og_locale":"es_ES","og_type":"article","og_title":"Finaliza per\u00edodo de Directivas y Presidencias del Colegio de Arquitectos 2013 - 2015 - COLEGIO DE ARQUITECTOS DE CHILE","og_description":"\u00a0El Viernes 19 de Junio 2015 en el marco de la Asamblea General Ordinaria 2015, se proclamar\u00e1 a las nuevas autoridades del Colegio de Arquitectos de Chile, las que ser\u00e1n electas los d\u00edas 3, 4 y 5 del mismo mes. &hellip; ver m\u00e1s","og_url":"https:\/\/colegioarquitectos.com\/noticias\/?p=7714","og_site_name":"COLEGIO DE ARQUITECTOS DE CHILE","article_publisher":"https:\/\/facebook.com\/Colegioarq\/","article_published_time":"2015-05-11T22:40:56+00:00","article_modified_time":"2015-06-02T19:38:14+00:00","og_image":[{"width":2048,"height":1365,"url":"https:\/\/colegioarquitectos.com\/noticias\/wp-content\/uploads\/2015\/04\/IMG_5788_BIE2048.jpg","type":"image\/jpeg"}],"author":"Colegio de Arquitectos de Chile","twitter_card":"summary_large_image","twitter_creator":"@colegioarq","twitter_site":"@colegioarq","twitter_misc":{"Escrito por":"Colegio de Arquitectos de Chile","Tiempo de lectura":"1 minuto"},"schema":{"@context":"https:\/\/schema.org","@graph":[{"@type":"Article","@id":"https:\/\/colegioarquitectos.com\/noticias\/?p=7714#article","isPartOf":{"@id":"https:\/\/colegioarquitectos.com\/noticias\/?p=7714"},"author":{"name":"Colegio de Arquitectos de Chile","@id":"https:\/\/colegioarquitectos.com\/noticias\/#\/schema\/person\/685cc0aad148303c5608f049af8285ad"},"headline":"Finaliza per\u00edodo de Directivas y Presidencias del Colegio de Arquitectos 2013 &#8211; 2015","datePublished":"2015-05-11T22:40:56+00:00","dateModified":"2015-06-02T19:38:14+00:00","mainEntityOfPage":{"@id":"https:\/\/colegioarquitectos.com\/noticias\/?p=7714"},"wordCount":213,"commentCount":1,"publisher":{"@id":"https:\/\/colegioarquitectos.com\/noticias\/#organization"},"image":{"@id":"https:\/\/colegioarquitectos.com\/noticias\/?p=7714#primaryimage"},"thumbnailUrl":"https:\/\/colegioarquitectos.com\/noticias\/wp-content\/uploads\/2015\/04\/IMG_5788_BIE2048.jpg","articleSection":["Colegio","Elecciones CA2015"],"inLanguage":"es","potentialAction":[{"@type":"CommentAction","name":"Comment","target":["https:\/\/colegioarquitectos.com\/noticias\/?p=7714#respond"]}]},{"@type":"WebPage","@id":"https:\/\/colegioarquitectos.com\/noticias\/?p=7714","url":"https:\/\/colegioarquitectos.com\/noticias\/?p=7714","name":"Finaliza per\u00edodo de Directivas y Presidencias del Colegio de Arquitectos 2013 - 2015 - COLEGIO DE ARQUITECTOS DE CHILE","isPartOf":{"@id":"https:\/\/colegioarquitectos.com\/noticias\/#website"},"primaryImageOfPage":{"@id":"https:\/\/colegioarquitectos.com\/noticias\/?p=7714#primaryimage"},"image":{"@id":"https:\/\/colegioarquitectos.com\/noticias\/?p=7714#primaryimage"},"thumbnailUrl":"https:\/\/colegioarquitectos.com\/noticias\/wp-content\/uploads\/2015\/04\/IMG_5788_BIE2048.jpg","datePublished":"2015-05-11T22:40:56+00:00","dateModified":"2015-06-02T19:38:14+00:00","breadcrumb":{"@id":"https:\/\/colegioarquitectos.com\/noticias\/?p=7714#breadcrumb"},"inLanguage":"es","potentialAction":[{"@type":"ReadAction","target":["https:\/\/colegioarquitectos.com\/noticias\/?p=7714"]}]},{"@type":"ImageObject","inLanguage":"es","@id":"https:\/\/colegioarquitectos.com\/noticias\/?p=7714#primaryimage","url":"https:\/\/colegioarquitectos.com\/noticias\/wp-content\/uploads\/2015\/04\/IMG_5788_BIE2048.jpg","contentUrl":"https:\/\/colegioarquitectos.com\/noticias\/wp-content\/uploads\/2015\/04\/IMG_5788_BIE2048.jpg","width":2048,"height":1365},{"@type":"BreadcrumbList","@id":"https:\/\/colegioarquitectos.com\/noticias\/?p=7714#breadcrumb","itemListElement":[{"@type":"ListItem","position":1,"name":"Portada","item":"https:\/\/colegioarquitectos.com\/noticias"},{"@type":"ListItem","position":2,"name":"Finaliza per\u00edodo de Directivas y Presidencias del Colegio de Arquitectos 2013 &#8211; 2015"}]},{"@type":"WebSite","@id":"https:\/\/colegioarquitectos.com\/noticias\/#website","url":"https:\/\/colegioarquitectos.com\/noticias\/","name":"COLEGIO DE ARQUITECTOS DE CHILE","description":"","publisher":{"@id":"https:\/\/colegioarquitectos.com\/noticias\/#organization"},"potentialAction":[{"@type":"SearchAction","target":{"@type":"EntryPoint","urlTemplate":"https:\/\/colegioarquitectos.com\/noticias\/?s={search_term_string}"},"query-input":{"@type":"PropertyValueSpecification","valueRequired":true,"valueName":"search_term_string"}}],"inLanguage":"es"},{"@type":"Organization","@id":"https:\/\/colegioarquitectos.com\/noticias\/#organization","name":"COLEGIO DE ARQUITECTOS DE CHILE","url":"https:\/\/colegioarquitectos.com\/noticias\/","logo":{"@type":"ImageObject","inLanguage":"es","@id":"https:\/\/colegioarquitectos.com\/noticias\/#\/schema\/logo\/image\/","url":"https:\/\/colegioarquitectos.com\/noticias\/wp-content\/uploads\/2021\/05\/ENCABEZADO-LOGO-CA.jpg","contentUrl":"https:\/\/colegioarquitectos.com\/noticias\/wp-content\/uploads\/2021\/05\/ENCABEZADO-LOGO-CA.jpg","width":690,"height":350,"caption":"COLEGIO DE ARQUITECTOS DE CHILE"},"image":{"@id":"https:\/\/colegioarquitectos.com\/noticias\/#\/schema\/logo\/image\/"},"sameAs":["https:\/\/facebook.com\/Colegioarq\/","https:\/\/x.com\/colegioarq","https:\/\/instagram.com\/colegioarq","https:\/\/youtube.com\/@ColegiodeArquitectosdeChile"]},{"@type":"Person","@id":"https:\/\/colegioarquitectos.com\/noticias\/#\/schema\/person\/685cc0aad148303c5608f049af8285ad","name":"Colegio de Arquitectos de Chile","url":"https:\/\/colegioarquitectos.com\/noticias\/?author=4"}]}},"_links":{"self":[{"href":"https:\/\/colegioarquitectos.com\/noticias\/index.php?rest_route=\/wp\/v2\/posts\/7714","targetHints":{"allow":["GET"]}}],"collection":[{"href":"https:\/\/colegioarquitectos.com\/noticias\/index.php?rest_route=\/wp\/v2\/posts"}],"about":[{"href":"https:\/\/colegioarquitectos.com\/noticias\/index.php?rest_route=\/wp\/v2\/types\/post"}],"author":[{"embeddable":true,"href":"https:\/\/colegioarquitectos.com\/noticias\/index.php?rest_route=\/wp\/v2\/users\/4"}],"replies":[{"embeddable":true,"href":"https:\/\/colegioarquitectos.com\/noticias\/index.php?rest_route=%2Fwp%2Fv2%2Fcomments&post=7714"}],"version-history":[{"count":0,"href":"https:\/\/colegioarquitectos.com\/noticias\/index.php?rest_route=\/wp\/v2\/posts\/7714\/revisions"}],"wp:featuredmedia":[{"embeddable":true,"href":"https:\/\/colegioarquitectos.com\/noticias\/index.php?rest_route=\/wp\/v2\/media\/7029"}],"wp:attachment":[{"href":"https:\/\/colegioarquitectos.com\/noticias\/index.php?rest_route=%2Fwp%2Fv2%2Fmedia&parent=7714"}],"wp:term":[{"taxonomy":"category","embeddable":true,"href":"https:\/\/colegioarquitectos.com\/noticias\/index.php?rest_route=%2Fwp%2Fv2%2Fcategories&post=7714"},{"taxonomy":"post_tag","embeddable":true,"href":"https:\/\/colegioarquitectos.com\/noticias\/index.php?rest_route=%2Fwp%2Fv2%2Ftags&post=7714"}],"curies":[{"name":"wp","href":"https:\/\/api.w.org\/{rel}","templated":true}]}}