
{"id":815,"date":"2012-05-10T15:15:08","date_gmt":"2012-05-10T15:15:08","guid":{"rendered":"http:\/\/colegioarquitectos.com\/noticias\/?p=815"},"modified":"2012-05-16T19:35:02","modified_gmt":"2012-05-16T19:35:02","slug":"rafael-moneo-premio-principe-de-asturias-por-su-luminosa-obra","status":"publish","type":"post","link":"https:\/\/colegioarquitectos.com\/noticias\/?p=815","title":{"rendered":"Rafael Moneo, Premio Pr\u00edncipe de Asturias por su luminosa obra"},"content":{"rendered":"<p style=\"text-align: justify;\"><span style=\"color: #000080;\"><strong><em>Fuente: La Tercera. 10.05.12<\/em><\/strong><\/span><\/p>\n<p style=\"text-align: justify;\"><em><\/em>Debi\u00f3 sobrevivir a la burocracia de cinco ministros, quienes varias veces intentaron meter mano al proyecto, pero Rafael Moneo no dio pie atr\u00e1s. Tras 11 a\u00f1os de tr\u00e1mites y trabajos, en 2007 el arquitecto logr\u00f3 inaugurar su ampliaci\u00f3n del Museo del Prado, la m\u00e1s importante en sus casi 200 a\u00f1os de historia. Fue un \u00e9xito. La construcci\u00f3n, tachada de \u201cdiscreta y controlada\u201d, termin\u00f3 por consagrar la fama del espa\u00f1ol, conocido por su rigor y su impecable uso de la luz, rasgos que en 1996 lo hicieron merecedor del Premio Pritzker, el Nobel de la Arquitectura.<\/p>\n<p style=\"text-align: justify;\">Ayer, el arquitecto sum\u00f3 un galard\u00f3n m\u00e1s a su carrera: gan\u00f3 el Premio Pr\u00edncipe de Asturias, dotado de 50 mil euros (US$ 65 mil) y una estatuilla dise\u00f1ada por Joan Mir\u00f3, que ser\u00e1n entregados por Felipe de Borb\u00f3n en la ceremonia de octubre.<\/p>\n<p style=\"text-align: justify;\">Para Moneo fue una sorpresa. \u201cNi siquiera sab\u00eda que fuese candidato. Ha sido tan inesperado, que lo entiendo como un regalo que la vida me ha hecho y m\u00e1s en el d\u00eda de mi cumplea\u00f1os\u201d, dijo el arquitecto, que ayer cumpli\u00f3 75 a\u00f1os. \u201cMe consta que hace bastante tiempo barajaron mi nombre como finalista y me alegra que, cuando cre\u00eda pasado mi turno, hayan reconocido mi trabajo\u201d, agreg\u00f3 en su estudio de Madrid.<\/p>\n<p style=\"text-align: justify;\">Para la prensa espa\u00f1ola el premio es merecido, aunque la decisi\u00f3n del jurado parece contradictoria. \u201cExtra\u00f1o gesto colgar al cuello de los dos arquitectos espa\u00f1oles m\u00e1s reconocidos y antag\u00f3nicos, Moneo y Calatrava, la misma medalla por m\u00e9ritos tan opuestos\u201d, escribi\u00f3 en el diario El Pa\u00eds.<\/p>\n<p style=\"text-align: justify;\">Mientras el \u00faltimo es famoso por sus edificios monumentales e imposibles, Moneo es elogiado por su contribuci\u00f3n a la vanguardia arquitect\u00f3nica y su respeto a los espacios urbanos. \u201cDeja una huella propia en cada una de sus creaciones, al tiempo que conjuga est\u00e9tica con funcionalidad. Es un arquitecto de dimensi\u00f3n universal, cuya arquitectura es serena y pulcra\u201d, consider\u00f3 el jurado del premio.<\/p>\n<p style=\"text-align: justify;\">Entre sus obras m\u00e1s destacadas est\u00e1 el Bankinter de Madrid (1976), el Museo de Arte Romano de M\u00e9rida (1986) y la ampliaci\u00f3n de la Estaci\u00f3n Atocha (1992), que ejemplifican c\u00f3mo el arquitecto ha intervenido siempre a favor del contexto m\u00e1s que en beneficio de la propia expresi\u00f3n. \u201cEl entender la ciudad como el cuadro en el que se enmarca el trabajo del arquitecto y que le da sentido a cualquier construcci\u00f3n, siempre ha estado presente en m\u00ed\u201d, afirm\u00f3.<\/p>\n<p style=\"text-align: justify;\">Sus dise\u00f1os se caracterizan tambi\u00e9n por usar ventanales de alabastro o inmensas estructuras de cristal que ba\u00f1an sus creaciones de luz, como es el caso del Palacio Kursaal de San Sebasti\u00e1n (1999) o la Universidad de Columbia (2011).<\/p>\n<p style=\"text-align: justify;\">Desde 1981, La Fundaci\u00f3n Pr\u00edncipe de Asturias premia a ocho personas o instituciones que contribuyan en las \u00e1reas de arte, deportes o ciencia. Este a\u00f1o, Moneo se impuso al arquitecto canadiense Frank Gehry. Ya han ganado el galard\u00f3n el cantante Bob Dylan, el cineasta Woody Allen y el pintor Roberto Matta.<\/p>\n<p style=\"text-align: justify;\"><strong>EL GANADOR<\/strong><\/p>\n<p style=\"text-align: justify;\"><strong>Rafael Moneo<\/strong><\/p>\n<p style=\"text-align: justify;\">Naci\u00f3 en Tudela (Navarra) en 1937. Estudi\u00f3 con Javier S\u00e1enz de Oiza, y el dan\u00e9s Jorn Utzon, autor de la \u00d3pera de Sidney. Ha sido profesor en Madrid, Barcelona, Lausana y en la U. de Princeton y Harvard. En 1996 gan\u00f3 el Premio Pritzker.<\/p>\n<p><\/p>","protected":false},"excerpt":{"rendered":"<p>Fuente: La Tercera. 10.05.12 Debi\u00f3 sobrevivir a la burocracia de cinco ministros, quienes varias veces intentaron meter mano al proyecto, pero Rafael Moneo no dio pie atr\u00e1s. Tras 11 a\u00f1os de tr\u00e1mites y trabajos, en 2007 el arquitecto logr\u00f3 inaugurar &hellip; <a class=\"more-link\" href=\"https:\/\/colegioarquitectos.com\/noticias\/?p=815\">ver m\u00e1s<\/a><\/p>","protected":false},"author":1,"featured_media":0,"comment_status":"open","ping_status":"open","sticky":false,"template":"","format":"standard","meta":{"footnotes":""},"categories":[3],"tags":[],"class_list":["post-815","post","type-post","status-publish","format-standard","hentry","category-noticias"],"yoast_head":"<!-- This site is optimized with the Yoast SEO plugin v24.2 - https:\/\/yoast.com\/wordpress\/plugins\/seo\/ -->\n<title>Rafael Moneo, Premio Pr\u00edncipe de Asturias por su luminosa obra - COLEGIO DE ARQUITECTOS DE CHILE<\/title>\n<meta name=\"robots\" content=\"index, follow, max-snippet:-1, max-image-preview:large, max-video-preview:-1\" \/>\n<link rel=\"canonical\" href=\"https:\/\/colegioarquitectos.com\/noticias\/?p=815\" \/>\n<meta property=\"og:locale\" content=\"es_ES\" \/>\n<meta property=\"og:type\" content=\"article\" \/>\n<meta property=\"og:title\" content=\"Rafael Moneo, Premio Pr\u00edncipe de Asturias por su luminosa obra - COLEGIO DE ARQUITECTOS DE CHILE\" \/>\n<meta property=\"og:description\" content=\"Fuente: La Tercera. 10.05.12 Debi\u00f3 sobrevivir a la burocracia de cinco ministros, quienes varias veces intentaron meter mano al proyecto, pero Rafael Moneo no dio pie atr\u00e1s. Tras 11 a\u00f1os de tr\u00e1mites y trabajos, en 2007 el arquitecto logr\u00f3 inaugurar &hellip; ver m\u00e1s\" \/>\n<meta property=\"og:url\" content=\"https:\/\/colegioarquitectos.com\/noticias\/?p=815\" \/>\n<meta property=\"og:site_name\" content=\"COLEGIO DE ARQUITECTOS DE CHILE\" \/>\n<meta property=\"article:publisher\" content=\"https:\/\/facebook.com\/Colegioarq\/\" \/>\n<meta property=\"article:published_time\" content=\"2012-05-10T15:15:08+00:00\" \/>\n<meta property=\"article:modified_time\" content=\"2012-05-16T19:35:02+00:00\" \/>\n<meta name=\"author\" content=\"Gabriel Salgado S.\" \/>\n<meta name=\"twitter:card\" content=\"summary_large_image\" \/>\n<meta name=\"twitter:creator\" content=\"@colegioarq\" \/>\n<meta name=\"twitter:site\" content=\"@colegioarq\" \/>\n<meta name=\"twitter:label1\" content=\"Escrito por\" \/>\n\t<meta name=\"twitter:data1\" content=\"Gabriel Salgado S.\" \/>\n\t<meta name=\"twitter:label2\" content=\"Tiempo de lectura\" \/>\n\t<meta name=\"twitter:data2\" content=\"3 minutos\" \/>\n<script type=\"application\/ld+json\" class=\"yoast-schema-graph\">{\"@context\":\"https:\/\/schema.org\",\"@graph\":[{\"@type\":\"Article\",\"@id\":\"https:\/\/colegioarquitectos.com\/noticias\/?p=815#article\",\"isPartOf\":{\"@id\":\"https:\/\/colegioarquitectos.com\/noticias\/?p=815\"},\"author\":{\"name\":\"Gabriel Salgado S.\",\"@id\":\"https:\/\/colegioarquitectos.com\/noticias\/#\/schema\/person\/b6c7e912cd1283c089114093ed09741f\"},\"headline\":\"Rafael Moneo, Premio Pr\u00edncipe de Asturias por su luminosa obra\",\"datePublished\":\"2012-05-10T15:15:08+00:00\",\"dateModified\":\"2012-05-16T19:35:02+00:00\",\"mainEntityOfPage\":{\"@id\":\"https:\/\/colegioarquitectos.com\/noticias\/?p=815\"},\"wordCount\":582,\"commentCount\":0,\"publisher\":{\"@id\":\"https:\/\/colegioarquitectos.com\/noticias\/#organization\"},\"articleSection\":[\"Noticias\"],\"inLanguage\":\"es\",\"potentialAction\":[{\"@type\":\"CommentAction\",\"name\":\"Comment\",\"target\":[\"https:\/\/colegioarquitectos.com\/noticias\/?p=815#respond\"]}]},{\"@type\":\"WebPage\",\"@id\":\"https:\/\/colegioarquitectos.com\/noticias\/?p=815\",\"url\":\"https:\/\/colegioarquitectos.com\/noticias\/?p=815\",\"name\":\"Rafael Moneo, Premio Pr\u00edncipe de Asturias por su luminosa obra - COLEGIO DE ARQUITECTOS DE CHILE\",\"isPartOf\":{\"@id\":\"https:\/\/colegioarquitectos.com\/noticias\/#website\"},\"datePublished\":\"2012-05-10T15:15:08+00:00\",\"dateModified\":\"2012-05-16T19:35:02+00:00\",\"breadcrumb\":{\"@id\":\"https:\/\/colegioarquitectos.com\/noticias\/?p=815#breadcrumb\"},\"inLanguage\":\"es\",\"potentialAction\":[{\"@type\":\"ReadAction\",\"target\":[\"https:\/\/colegioarquitectos.com\/noticias\/?p=815\"]}]},{\"@type\":\"BreadcrumbList\",\"@id\":\"https:\/\/colegioarquitectos.com\/noticias\/?p=815#breadcrumb\",\"itemListElement\":[{\"@type\":\"ListItem\",\"position\":1,\"name\":\"Portada\",\"item\":\"https:\/\/colegioarquitectos.com\/noticias\"},{\"@type\":\"ListItem\",\"position\":2,\"name\":\"Rafael Moneo, Premio Pr\u00edncipe de Asturias por su luminosa obra\"}]},{\"@type\":\"WebSite\",\"@id\":\"https:\/\/colegioarquitectos.com\/noticias\/#website\",\"url\":\"https:\/\/colegioarquitectos.com\/noticias\/\",\"name\":\"COLEGIO DE ARQUITECTOS DE CHILE\",\"description\":\"\",\"publisher\":{\"@id\":\"https:\/\/colegioarquitectos.com\/noticias\/#organization\"},\"potentialAction\":[{\"@type\":\"SearchAction\",\"target\":{\"@type\":\"EntryPoint\",\"urlTemplate\":\"https:\/\/colegioarquitectos.com\/noticias\/?s={search_term_string}\"},\"query-input\":{\"@type\":\"PropertyValueSpecification\",\"valueRequired\":true,\"valueName\":\"search_term_string\"}}],\"inLanguage\":\"es\"},{\"@type\":\"Organization\",\"@id\":\"https:\/\/colegioarquitectos.com\/noticias\/#organization\",\"name\":\"COLEGIO DE ARQUITECTOS DE CHILE\",\"url\":\"https:\/\/colegioarquitectos.com\/noticias\/\",\"logo\":{\"@type\":\"ImageObject\",\"inLanguage\":\"es\",\"@id\":\"https:\/\/colegioarquitectos.com\/noticias\/#\/schema\/logo\/image\/\",\"url\":\"https:\/\/colegioarquitectos.com\/noticias\/wp-content\/uploads\/2021\/05\/ENCABEZADO-LOGO-CA.jpg\",\"contentUrl\":\"https:\/\/colegioarquitectos.com\/noticias\/wp-content\/uploads\/2021\/05\/ENCABEZADO-LOGO-CA.jpg\",\"width\":690,\"height\":350,\"caption\":\"COLEGIO DE ARQUITECTOS DE CHILE\"},\"image\":{\"@id\":\"https:\/\/colegioarquitectos.com\/noticias\/#\/schema\/logo\/image\/\"},\"sameAs\":[\"https:\/\/facebook.com\/Colegioarq\/\",\"https:\/\/x.com\/colegioarq\",\"https:\/\/instagram.com\/colegioarq\",\"https:\/\/youtube.com\/@ColegiodeArquitectosdeChile\"]},{\"@type\":\"Person\",\"@id\":\"https:\/\/colegioarquitectos.com\/noticias\/#\/schema\/person\/b6c7e912cd1283c089114093ed09741f\",\"name\":\"Gabriel Salgado S.\",\"url\":\"https:\/\/colegioarquitectos.com\/noticias\/?author=1\"}]}<\/script>\n<!-- \/ Yoast SEO plugin. -->","yoast_head_json":{"title":"Rafael Moneo, Premio Pr\u00edncipe de Asturias por su luminosa obra - COLEGIO DE ARQUITECTOS DE CHILE","robots":{"index":"index","follow":"follow","max-snippet":"max-snippet:-1","max-image-preview":"max-image-preview:large","max-video-preview":"max-video-preview:-1"},"canonical":"https:\/\/colegioarquitectos.com\/noticias\/?p=815","og_locale":"es_ES","og_type":"article","og_title":"Rafael Moneo, Premio Pr\u00edncipe de Asturias por su luminosa obra - COLEGIO DE ARQUITECTOS DE CHILE","og_description":"Fuente: La Tercera. 10.05.12 Debi\u00f3 sobrevivir a la burocracia de cinco ministros, quienes varias veces intentaron meter mano al proyecto, pero Rafael Moneo no dio pie atr\u00e1s. Tras 11 a\u00f1os de tr\u00e1mites y trabajos, en 2007 el arquitecto logr\u00f3 inaugurar &hellip; ver m\u00e1s","og_url":"https:\/\/colegioarquitectos.com\/noticias\/?p=815","og_site_name":"COLEGIO DE ARQUITECTOS DE CHILE","article_publisher":"https:\/\/facebook.com\/Colegioarq\/","article_published_time":"2012-05-10T15:15:08+00:00","article_modified_time":"2012-05-16T19:35:02+00:00","author":"Gabriel Salgado S.","twitter_card":"summary_large_image","twitter_creator":"@colegioarq","twitter_site":"@colegioarq","twitter_misc":{"Escrito por":"Gabriel Salgado S.","Tiempo de lectura":"3 minutos"},"schema":{"@context":"https:\/\/schema.org","@graph":[{"@type":"Article","@id":"https:\/\/colegioarquitectos.com\/noticias\/?p=815#article","isPartOf":{"@id":"https:\/\/colegioarquitectos.com\/noticias\/?p=815"},"author":{"name":"Gabriel Salgado S.","@id":"https:\/\/colegioarquitectos.com\/noticias\/#\/schema\/person\/b6c7e912cd1283c089114093ed09741f"},"headline":"Rafael Moneo, Premio Pr\u00edncipe de Asturias por su luminosa obra","datePublished":"2012-05-10T15:15:08+00:00","dateModified":"2012-05-16T19:35:02+00:00","mainEntityOfPage":{"@id":"https:\/\/colegioarquitectos.com\/noticias\/?p=815"},"wordCount":582,"commentCount":0,"publisher":{"@id":"https:\/\/colegioarquitectos.com\/noticias\/#organization"},"articleSection":["Noticias"],"inLanguage":"es","potentialAction":[{"@type":"CommentAction","name":"Comment","target":["https:\/\/colegioarquitectos.com\/noticias\/?p=815#respond"]}]},{"@type":"WebPage","@id":"https:\/\/colegioarquitectos.com\/noticias\/?p=815","url":"https:\/\/colegioarquitectos.com\/noticias\/?p=815","name":"Rafael Moneo, Premio Pr\u00edncipe de Asturias por su luminosa obra - COLEGIO DE ARQUITECTOS DE CHILE","isPartOf":{"@id":"https:\/\/colegioarquitectos.com\/noticias\/#website"},"datePublished":"2012-05-10T15:15:08+00:00","dateModified":"2012-05-16T19:35:02+00:00","breadcrumb":{"@id":"https:\/\/colegioarquitectos.com\/noticias\/?p=815#breadcrumb"},"inLanguage":"es","potentialAction":[{"@type":"ReadAction","target":["https:\/\/colegioarquitectos.com\/noticias\/?p=815"]}]},{"@type":"BreadcrumbList","@id":"https:\/\/colegioarquitectos.com\/noticias\/?p=815#breadcrumb","itemListElement":[{"@type":"ListItem","position":1,"name":"Portada","item":"https:\/\/colegioarquitectos.com\/noticias"},{"@type":"ListItem","position":2,"name":"Rafael Moneo, Premio Pr\u00edncipe de Asturias por su luminosa obra"}]},{"@type":"WebSite","@id":"https:\/\/colegioarquitectos.com\/noticias\/#website","url":"https:\/\/colegioarquitectos.com\/noticias\/","name":"COLEGIO DE ARQUITECTOS DE CHILE","description":"","publisher":{"@id":"https:\/\/colegioarquitectos.com\/noticias\/#organization"},"potentialAction":[{"@type":"SearchAction","target":{"@type":"EntryPoint","urlTemplate":"https:\/\/colegioarquitectos.com\/noticias\/?s={search_term_string}"},"query-input":{"@type":"PropertyValueSpecification","valueRequired":true,"valueName":"search_term_string"}}],"inLanguage":"es"},{"@type":"Organization","@id":"https:\/\/colegioarquitectos.com\/noticias\/#organization","name":"COLEGIO DE ARQUITECTOS DE CHILE","url":"https:\/\/colegioarquitectos.com\/noticias\/","logo":{"@type":"ImageObject","inLanguage":"es","@id":"https:\/\/colegioarquitectos.com\/noticias\/#\/schema\/logo\/image\/","url":"https:\/\/colegioarquitectos.com\/noticias\/wp-content\/uploads\/2021\/05\/ENCABEZADO-LOGO-CA.jpg","contentUrl":"https:\/\/colegioarquitectos.com\/noticias\/wp-content\/uploads\/2021\/05\/ENCABEZADO-LOGO-CA.jpg","width":690,"height":350,"caption":"COLEGIO DE ARQUITECTOS DE CHILE"},"image":{"@id":"https:\/\/colegioarquitectos.com\/noticias\/#\/schema\/logo\/image\/"},"sameAs":["https:\/\/facebook.com\/Colegioarq\/","https:\/\/x.com\/colegioarq","https:\/\/instagram.com\/colegioarq","https:\/\/youtube.com\/@ColegiodeArquitectosdeChile"]},{"@type":"Person","@id":"https:\/\/colegioarquitectos.com\/noticias\/#\/schema\/person\/b6c7e912cd1283c089114093ed09741f","name":"Gabriel Salgado S.","url":"https:\/\/colegioarquitectos.com\/noticias\/?author=1"}]}},"_links":{"self":[{"href":"https:\/\/colegioarquitectos.com\/noticias\/index.php?rest_route=\/wp\/v2\/posts\/815","targetHints":{"allow":["GET"]}}],"collection":[{"href":"https:\/\/colegioarquitectos.com\/noticias\/index.php?rest_route=\/wp\/v2\/posts"}],"about":[{"href":"https:\/\/colegioarquitectos.com\/noticias\/index.php?rest_route=\/wp\/v2\/types\/post"}],"author":[{"embeddable":true,"href":"https:\/\/colegioarquitectos.com\/noticias\/index.php?rest_route=\/wp\/v2\/users\/1"}],"replies":[{"embeddable":true,"href":"https:\/\/colegioarquitectos.com\/noticias\/index.php?rest_route=%2Fwp%2Fv2%2Fcomments&post=815"}],"version-history":[{"count":0,"href":"https:\/\/colegioarquitectos.com\/noticias\/index.php?rest_route=\/wp\/v2\/posts\/815\/revisions"}],"wp:attachment":[{"href":"https:\/\/colegioarquitectos.com\/noticias\/index.php?rest_route=%2Fwp%2Fv2%2Fmedia&parent=815"}],"wp:term":[{"taxonomy":"category","embeddable":true,"href":"https:\/\/colegioarquitectos.com\/noticias\/index.php?rest_route=%2Fwp%2Fv2%2Fcategories&post=815"},{"taxonomy":"post_tag","embeddable":true,"href":"https:\/\/colegioarquitectos.com\/noticias\/index.php?rest_route=%2Fwp%2Fv2%2Ftags&post=815"}],"curies":[{"name":"wp","href":"https:\/\/api.w.org\/{rel}","templated":true}]}}