
{"id":83,"date":"2011-12-27T15:00:52","date_gmt":"2011-12-27T15:00:52","guid":{"rendered":"http:\/\/colegioarquitectos.com\/noticias\/?p=83"},"modified":"2011-12-28T18:34:01","modified_gmt":"2011-12-28T18:34:01","slug":"carta-monumento-historico-hotel-continental-de-temuco-la-tercera-21-11-11","status":"publish","type":"post","link":"https:\/\/colegioarquitectos.com\/noticias\/?p=83","title":{"rendered":"Carta: MONUMENTO HIST\u00d3RICO. HOTEL CONTINENTAL DE TEMUCO. La Tercera. 21.11.11"},"content":{"rendered":"<p style=\"text-align: center;\"><strong>COMIT\u00c9 DE PATRIMIO ARQUITECTONICO Y AMBIENTAL \u2013 COLEGIO DE ARQUITECTOS DE CHILE<\/strong><\/p>\n<p style=\"text-align: center;\"><strong>ASOCIACI\u00d3N CHILENA DE BARRIOS Y ZONAS PATRIMONIALES<\/strong><\/p>\n<p>Hace unos meses se declar\u00f3 Monumento Hist\u00f3rico el Hotel Continental de Temuco. A pesar del apoyo que se tuvo del alcalde de Temuco, la Delegaci\u00f3n Regional del Colegio de Arquitectos, la Fundaci\u00f3n Pablo Neruda y del Consejo Nacional de la Cultura y de las Artes, durante septiembre se interpuso un recurso de protecci\u00f3n en contra del Ministerio de Educaci\u00f3n y el Consejo de Monumentos Nacionales por el perjuicio econ\u00f3mico que esta declaratoria implicar\u00eda para los herederos de la propiedad. Ellos consideran no haber sido tratados con igualdad ante la ley y que su derecho de propiedad se ha vulnerado por el \u201cacto ilegal y arbitrario\u201d de la declaratoria. En el escrito, adem\u00e1s, su autor emite duros ep\u00edtetos para calificar la labor del consejo en este proceso.<\/p>\n<p>Queremos declarar que la calidad patrimonial y los m\u00e9ritos para que un bien sea monumento nacional no dependen de la opini\u00f3n de sus propietarios, aunque esta sea importante para su futura administraci\u00f3n. La \u00e1cida cr\u00edtica de la gesti\u00f3n del Consejo de Monumentos Nacionales contenida en el recurso de protecci\u00f3n no corresponde a la realidad y menos a la gesti\u00f3n actual de ese organismo, en la que se han introducido mejoras importantes y que por lo mismo merece nuestro apoyo. Adem\u00e1s, preocupa que el abogado que patrocina el recurso de protecci\u00f3n ejerci\u00f3 como secretario ejecutivo del Consejo hasta marzo de este a\u00f1o. No corresponde que un servidor p\u00fablico se transforme, a seis meses de dejar el cargo, en defensor de causas contrarias a la institucionalidad de la que \u00e9l form\u00f3 parte.<\/p>\n<p><\/p>","protected":false},"excerpt":{"rendered":"<p>COMIT\u00c9 DE PATRIMIO ARQUITECTONICO Y AMBIENTAL \u2013 COLEGIO DE ARQUITECTOS DE CHILE ASOCIACI\u00d3N CHILENA DE BARRIOS Y ZONAS PATRIMONIALES Hace unos meses se declar\u00f3 Monumento Hist\u00f3rico el Hotel Continental de Temuco. A pesar del apoyo que se tuvo del alcalde &hellip; <a class=\"more-link\" href=\"https:\/\/colegioarquitectos.com\/noticias\/?p=83\">ver m\u00e1s<\/a><\/p>","protected":false},"author":1,"featured_media":0,"comment_status":"open","ping_status":"open","sticky":false,"template":"","format":"standard","meta":{"footnotes":""},"categories":[8,9,7],"tags":[],"class_list":["post-83","post","type-post","status-publish","format-standard","hentry","category-colegio-de-arquitectos","category-comites","category-declaraciones"],"yoast_head":"<!-- This site is optimized with the Yoast SEO plugin v24.2 - https:\/\/yoast.com\/wordpress\/plugins\/seo\/ -->\n<title>Carta: MONUMENTO HIST\u00d3RICO. HOTEL CONTINENTAL DE TEMUCO. La Tercera. 21.11.11 - COLEGIO DE ARQUITECTOS DE CHILE<\/title>\n<meta name=\"robots\" content=\"index, follow, max-snippet:-1, max-image-preview:large, max-video-preview:-1\" \/>\n<link rel=\"canonical\" href=\"https:\/\/colegioarquitectos.com\/noticias\/?p=83\" \/>\n<meta property=\"og:locale\" content=\"es_ES\" \/>\n<meta property=\"og:type\" content=\"article\" \/>\n<meta property=\"og:title\" content=\"Carta: MONUMENTO HIST\u00d3RICO. HOTEL CONTINENTAL DE TEMUCO. La Tercera. 21.11.11 - COLEGIO DE ARQUITECTOS DE CHILE\" \/>\n<meta property=\"og:description\" content=\"COMIT\u00c9 DE PATRIMIO ARQUITECTONICO Y AMBIENTAL \u2013 COLEGIO DE ARQUITECTOS DE CHILE ASOCIACI\u00d3N CHILENA DE BARRIOS Y ZONAS PATRIMONIALES Hace unos meses se declar\u00f3 Monumento Hist\u00f3rico el Hotel Continental de Temuco. A pesar del apoyo que se tuvo del alcalde &hellip; ver m\u00e1s\" \/>\n<meta property=\"og:url\" content=\"https:\/\/colegioarquitectos.com\/noticias\/?p=83\" \/>\n<meta property=\"og:site_name\" content=\"COLEGIO DE ARQUITECTOS DE CHILE\" \/>\n<meta property=\"article:publisher\" content=\"https:\/\/facebook.com\/Colegioarq\/\" \/>\n<meta property=\"article:published_time\" content=\"2011-12-27T15:00:52+00:00\" \/>\n<meta property=\"article:modified_time\" content=\"2011-12-28T18:34:01+00:00\" \/>\n<meta name=\"author\" content=\"Gabriel Salgado S.\" \/>\n<meta name=\"twitter:card\" content=\"summary_large_image\" \/>\n<meta name=\"twitter:creator\" content=\"@colegioarq\" \/>\n<meta name=\"twitter:site\" content=\"@colegioarq\" \/>\n<meta name=\"twitter:label1\" content=\"Escrito por\" \/>\n\t<meta name=\"twitter:data1\" content=\"Gabriel Salgado S.\" \/>\n\t<meta name=\"twitter:label2\" content=\"Tiempo de lectura\" \/>\n\t<meta name=\"twitter:data2\" content=\"1 minuto\" \/>\n<script type=\"application\/ld+json\" class=\"yoast-schema-graph\">{\"@context\":\"https:\/\/schema.org\",\"@graph\":[{\"@type\":\"Article\",\"@id\":\"https:\/\/colegioarquitectos.com\/noticias\/?p=83#article\",\"isPartOf\":{\"@id\":\"https:\/\/colegioarquitectos.com\/noticias\/?p=83\"},\"author\":{\"name\":\"Gabriel Salgado S.\",\"@id\":\"https:\/\/colegioarquitectos.com\/noticias\/#\/schema\/person\/b6c7e912cd1283c089114093ed09741f\"},\"headline\":\"Carta: MONUMENTO HIST\u00d3RICO. HOTEL CONTINENTAL DE TEMUCO. La Tercera. 21.11.11\",\"datePublished\":\"2011-12-27T15:00:52+00:00\",\"dateModified\":\"2011-12-28T18:34:01+00:00\",\"mainEntityOfPage\":{\"@id\":\"https:\/\/colegioarquitectos.com\/noticias\/?p=83\"},\"wordCount\":305,\"commentCount\":0,\"publisher\":{\"@id\":\"https:\/\/colegioarquitectos.com\/noticias\/#organization\"},\"articleSection\":[\"Colegio\",\"Comit\u00e9s\",\"Declaraciones\"],\"inLanguage\":\"es\",\"potentialAction\":[{\"@type\":\"CommentAction\",\"name\":\"Comment\",\"target\":[\"https:\/\/colegioarquitectos.com\/noticias\/?p=83#respond\"]}]},{\"@type\":\"WebPage\",\"@id\":\"https:\/\/colegioarquitectos.com\/noticias\/?p=83\",\"url\":\"https:\/\/colegioarquitectos.com\/noticias\/?p=83\",\"name\":\"Carta: MONUMENTO HIST\u00d3RICO. HOTEL CONTINENTAL DE TEMUCO. La Tercera. 21.11.11 - COLEGIO DE ARQUITECTOS DE CHILE\",\"isPartOf\":{\"@id\":\"https:\/\/colegioarquitectos.com\/noticias\/#website\"},\"datePublished\":\"2011-12-27T15:00:52+00:00\",\"dateModified\":\"2011-12-28T18:34:01+00:00\",\"breadcrumb\":{\"@id\":\"https:\/\/colegioarquitectos.com\/noticias\/?p=83#breadcrumb\"},\"inLanguage\":\"es\",\"potentialAction\":[{\"@type\":\"ReadAction\",\"target\":[\"https:\/\/colegioarquitectos.com\/noticias\/?p=83\"]}]},{\"@type\":\"BreadcrumbList\",\"@id\":\"https:\/\/colegioarquitectos.com\/noticias\/?p=83#breadcrumb\",\"itemListElement\":[{\"@type\":\"ListItem\",\"position\":1,\"name\":\"Portada\",\"item\":\"https:\/\/colegioarquitectos.com\/noticias\"},{\"@type\":\"ListItem\",\"position\":2,\"name\":\"Carta: MONUMENTO HIST\u00d3RICO. HOTEL CONTINENTAL DE TEMUCO. La Tercera. 21.11.11\"}]},{\"@type\":\"WebSite\",\"@id\":\"https:\/\/colegioarquitectos.com\/noticias\/#website\",\"url\":\"https:\/\/colegioarquitectos.com\/noticias\/\",\"name\":\"COLEGIO DE ARQUITECTOS DE CHILE\",\"description\":\"\",\"publisher\":{\"@id\":\"https:\/\/colegioarquitectos.com\/noticias\/#organization\"},\"potentialAction\":[{\"@type\":\"SearchAction\",\"target\":{\"@type\":\"EntryPoint\",\"urlTemplate\":\"https:\/\/colegioarquitectos.com\/noticias\/?s={search_term_string}\"},\"query-input\":{\"@type\":\"PropertyValueSpecification\",\"valueRequired\":true,\"valueName\":\"search_term_string\"}}],\"inLanguage\":\"es\"},{\"@type\":\"Organization\",\"@id\":\"https:\/\/colegioarquitectos.com\/noticias\/#organization\",\"name\":\"COLEGIO DE ARQUITECTOS DE CHILE\",\"url\":\"https:\/\/colegioarquitectos.com\/noticias\/\",\"logo\":{\"@type\":\"ImageObject\",\"inLanguage\":\"es\",\"@id\":\"https:\/\/colegioarquitectos.com\/noticias\/#\/schema\/logo\/image\/\",\"url\":\"https:\/\/colegioarquitectos.com\/noticias\/wp-content\/uploads\/2021\/05\/ENCABEZADO-LOGO-CA.jpg\",\"contentUrl\":\"https:\/\/colegioarquitectos.com\/noticias\/wp-content\/uploads\/2021\/05\/ENCABEZADO-LOGO-CA.jpg\",\"width\":690,\"height\":350,\"caption\":\"COLEGIO DE ARQUITECTOS DE CHILE\"},\"image\":{\"@id\":\"https:\/\/colegioarquitectos.com\/noticias\/#\/schema\/logo\/image\/\"},\"sameAs\":[\"https:\/\/facebook.com\/Colegioarq\/\",\"https:\/\/x.com\/colegioarq\",\"https:\/\/instagram.com\/colegioarq\",\"https:\/\/youtube.com\/@ColegiodeArquitectosdeChile\"]},{\"@type\":\"Person\",\"@id\":\"https:\/\/colegioarquitectos.com\/noticias\/#\/schema\/person\/b6c7e912cd1283c089114093ed09741f\",\"name\":\"Gabriel Salgado S.\",\"url\":\"https:\/\/colegioarquitectos.com\/noticias\/?author=1\"}]}<\/script>\n<!-- \/ Yoast SEO plugin. -->","yoast_head_json":{"title":"Carta: MONUMENTO HIST\u00d3RICO. HOTEL CONTINENTAL DE TEMUCO. La Tercera. 21.11.11 - COLEGIO DE ARQUITECTOS DE CHILE","robots":{"index":"index","follow":"follow","max-snippet":"max-snippet:-1","max-image-preview":"max-image-preview:large","max-video-preview":"max-video-preview:-1"},"canonical":"https:\/\/colegioarquitectos.com\/noticias\/?p=83","og_locale":"es_ES","og_type":"article","og_title":"Carta: MONUMENTO HIST\u00d3RICO. HOTEL CONTINENTAL DE TEMUCO. La Tercera. 21.11.11 - COLEGIO DE ARQUITECTOS DE CHILE","og_description":"COMIT\u00c9 DE PATRIMIO ARQUITECTONICO Y AMBIENTAL \u2013 COLEGIO DE ARQUITECTOS DE CHILE ASOCIACI\u00d3N CHILENA DE BARRIOS Y ZONAS PATRIMONIALES Hace unos meses se declar\u00f3 Monumento Hist\u00f3rico el Hotel Continental de Temuco. A pesar del apoyo que se tuvo del alcalde &hellip; ver m\u00e1s","og_url":"https:\/\/colegioarquitectos.com\/noticias\/?p=83","og_site_name":"COLEGIO DE ARQUITECTOS DE CHILE","article_publisher":"https:\/\/facebook.com\/Colegioarq\/","article_published_time":"2011-12-27T15:00:52+00:00","article_modified_time":"2011-12-28T18:34:01+00:00","author":"Gabriel Salgado S.","twitter_card":"summary_large_image","twitter_creator":"@colegioarq","twitter_site":"@colegioarq","twitter_misc":{"Escrito por":"Gabriel Salgado S.","Tiempo de lectura":"1 minuto"},"schema":{"@context":"https:\/\/schema.org","@graph":[{"@type":"Article","@id":"https:\/\/colegioarquitectos.com\/noticias\/?p=83#article","isPartOf":{"@id":"https:\/\/colegioarquitectos.com\/noticias\/?p=83"},"author":{"name":"Gabriel Salgado S.","@id":"https:\/\/colegioarquitectos.com\/noticias\/#\/schema\/person\/b6c7e912cd1283c089114093ed09741f"},"headline":"Carta: MONUMENTO HIST\u00d3RICO. HOTEL CONTINENTAL DE TEMUCO. La Tercera. 21.11.11","datePublished":"2011-12-27T15:00:52+00:00","dateModified":"2011-12-28T18:34:01+00:00","mainEntityOfPage":{"@id":"https:\/\/colegioarquitectos.com\/noticias\/?p=83"},"wordCount":305,"commentCount":0,"publisher":{"@id":"https:\/\/colegioarquitectos.com\/noticias\/#organization"},"articleSection":["Colegio","Comit\u00e9s","Declaraciones"],"inLanguage":"es","potentialAction":[{"@type":"CommentAction","name":"Comment","target":["https:\/\/colegioarquitectos.com\/noticias\/?p=83#respond"]}]},{"@type":"WebPage","@id":"https:\/\/colegioarquitectos.com\/noticias\/?p=83","url":"https:\/\/colegioarquitectos.com\/noticias\/?p=83","name":"Carta: MONUMENTO HIST\u00d3RICO. HOTEL CONTINENTAL DE TEMUCO. La Tercera. 21.11.11 - COLEGIO DE ARQUITECTOS DE CHILE","isPartOf":{"@id":"https:\/\/colegioarquitectos.com\/noticias\/#website"},"datePublished":"2011-12-27T15:00:52+00:00","dateModified":"2011-12-28T18:34:01+00:00","breadcrumb":{"@id":"https:\/\/colegioarquitectos.com\/noticias\/?p=83#breadcrumb"},"inLanguage":"es","potentialAction":[{"@type":"ReadAction","target":["https:\/\/colegioarquitectos.com\/noticias\/?p=83"]}]},{"@type":"BreadcrumbList","@id":"https:\/\/colegioarquitectos.com\/noticias\/?p=83#breadcrumb","itemListElement":[{"@type":"ListItem","position":1,"name":"Portada","item":"https:\/\/colegioarquitectos.com\/noticias"},{"@type":"ListItem","position":2,"name":"Carta: MONUMENTO HIST\u00d3RICO. HOTEL CONTINENTAL DE TEMUCO. La Tercera. 21.11.11"}]},{"@type":"WebSite","@id":"https:\/\/colegioarquitectos.com\/noticias\/#website","url":"https:\/\/colegioarquitectos.com\/noticias\/","name":"COLEGIO DE ARQUITECTOS DE CHILE","description":"","publisher":{"@id":"https:\/\/colegioarquitectos.com\/noticias\/#organization"},"potentialAction":[{"@type":"SearchAction","target":{"@type":"EntryPoint","urlTemplate":"https:\/\/colegioarquitectos.com\/noticias\/?s={search_term_string}"},"query-input":{"@type":"PropertyValueSpecification","valueRequired":true,"valueName":"search_term_string"}}],"inLanguage":"es"},{"@type":"Organization","@id":"https:\/\/colegioarquitectos.com\/noticias\/#organization","name":"COLEGIO DE ARQUITECTOS DE CHILE","url":"https:\/\/colegioarquitectos.com\/noticias\/","logo":{"@type":"ImageObject","inLanguage":"es","@id":"https:\/\/colegioarquitectos.com\/noticias\/#\/schema\/logo\/image\/","url":"https:\/\/colegioarquitectos.com\/noticias\/wp-content\/uploads\/2021\/05\/ENCABEZADO-LOGO-CA.jpg","contentUrl":"https:\/\/colegioarquitectos.com\/noticias\/wp-content\/uploads\/2021\/05\/ENCABEZADO-LOGO-CA.jpg","width":690,"height":350,"caption":"COLEGIO DE ARQUITECTOS DE CHILE"},"image":{"@id":"https:\/\/colegioarquitectos.com\/noticias\/#\/schema\/logo\/image\/"},"sameAs":["https:\/\/facebook.com\/Colegioarq\/","https:\/\/x.com\/colegioarq","https:\/\/instagram.com\/colegioarq","https:\/\/youtube.com\/@ColegiodeArquitectosdeChile"]},{"@type":"Person","@id":"https:\/\/colegioarquitectos.com\/noticias\/#\/schema\/person\/b6c7e912cd1283c089114093ed09741f","name":"Gabriel Salgado S.","url":"https:\/\/colegioarquitectos.com\/noticias\/?author=1"}]}},"_links":{"self":[{"href":"https:\/\/colegioarquitectos.com\/noticias\/index.php?rest_route=\/wp\/v2\/posts\/83","targetHints":{"allow":["GET"]}}],"collection":[{"href":"https:\/\/colegioarquitectos.com\/noticias\/index.php?rest_route=\/wp\/v2\/posts"}],"about":[{"href":"https:\/\/colegioarquitectos.com\/noticias\/index.php?rest_route=\/wp\/v2\/types\/post"}],"author":[{"embeddable":true,"href":"https:\/\/colegioarquitectos.com\/noticias\/index.php?rest_route=\/wp\/v2\/users\/1"}],"replies":[{"embeddable":true,"href":"https:\/\/colegioarquitectos.com\/noticias\/index.php?rest_route=%2Fwp%2Fv2%2Fcomments&post=83"}],"version-history":[{"count":0,"href":"https:\/\/colegioarquitectos.com\/noticias\/index.php?rest_route=\/wp\/v2\/posts\/83\/revisions"}],"wp:attachment":[{"href":"https:\/\/colegioarquitectos.com\/noticias\/index.php?rest_route=%2Fwp%2Fv2%2Fmedia&parent=83"}],"wp:term":[{"taxonomy":"category","embeddable":true,"href":"https:\/\/colegioarquitectos.com\/noticias\/index.php?rest_route=%2Fwp%2Fv2%2Fcategories&post=83"},{"taxonomy":"post_tag","embeddable":true,"href":"https:\/\/colegioarquitectos.com\/noticias\/index.php?rest_route=%2Fwp%2Fv2%2Ftags&post=83"}],"curies":[{"name":"wp","href":"https:\/\/api.w.org\/{rel}","templated":true}]}}