
{"id":9805,"date":"2015-11-02T15:14:33","date_gmt":"2015-11-02T15:14:33","guid":{"rendered":"http:\/\/colegioarquitectos.com\/?p=9805"},"modified":"2015-11-02T15:27:39","modified_gmt":"2015-11-02T15:27:39","slug":"9805","status":"publish","type":"post","link":"https:\/\/colegioarquitectos.com\/noticias\/?p=9805","title":{"rendered":"11 y 12 de noviembre: 2do Congreso latinoamericano BIMLATAM"},"content":{"rendered":"<p><a href=\"http:\/\/bimlatam.la\/\"><img loading=\"lazy\" decoding=\"async\" class=\"alignnone wp-image-9807 size-full\" src=\"http:\/\/colegioarquitectos.com\/noticias\/wp-content\/uploads\/2015\/11\/1.png\" alt=\"1\" width=\"640\" height=\"273\" srcset=\"https:\/\/colegioarquitectos.com\/noticias\/wp-content\/uploads\/2015\/11\/1.png 640w, https:\/\/colegioarquitectos.com\/noticias\/wp-content\/uploads\/2015\/11\/1-300x128.png 300w\" sizes=\"auto, (max-width: 640px) 100vw, 640px\" \/><\/a><\/p>\n<p>La <strong>Corporaci\u00f3n de Desarrollo Tecnol\u00f3gico (CDT) de la C\u00e1mara Chilena de la Construcci\u00f3n <\/strong><strong>(CChC) y Comgrap<\/strong> tienen el agrado de invitarlo a participar del 2do Congreso Latinoamericano BIM Latam 2015. El evento tendr\u00e1 lugar en el Club Manquehue el 11 y 12 de noviembre de 2015.<\/p>\n<p><a href=\"http:\/\/bimlatam.la\/programa-2015\"><img loading=\"lazy\" decoding=\"async\" class=\"alignnone wp-image-9808 size-full\" src=\"http:\/\/colegioarquitectos.com\/noticias\/wp-content\/uploads\/2015\/11\/2.png\" alt=\"2\" width=\"640\" height=\"50\" srcset=\"https:\/\/colegioarquitectos.com\/noticias\/wp-content\/uploads\/2015\/11\/2.png 640w, https:\/\/colegioarquitectos.com\/noticias\/wp-content\/uploads\/2015\/11\/2-300x23.png 300w\" sizes=\"auto, (max-width: 640px) 100vw, 640px\" \/><\/a><\/p>\n<p>Precios especiales para grupos: PAGAN 3 y ASISTEN 4<\/p>\n<p>P\u00daBLICO GENERAL: 225.000 CLP<\/p>\n<p><img loading=\"lazy\" decoding=\"async\" class=\"alignnone wp-image-9809 size-full\" src=\"http:\/\/colegioarquitectos.com\/noticias\/wp-content\/uploads\/2015\/11\/3.png\" alt=\"3\" width=\"640\" height=\"87\" srcset=\"https:\/\/colegioarquitectos.com\/noticias\/wp-content\/uploads\/2015\/11\/3.png 640w, https:\/\/colegioarquitectos.com\/noticias\/wp-content\/uploads\/2015\/11\/3-300x41.png 300w\" sizes=\"auto, (max-width: 640px) 100vw, 640px\" \/><\/p>\n<p><a href=\"http:\/\/www.noticiascdt.cl\/mailing\/formularios\/register.php?form=NDgw&amp;key=WjIxbGJHeGhRR05rZEM1amJBPT16c2UzRkhUdUZKMjc\"><img loading=\"lazy\" decoding=\"async\" class=\"alignnone wp-image-9810 size-full\" src=\"http:\/\/colegioarquitectos.com\/noticias\/wp-content\/uploads\/2015\/11\/5.png\" alt=\"5\" width=\"640\" height=\"50\" srcset=\"https:\/\/colegioarquitectos.com\/noticias\/wp-content\/uploads\/2015\/11\/5.png 640w, https:\/\/colegioarquitectos.com\/noticias\/wp-content\/uploads\/2015\/11\/5-300x23.png 300w\" sizes=\"auto, (max-width: 640px) 100vw, 640px\" \/><\/a><\/p>\n<p><img loading=\"lazy\" decoding=\"async\" class=\"alignnone wp-image-9811 size-full\" src=\"http:\/\/colegioarquitectos.com\/noticias\/wp-content\/uploads\/2015\/11\/6.png\" alt=\"6\" width=\"640\" height=\"314\" srcset=\"https:\/\/colegioarquitectos.com\/noticias\/wp-content\/uploads\/2015\/11\/6.png 640w, https:\/\/colegioarquitectos.com\/noticias\/wp-content\/uploads\/2015\/11\/6-300x147.png 300w\" sizes=\"auto, (max-width: 640px) 100vw, 640px\" \/><\/p>\n<p>Marchant Pereira 221 Of. 11 Providencia &#8211; Santiago Fono: (56 2) 2718 7500 Fax: (56 2) 2718 7503<\/p>\n<p><a href=\"https:\/\/twitter.com\/noticiasCDT\"><img loading=\"lazy\" decoding=\"async\" class=\"alignnone size-full wp-image-9815\" src=\"http:\/\/colegioarquitectos.com\/noticias\/wp-content\/uploads\/2015\/11\/Twitter.png\" alt=\"Twitter\" width=\"40\" height=\"40\" \/><\/a>\u00a0<a href=\"https:\/\/www.facebook.com\/CorporacionDesarrolloTecnologicocdt\"><img loading=\"lazy\" decoding=\"async\" class=\"alignnone size-full wp-image-9816\" src=\"http:\/\/colegioarquitectos.com\/noticias\/wp-content\/uploads\/2015\/11\/Twitter-copia.png\" alt=\"Twitter - copia\" width=\"41\" height=\"41\" \/><\/a>\u00a0<a href=\"https:\/\/www.youtube.com\/user\/VideosCDT\"><img loading=\"lazy\" decoding=\"async\" class=\"alignnone size-full wp-image-9817\" src=\"http:\/\/colegioarquitectos.com\/noticias\/wp-content\/uploads\/2015\/11\/Twitter-copia-copia.png\" alt=\"Twitter - copia - copia\" width=\"43\" height=\"41\" \/><\/a><\/p>\n<p><\/p>","protected":false},"excerpt":{"rendered":"<p>La Corporaci\u00f3n de Desarrollo Tecnol\u00f3gico (CDT) de la C\u00e1mara Chilena de la Construcci\u00f3n (CChC) y Comgrap tienen el agrado de invitarlo a participar del 2do Congreso Latinoamericano BIM Latam 2015. El evento tendr\u00e1 lugar en el Club Manquehue el 11 &hellip; <a class=\"more-link\" href=\"https:\/\/colegioarquitectos.com\/noticias\/?p=9805\">ver m\u00e1s<\/a><\/p>","protected":false},"author":4,"featured_media":9806,"comment_status":"open","ping_status":"open","sticky":false,"template":"","format":"standard","meta":{"footnotes":""},"categories":[19],"tags":[],"class_list":["post-9805","post","type-post","status-publish","format-standard","has-post-thumbnail","hentry","category-actividades"],"yoast_head":"<!-- This site is optimized with the Yoast SEO plugin v24.2 - https:\/\/yoast.com\/wordpress\/plugins\/seo\/ -->\n<title>11 y 12 de noviembre: 2do Congreso latinoamericano BIMLATAM - COLEGIO DE ARQUITECTOS DE CHILE<\/title>\n<meta name=\"robots\" content=\"index, follow, max-snippet:-1, max-image-preview:large, max-video-preview:-1\" \/>\n<link rel=\"canonical\" href=\"https:\/\/colegioarquitectos.com\/noticias\/?p=9805\" \/>\n<meta property=\"og:locale\" content=\"es_ES\" \/>\n<meta property=\"og:type\" content=\"article\" \/>\n<meta property=\"og:title\" content=\"11 y 12 de noviembre: 2do Congreso latinoamericano BIMLATAM - COLEGIO DE ARQUITECTOS DE CHILE\" \/>\n<meta property=\"og:description\" content=\"La Corporaci\u00f3n de Desarrollo Tecnol\u00f3gico (CDT) de la C\u00e1mara Chilena de la Construcci\u00f3n (CChC) y Comgrap tienen el agrado de invitarlo a participar del 2do Congreso Latinoamericano BIM Latam 2015. El evento tendr\u00e1 lugar en el Club Manquehue el 11 &hellip; ver m\u00e1s\" \/>\n<meta property=\"og:url\" content=\"https:\/\/colegioarquitectos.com\/noticias\/?p=9805\" \/>\n<meta property=\"og:site_name\" content=\"COLEGIO DE ARQUITECTOS DE CHILE\" \/>\n<meta property=\"article:publisher\" content=\"https:\/\/facebook.com\/Colegioarq\/\" \/>\n<meta property=\"article:published_time\" content=\"2015-11-02T15:14:33+00:00\" \/>\n<meta property=\"article:modified_time\" content=\"2015-11-02T15:27:39+00:00\" \/>\n<meta property=\"og:image\" content=\"https:\/\/colegioarquitectos.com\/noticias\/wp-content\/uploads\/2015\/11\/Portada.jpg\" \/>\n\t<meta property=\"og:image:width\" content=\"690\" \/>\n\t<meta property=\"og:image:height\" content=\"350\" \/>\n\t<meta property=\"og:image:type\" content=\"image\/jpeg\" \/>\n<meta name=\"author\" content=\"Colegio de Arquitectos de Chile\" \/>\n<meta name=\"twitter:card\" content=\"summary_large_image\" \/>\n<meta name=\"twitter:creator\" content=\"@colegioarq\" \/>\n<meta name=\"twitter:site\" content=\"@colegioarq\" \/>\n<meta name=\"twitter:label1\" content=\"Escrito por\" \/>\n\t<meta name=\"twitter:data1\" content=\"Colegio de Arquitectos de Chile\" \/>\n<script type=\"application\/ld+json\" class=\"yoast-schema-graph\">{\"@context\":\"https:\/\/schema.org\",\"@graph\":[{\"@type\":\"Article\",\"@id\":\"https:\/\/colegioarquitectos.com\/noticias\/?p=9805#article\",\"isPartOf\":{\"@id\":\"https:\/\/colegioarquitectos.com\/noticias\/?p=9805\"},\"author\":{\"name\":\"Colegio de Arquitectos de Chile\",\"@id\":\"https:\/\/colegioarquitectos.com\/noticias\/#\/schema\/person\/685cc0aad148303c5608f049af8285ad\"},\"headline\":\"11 y 12 de noviembre: 2do Congreso latinoamericano BIMLATAM\",\"datePublished\":\"2015-11-02T15:14:33+00:00\",\"dateModified\":\"2015-11-02T15:27:39+00:00\",\"mainEntityOfPage\":{\"@id\":\"https:\/\/colegioarquitectos.com\/noticias\/?p=9805\"},\"wordCount\":72,\"commentCount\":0,\"publisher\":{\"@id\":\"https:\/\/colegioarquitectos.com\/noticias\/#organization\"},\"image\":{\"@id\":\"https:\/\/colegioarquitectos.com\/noticias\/?p=9805#primaryimage\"},\"thumbnailUrl\":\"https:\/\/colegioarquitectos.com\/noticias\/wp-content\/uploads\/2015\/11\/Portada.jpg\",\"articleSection\":[\"Actividades\"],\"inLanguage\":\"es\",\"potentialAction\":[{\"@type\":\"CommentAction\",\"name\":\"Comment\",\"target\":[\"https:\/\/colegioarquitectos.com\/noticias\/?p=9805#respond\"]}]},{\"@type\":\"WebPage\",\"@id\":\"https:\/\/colegioarquitectos.com\/noticias\/?p=9805\",\"url\":\"https:\/\/colegioarquitectos.com\/noticias\/?p=9805\",\"name\":\"11 y 12 de noviembre: 2do Congreso latinoamericano BIMLATAM - COLEGIO DE ARQUITECTOS DE CHILE\",\"isPartOf\":{\"@id\":\"https:\/\/colegioarquitectos.com\/noticias\/#website\"},\"primaryImageOfPage\":{\"@id\":\"https:\/\/colegioarquitectos.com\/noticias\/?p=9805#primaryimage\"},\"image\":{\"@id\":\"https:\/\/colegioarquitectos.com\/noticias\/?p=9805#primaryimage\"},\"thumbnailUrl\":\"https:\/\/colegioarquitectos.com\/noticias\/wp-content\/uploads\/2015\/11\/Portada.jpg\",\"datePublished\":\"2015-11-02T15:14:33+00:00\",\"dateModified\":\"2015-11-02T15:27:39+00:00\",\"breadcrumb\":{\"@id\":\"https:\/\/colegioarquitectos.com\/noticias\/?p=9805#breadcrumb\"},\"inLanguage\":\"es\",\"potentialAction\":[{\"@type\":\"ReadAction\",\"target\":[\"https:\/\/colegioarquitectos.com\/noticias\/?p=9805\"]}]},{\"@type\":\"ImageObject\",\"inLanguage\":\"es\",\"@id\":\"https:\/\/colegioarquitectos.com\/noticias\/?p=9805#primaryimage\",\"url\":\"https:\/\/colegioarquitectos.com\/noticias\/wp-content\/uploads\/2015\/11\/Portada.jpg\",\"contentUrl\":\"https:\/\/colegioarquitectos.com\/noticias\/wp-content\/uploads\/2015\/11\/Portada.jpg\",\"width\":690,\"height\":350},{\"@type\":\"BreadcrumbList\",\"@id\":\"https:\/\/colegioarquitectos.com\/noticias\/?p=9805#breadcrumb\",\"itemListElement\":[{\"@type\":\"ListItem\",\"position\":1,\"name\":\"Portada\",\"item\":\"https:\/\/colegioarquitectos.com\/noticias\"},{\"@type\":\"ListItem\",\"position\":2,\"name\":\"11 y 12 de noviembre: 2do Congreso latinoamericano BIMLATAM\"}]},{\"@type\":\"WebSite\",\"@id\":\"https:\/\/colegioarquitectos.com\/noticias\/#website\",\"url\":\"https:\/\/colegioarquitectos.com\/noticias\/\",\"name\":\"COLEGIO DE ARQUITECTOS DE CHILE\",\"description\":\"\",\"publisher\":{\"@id\":\"https:\/\/colegioarquitectos.com\/noticias\/#organization\"},\"potentialAction\":[{\"@type\":\"SearchAction\",\"target\":{\"@type\":\"EntryPoint\",\"urlTemplate\":\"https:\/\/colegioarquitectos.com\/noticias\/?s={search_term_string}\"},\"query-input\":{\"@type\":\"PropertyValueSpecification\",\"valueRequired\":true,\"valueName\":\"search_term_string\"}}],\"inLanguage\":\"es\"},{\"@type\":\"Organization\",\"@id\":\"https:\/\/colegioarquitectos.com\/noticias\/#organization\",\"name\":\"COLEGIO DE ARQUITECTOS DE CHILE\",\"url\":\"https:\/\/colegioarquitectos.com\/noticias\/\",\"logo\":{\"@type\":\"ImageObject\",\"inLanguage\":\"es\",\"@id\":\"https:\/\/colegioarquitectos.com\/noticias\/#\/schema\/logo\/image\/\",\"url\":\"https:\/\/colegioarquitectos.com\/noticias\/wp-content\/uploads\/2021\/05\/ENCABEZADO-LOGO-CA.jpg\",\"contentUrl\":\"https:\/\/colegioarquitectos.com\/noticias\/wp-content\/uploads\/2021\/05\/ENCABEZADO-LOGO-CA.jpg\",\"width\":690,\"height\":350,\"caption\":\"COLEGIO DE ARQUITECTOS DE CHILE\"},\"image\":{\"@id\":\"https:\/\/colegioarquitectos.com\/noticias\/#\/schema\/logo\/image\/\"},\"sameAs\":[\"https:\/\/facebook.com\/Colegioarq\/\",\"https:\/\/x.com\/colegioarq\",\"https:\/\/instagram.com\/colegioarq\",\"https:\/\/youtube.com\/@ColegiodeArquitectosdeChile\"]},{\"@type\":\"Person\",\"@id\":\"https:\/\/colegioarquitectos.com\/noticias\/#\/schema\/person\/685cc0aad148303c5608f049af8285ad\",\"name\":\"Colegio de Arquitectos de Chile\",\"url\":\"https:\/\/colegioarquitectos.com\/noticias\/?author=4\"}]}<\/script>\n<!-- \/ Yoast SEO plugin. -->","yoast_head_json":{"title":"11 y 12 de noviembre: 2do Congreso latinoamericano BIMLATAM - COLEGIO DE ARQUITECTOS DE CHILE","robots":{"index":"index","follow":"follow","max-snippet":"max-snippet:-1","max-image-preview":"max-image-preview:large","max-video-preview":"max-video-preview:-1"},"canonical":"https:\/\/colegioarquitectos.com\/noticias\/?p=9805","og_locale":"es_ES","og_type":"article","og_title":"11 y 12 de noviembre: 2do Congreso latinoamericano BIMLATAM - COLEGIO DE ARQUITECTOS DE CHILE","og_description":"La Corporaci\u00f3n de Desarrollo Tecnol\u00f3gico (CDT) de la C\u00e1mara Chilena de la Construcci\u00f3n (CChC) y Comgrap tienen el agrado de invitarlo a participar del 2do Congreso Latinoamericano BIM Latam 2015. El evento tendr\u00e1 lugar en el Club Manquehue el 11 &hellip; ver m\u00e1s","og_url":"https:\/\/colegioarquitectos.com\/noticias\/?p=9805","og_site_name":"COLEGIO DE ARQUITECTOS DE CHILE","article_publisher":"https:\/\/facebook.com\/Colegioarq\/","article_published_time":"2015-11-02T15:14:33+00:00","article_modified_time":"2015-11-02T15:27:39+00:00","og_image":[{"width":690,"height":350,"url":"https:\/\/colegioarquitectos.com\/noticias\/wp-content\/uploads\/2015\/11\/Portada.jpg","type":"image\/jpeg"}],"author":"Colegio de Arquitectos de Chile","twitter_card":"summary_large_image","twitter_creator":"@colegioarq","twitter_site":"@colegioarq","twitter_misc":{"Escrito por":"Colegio de Arquitectos de Chile"},"schema":{"@context":"https:\/\/schema.org","@graph":[{"@type":"Article","@id":"https:\/\/colegioarquitectos.com\/noticias\/?p=9805#article","isPartOf":{"@id":"https:\/\/colegioarquitectos.com\/noticias\/?p=9805"},"author":{"name":"Colegio de Arquitectos de Chile","@id":"https:\/\/colegioarquitectos.com\/noticias\/#\/schema\/person\/685cc0aad148303c5608f049af8285ad"},"headline":"11 y 12 de noviembre: 2do Congreso latinoamericano BIMLATAM","datePublished":"2015-11-02T15:14:33+00:00","dateModified":"2015-11-02T15:27:39+00:00","mainEntityOfPage":{"@id":"https:\/\/colegioarquitectos.com\/noticias\/?p=9805"},"wordCount":72,"commentCount":0,"publisher":{"@id":"https:\/\/colegioarquitectos.com\/noticias\/#organization"},"image":{"@id":"https:\/\/colegioarquitectos.com\/noticias\/?p=9805#primaryimage"},"thumbnailUrl":"https:\/\/colegioarquitectos.com\/noticias\/wp-content\/uploads\/2015\/11\/Portada.jpg","articleSection":["Actividades"],"inLanguage":"es","potentialAction":[{"@type":"CommentAction","name":"Comment","target":["https:\/\/colegioarquitectos.com\/noticias\/?p=9805#respond"]}]},{"@type":"WebPage","@id":"https:\/\/colegioarquitectos.com\/noticias\/?p=9805","url":"https:\/\/colegioarquitectos.com\/noticias\/?p=9805","name":"11 y 12 de noviembre: 2do Congreso latinoamericano BIMLATAM - COLEGIO DE ARQUITECTOS DE CHILE","isPartOf":{"@id":"https:\/\/colegioarquitectos.com\/noticias\/#website"},"primaryImageOfPage":{"@id":"https:\/\/colegioarquitectos.com\/noticias\/?p=9805#primaryimage"},"image":{"@id":"https:\/\/colegioarquitectos.com\/noticias\/?p=9805#primaryimage"},"thumbnailUrl":"https:\/\/colegioarquitectos.com\/noticias\/wp-content\/uploads\/2015\/11\/Portada.jpg","datePublished":"2015-11-02T15:14:33+00:00","dateModified":"2015-11-02T15:27:39+00:00","breadcrumb":{"@id":"https:\/\/colegioarquitectos.com\/noticias\/?p=9805#breadcrumb"},"inLanguage":"es","potentialAction":[{"@type":"ReadAction","target":["https:\/\/colegioarquitectos.com\/noticias\/?p=9805"]}]},{"@type":"ImageObject","inLanguage":"es","@id":"https:\/\/colegioarquitectos.com\/noticias\/?p=9805#primaryimage","url":"https:\/\/colegioarquitectos.com\/noticias\/wp-content\/uploads\/2015\/11\/Portada.jpg","contentUrl":"https:\/\/colegioarquitectos.com\/noticias\/wp-content\/uploads\/2015\/11\/Portada.jpg","width":690,"height":350},{"@type":"BreadcrumbList","@id":"https:\/\/colegioarquitectos.com\/noticias\/?p=9805#breadcrumb","itemListElement":[{"@type":"ListItem","position":1,"name":"Portada","item":"https:\/\/colegioarquitectos.com\/noticias"},{"@type":"ListItem","position":2,"name":"11 y 12 de noviembre: 2do Congreso latinoamericano BIMLATAM"}]},{"@type":"WebSite","@id":"https:\/\/colegioarquitectos.com\/noticias\/#website","url":"https:\/\/colegioarquitectos.com\/noticias\/","name":"COLEGIO DE ARQUITECTOS DE CHILE","description":"","publisher":{"@id":"https:\/\/colegioarquitectos.com\/noticias\/#organization"},"potentialAction":[{"@type":"SearchAction","target":{"@type":"EntryPoint","urlTemplate":"https:\/\/colegioarquitectos.com\/noticias\/?s={search_term_string}"},"query-input":{"@type":"PropertyValueSpecification","valueRequired":true,"valueName":"search_term_string"}}],"inLanguage":"es"},{"@type":"Organization","@id":"https:\/\/colegioarquitectos.com\/noticias\/#organization","name":"COLEGIO DE ARQUITECTOS DE CHILE","url":"https:\/\/colegioarquitectos.com\/noticias\/","logo":{"@type":"ImageObject","inLanguage":"es","@id":"https:\/\/colegioarquitectos.com\/noticias\/#\/schema\/logo\/image\/","url":"https:\/\/colegioarquitectos.com\/noticias\/wp-content\/uploads\/2021\/05\/ENCABEZADO-LOGO-CA.jpg","contentUrl":"https:\/\/colegioarquitectos.com\/noticias\/wp-content\/uploads\/2021\/05\/ENCABEZADO-LOGO-CA.jpg","width":690,"height":350,"caption":"COLEGIO DE ARQUITECTOS DE CHILE"},"image":{"@id":"https:\/\/colegioarquitectos.com\/noticias\/#\/schema\/logo\/image\/"},"sameAs":["https:\/\/facebook.com\/Colegioarq\/","https:\/\/x.com\/colegioarq","https:\/\/instagram.com\/colegioarq","https:\/\/youtube.com\/@ColegiodeArquitectosdeChile"]},{"@type":"Person","@id":"https:\/\/colegioarquitectos.com\/noticias\/#\/schema\/person\/685cc0aad148303c5608f049af8285ad","name":"Colegio de Arquitectos de Chile","url":"https:\/\/colegioarquitectos.com\/noticias\/?author=4"}]}},"_links":{"self":[{"href":"https:\/\/colegioarquitectos.com\/noticias\/index.php?rest_route=\/wp\/v2\/posts\/9805","targetHints":{"allow":["GET"]}}],"collection":[{"href":"https:\/\/colegioarquitectos.com\/noticias\/index.php?rest_route=\/wp\/v2\/posts"}],"about":[{"href":"https:\/\/colegioarquitectos.com\/noticias\/index.php?rest_route=\/wp\/v2\/types\/post"}],"author":[{"embeddable":true,"href":"https:\/\/colegioarquitectos.com\/noticias\/index.php?rest_route=\/wp\/v2\/users\/4"}],"replies":[{"embeddable":true,"href":"https:\/\/colegioarquitectos.com\/noticias\/index.php?rest_route=%2Fwp%2Fv2%2Fcomments&post=9805"}],"version-history":[{"count":0,"href":"https:\/\/colegioarquitectos.com\/noticias\/index.php?rest_route=\/wp\/v2\/posts\/9805\/revisions"}],"wp:featuredmedia":[{"embeddable":true,"href":"https:\/\/colegioarquitectos.com\/noticias\/index.php?rest_route=\/wp\/v2\/media\/9806"}],"wp:attachment":[{"href":"https:\/\/colegioarquitectos.com\/noticias\/index.php?rest_route=%2Fwp%2Fv2%2Fmedia&parent=9805"}],"wp:term":[{"taxonomy":"category","embeddable":true,"href":"https:\/\/colegioarquitectos.com\/noticias\/index.php?rest_route=%2Fwp%2Fv2%2Fcategories&post=9805"},{"taxonomy":"post_tag","embeddable":true,"href":"https:\/\/colegioarquitectos.com\/noticias\/index.php?rest_route=%2Fwp%2Fv2%2Ftags&post=9805"}],"curies":[{"name":"wp","href":"https:\/\/api.w.org\/{rel}","templated":true}]}}