
{"id":9847,"date":"2015-11-03T14:18:36","date_gmt":"2015-11-03T14:18:36","guid":{"rendered":"http:\/\/colegioarquitectos.com\/?p=9847"},"modified":"2015-11-18T19:17:33","modified_gmt":"2015-11-18T19:17:33","slug":"defuncion-arq-leon-rodriguez-valdes","status":"publish","type":"post","link":"https:\/\/colegioarquitectos.com\/noticias\/?p=9847","title":{"rendered":"Defunci\u00f3n: Arq. Le\u00f3n Rodriguez Vald\u00e9s"},"content":{"rendered":"<p>Comunicamos el sensible fallecimiento del Arquitecto Le\u00f3n Rodr\u00edguez Vald\u00e9s, Miembro de Honor de la Instituci\u00f3n, que se desempe\u00f1\u00f3 como Director Nacional y Vicepresidente del Colegio de Arquitectos de Chile.<\/p>\n<p>Sus funerales se realizaron el martes 3 de noviembre de 2015 en el Cementerio General, despu\u00e9s de una misa en la Parroquia de la Anunciaci\u00f3n (Av. Pedro de Valdivia 1850, Providencia).<\/p>\n<p>Le\u00f3n Rodr\u00edguez naci\u00f3 el 31 diciembre de 1929, hizo sus estudios escolares\u00a0en The Grange School y de arquitectura entre los a\u00f1os 1947-1953.\u00a0Fue profesor de Taller en la Pontificia Universidad Cat\u00f3lica durante los a\u00f1os 60 y \u00a0entre 1972 y 1989 trabaj\u00f3 en la Sociedad de Establecimientos Educacionales, luego en la Ilustre\u00a0Municipalidad de Providencia y la Universidad Finis Terrae.<\/p>\n<p>Entre sus obras destaca el Monasterio Benedictino en Santiago (1953), proyecto que gan\u00f3 con al Arq. Jaime Bellalta.<\/p>\n<p>Junto a los arquitectos Juan Benavides y Rodrigo M\u00e1rquez de la Plata public\u00f3 el libro \u00abArquitectura del Altiplano, caser\u00edos y villorrios arique\u00f1os\u00bb, y con Mario P\u00e9rez de Arce Lavin edit\u00f3 \u00abLa permanencia de la Arquitectura moderna en Chile\u00bb.<\/p>\n<p>\u00abDon Le\u00f3n fue un docente\u00a0de gran carisma que hac\u00eda pensar con la croquera y con palabras en l\u00e1piz y papel. Una gran persona, profesor y arquitecto. Su sencillez y sabidur\u00eda marco profundamente a varios\u00a0 que tuvimos la suerte de ser sus alumnos en la Escuela de Arquitectura de la Universidad Finis Terrae, y luego ayudante de Taller en mi caso. La austeridad sofisticada de sus escritos, su profundo compromiso espiritual con la arquitectura, su tono sabio y pausado en sus clases, ser\u00e1n virtudes y valores que recordaremos por siempre e intentaremos transmitir como profesores. Adi\u00f3s Maestro, a usted toda mi admiraci\u00f3n y eterna gratitud\u201d, se\u00f1al\u00f3 Diego Garc\u00eda de la Huerta, ex alumno y docente de la Finis Terrae.<\/p>\n<p>\u00abEra un hombre fuera de serie, \u00edntegro y profundamente cristiano. Tuvo 3 hijos y tres hijas. Era muy querido, lo que se reflej\u00f3 en su concurrido funeral\u00bb, agrega el arquitecto Mart\u00edn Correa, hermano Benedictino.<\/p>\n<p><\/p>","protected":false},"excerpt":{"rendered":"<p>Comunicamos el sensible fallecimiento del Arquitecto Le\u00f3n Rodr\u00edguez Vald\u00e9s, Miembro de Honor de la Instituci\u00f3n, que se desempe\u00f1\u00f3 como Director Nacional y Vicepresidente del Colegio de Arquitectos de Chile. Sus funerales se realizaron el martes 3 de noviembre de 2015 &hellip; <a class=\"more-link\" href=\"https:\/\/colegioarquitectos.com\/noticias\/?p=9847\">ver m\u00e1s<\/a><\/p>","protected":false},"author":4,"featured_media":9775,"comment_status":"open","ping_status":"open","sticky":false,"template":"","format":"standard","meta":{"footnotes":""},"categories":[8],"tags":[],"class_list":["post-9847","post","type-post","status-publish","format-standard","has-post-thumbnail","hentry","category-colegio-de-arquitectos"],"yoast_head":"<!-- This site is optimized with the Yoast SEO plugin v24.2 - https:\/\/yoast.com\/wordpress\/plugins\/seo\/ -->\n<title>Defunci\u00f3n: Arq. Le\u00f3n Rodriguez Vald\u00e9s - COLEGIO DE ARQUITECTOS DE CHILE<\/title>\n<meta name=\"robots\" content=\"index, follow, max-snippet:-1, max-image-preview:large, max-video-preview:-1\" \/>\n<link rel=\"canonical\" href=\"https:\/\/colegioarquitectos.com\/noticias\/?p=9847\" \/>\n<meta property=\"og:locale\" content=\"es_ES\" \/>\n<meta property=\"og:type\" content=\"article\" \/>\n<meta property=\"og:title\" content=\"Defunci\u00f3n: Arq. Le\u00f3n Rodriguez Vald\u00e9s - COLEGIO DE ARQUITECTOS DE CHILE\" \/>\n<meta property=\"og:description\" content=\"Comunicamos el sensible fallecimiento del Arquitecto Le\u00f3n Rodr\u00edguez Vald\u00e9s, Miembro de Honor de la Instituci\u00f3n, que se desempe\u00f1\u00f3 como Director Nacional y Vicepresidente del Colegio de Arquitectos de Chile. Sus funerales se realizaron el martes 3 de noviembre de 2015 &hellip; ver m\u00e1s\" \/>\n<meta property=\"og:url\" content=\"https:\/\/colegioarquitectos.com\/noticias\/?p=9847\" \/>\n<meta property=\"og:site_name\" content=\"COLEGIO DE ARQUITECTOS DE CHILE\" \/>\n<meta property=\"article:publisher\" content=\"https:\/\/facebook.com\/Colegioarq\/\" \/>\n<meta property=\"article:published_time\" content=\"2015-11-03T14:18:36+00:00\" \/>\n<meta property=\"article:modified_time\" content=\"2015-11-18T19:17:33+00:00\" \/>\n<meta property=\"og:image\" content=\"https:\/\/colegioarquitectos.com\/noticias\/wp-content\/uploads\/2015\/10\/Logo-CA-web1.jpg\" \/>\n\t<meta property=\"og:image:width\" content=\"690\" \/>\n\t<meta property=\"og:image:height\" content=\"320\" \/>\n\t<meta property=\"og:image:type\" content=\"image\/jpeg\" \/>\n<meta name=\"author\" content=\"Colegio de Arquitectos de Chile\" \/>\n<meta name=\"twitter:card\" content=\"summary_large_image\" \/>\n<meta name=\"twitter:creator\" content=\"@colegioarq\" \/>\n<meta name=\"twitter:site\" content=\"@colegioarq\" \/>\n<meta name=\"twitter:label1\" content=\"Escrito por\" \/>\n\t<meta name=\"twitter:data1\" content=\"Colegio de Arquitectos de Chile\" \/>\n\t<meta name=\"twitter:label2\" content=\"Tiempo de lectura\" \/>\n\t<meta name=\"twitter:data2\" content=\"2 minutos\" \/>\n<script type=\"application\/ld+json\" class=\"yoast-schema-graph\">{\"@context\":\"https:\/\/schema.org\",\"@graph\":[{\"@type\":\"Article\",\"@id\":\"https:\/\/colegioarquitectos.com\/noticias\/?p=9847#article\",\"isPartOf\":{\"@id\":\"https:\/\/colegioarquitectos.com\/noticias\/?p=9847\"},\"author\":{\"name\":\"Colegio de Arquitectos de Chile\",\"@id\":\"https:\/\/colegioarquitectos.com\/noticias\/#\/schema\/person\/685cc0aad148303c5608f049af8285ad\"},\"headline\":\"Defunci\u00f3n: Arq. Le\u00f3n Rodriguez Vald\u00e9s\",\"datePublished\":\"2015-11-03T14:18:36+00:00\",\"dateModified\":\"2015-11-18T19:17:33+00:00\",\"mainEntityOfPage\":{\"@id\":\"https:\/\/colegioarquitectos.com\/noticias\/?p=9847\"},\"wordCount\":352,\"commentCount\":3,\"publisher\":{\"@id\":\"https:\/\/colegioarquitectos.com\/noticias\/#organization\"},\"image\":{\"@id\":\"https:\/\/colegioarquitectos.com\/noticias\/?p=9847#primaryimage\"},\"thumbnailUrl\":\"https:\/\/colegioarquitectos.com\/noticias\/wp-content\/uploads\/2015\/10\/Logo-CA-web1.jpg\",\"articleSection\":[\"Colegio\"],\"inLanguage\":\"es\",\"potentialAction\":[{\"@type\":\"CommentAction\",\"name\":\"Comment\",\"target\":[\"https:\/\/colegioarquitectos.com\/noticias\/?p=9847#respond\"]}]},{\"@type\":\"WebPage\",\"@id\":\"https:\/\/colegioarquitectos.com\/noticias\/?p=9847\",\"url\":\"https:\/\/colegioarquitectos.com\/noticias\/?p=9847\",\"name\":\"Defunci\u00f3n: Arq. Le\u00f3n Rodriguez Vald\u00e9s - COLEGIO DE ARQUITECTOS DE CHILE\",\"isPartOf\":{\"@id\":\"https:\/\/colegioarquitectos.com\/noticias\/#website\"},\"primaryImageOfPage\":{\"@id\":\"https:\/\/colegioarquitectos.com\/noticias\/?p=9847#primaryimage\"},\"image\":{\"@id\":\"https:\/\/colegioarquitectos.com\/noticias\/?p=9847#primaryimage\"},\"thumbnailUrl\":\"https:\/\/colegioarquitectos.com\/noticias\/wp-content\/uploads\/2015\/10\/Logo-CA-web1.jpg\",\"datePublished\":\"2015-11-03T14:18:36+00:00\",\"dateModified\":\"2015-11-18T19:17:33+00:00\",\"breadcrumb\":{\"@id\":\"https:\/\/colegioarquitectos.com\/noticias\/?p=9847#breadcrumb\"},\"inLanguage\":\"es\",\"potentialAction\":[{\"@type\":\"ReadAction\",\"target\":[\"https:\/\/colegioarquitectos.com\/noticias\/?p=9847\"]}]},{\"@type\":\"ImageObject\",\"inLanguage\":\"es\",\"@id\":\"https:\/\/colegioarquitectos.com\/noticias\/?p=9847#primaryimage\",\"url\":\"https:\/\/colegioarquitectos.com\/noticias\/wp-content\/uploads\/2015\/10\/Logo-CA-web1.jpg\",\"contentUrl\":\"https:\/\/colegioarquitectos.com\/noticias\/wp-content\/uploads\/2015\/10\/Logo-CA-web1.jpg\",\"width\":690,\"height\":320},{\"@type\":\"BreadcrumbList\",\"@id\":\"https:\/\/colegioarquitectos.com\/noticias\/?p=9847#breadcrumb\",\"itemListElement\":[{\"@type\":\"ListItem\",\"position\":1,\"name\":\"Portada\",\"item\":\"https:\/\/colegioarquitectos.com\/noticias\"},{\"@type\":\"ListItem\",\"position\":2,\"name\":\"Defunci\u00f3n: Arq. Le\u00f3n Rodriguez Vald\u00e9s\"}]},{\"@type\":\"WebSite\",\"@id\":\"https:\/\/colegioarquitectos.com\/noticias\/#website\",\"url\":\"https:\/\/colegioarquitectos.com\/noticias\/\",\"name\":\"COLEGIO DE ARQUITECTOS DE CHILE\",\"description\":\"\",\"publisher\":{\"@id\":\"https:\/\/colegioarquitectos.com\/noticias\/#organization\"},\"potentialAction\":[{\"@type\":\"SearchAction\",\"target\":{\"@type\":\"EntryPoint\",\"urlTemplate\":\"https:\/\/colegioarquitectos.com\/noticias\/?s={search_term_string}\"},\"query-input\":{\"@type\":\"PropertyValueSpecification\",\"valueRequired\":true,\"valueName\":\"search_term_string\"}}],\"inLanguage\":\"es\"},{\"@type\":\"Organization\",\"@id\":\"https:\/\/colegioarquitectos.com\/noticias\/#organization\",\"name\":\"COLEGIO DE ARQUITECTOS DE CHILE\",\"url\":\"https:\/\/colegioarquitectos.com\/noticias\/\",\"logo\":{\"@type\":\"ImageObject\",\"inLanguage\":\"es\",\"@id\":\"https:\/\/colegioarquitectos.com\/noticias\/#\/schema\/logo\/image\/\",\"url\":\"https:\/\/colegioarquitectos.com\/noticias\/wp-content\/uploads\/2021\/05\/ENCABEZADO-LOGO-CA.jpg\",\"contentUrl\":\"https:\/\/colegioarquitectos.com\/noticias\/wp-content\/uploads\/2021\/05\/ENCABEZADO-LOGO-CA.jpg\",\"width\":690,\"height\":350,\"caption\":\"COLEGIO DE ARQUITECTOS DE CHILE\"},\"image\":{\"@id\":\"https:\/\/colegioarquitectos.com\/noticias\/#\/schema\/logo\/image\/\"},\"sameAs\":[\"https:\/\/facebook.com\/Colegioarq\/\",\"https:\/\/x.com\/colegioarq\",\"https:\/\/instagram.com\/colegioarq\",\"https:\/\/youtube.com\/@ColegiodeArquitectosdeChile\"]},{\"@type\":\"Person\",\"@id\":\"https:\/\/colegioarquitectos.com\/noticias\/#\/schema\/person\/685cc0aad148303c5608f049af8285ad\",\"name\":\"Colegio de Arquitectos de Chile\",\"url\":\"https:\/\/colegioarquitectos.com\/noticias\/?author=4\"}]}<\/script>\n<!-- \/ Yoast SEO plugin. -->","yoast_head_json":{"title":"Defunci\u00f3n: Arq. Le\u00f3n Rodriguez Vald\u00e9s - COLEGIO DE ARQUITECTOS DE CHILE","robots":{"index":"index","follow":"follow","max-snippet":"max-snippet:-1","max-image-preview":"max-image-preview:large","max-video-preview":"max-video-preview:-1"},"canonical":"https:\/\/colegioarquitectos.com\/noticias\/?p=9847","og_locale":"es_ES","og_type":"article","og_title":"Defunci\u00f3n: Arq. Le\u00f3n Rodriguez Vald\u00e9s - COLEGIO DE ARQUITECTOS DE CHILE","og_description":"Comunicamos el sensible fallecimiento del Arquitecto Le\u00f3n Rodr\u00edguez Vald\u00e9s, Miembro de Honor de la Instituci\u00f3n, que se desempe\u00f1\u00f3 como Director Nacional y Vicepresidente del Colegio de Arquitectos de Chile. Sus funerales se realizaron el martes 3 de noviembre de 2015 &hellip; ver m\u00e1s","og_url":"https:\/\/colegioarquitectos.com\/noticias\/?p=9847","og_site_name":"COLEGIO DE ARQUITECTOS DE CHILE","article_publisher":"https:\/\/facebook.com\/Colegioarq\/","article_published_time":"2015-11-03T14:18:36+00:00","article_modified_time":"2015-11-18T19:17:33+00:00","og_image":[{"width":690,"height":320,"url":"https:\/\/colegioarquitectos.com\/noticias\/wp-content\/uploads\/2015\/10\/Logo-CA-web1.jpg","type":"image\/jpeg"}],"author":"Colegio de Arquitectos de Chile","twitter_card":"summary_large_image","twitter_creator":"@colegioarq","twitter_site":"@colegioarq","twitter_misc":{"Escrito por":"Colegio de Arquitectos de Chile","Tiempo de lectura":"2 minutos"},"schema":{"@context":"https:\/\/schema.org","@graph":[{"@type":"Article","@id":"https:\/\/colegioarquitectos.com\/noticias\/?p=9847#article","isPartOf":{"@id":"https:\/\/colegioarquitectos.com\/noticias\/?p=9847"},"author":{"name":"Colegio de Arquitectos de Chile","@id":"https:\/\/colegioarquitectos.com\/noticias\/#\/schema\/person\/685cc0aad148303c5608f049af8285ad"},"headline":"Defunci\u00f3n: Arq. Le\u00f3n Rodriguez Vald\u00e9s","datePublished":"2015-11-03T14:18:36+00:00","dateModified":"2015-11-18T19:17:33+00:00","mainEntityOfPage":{"@id":"https:\/\/colegioarquitectos.com\/noticias\/?p=9847"},"wordCount":352,"commentCount":3,"publisher":{"@id":"https:\/\/colegioarquitectos.com\/noticias\/#organization"},"image":{"@id":"https:\/\/colegioarquitectos.com\/noticias\/?p=9847#primaryimage"},"thumbnailUrl":"https:\/\/colegioarquitectos.com\/noticias\/wp-content\/uploads\/2015\/10\/Logo-CA-web1.jpg","articleSection":["Colegio"],"inLanguage":"es","potentialAction":[{"@type":"CommentAction","name":"Comment","target":["https:\/\/colegioarquitectos.com\/noticias\/?p=9847#respond"]}]},{"@type":"WebPage","@id":"https:\/\/colegioarquitectos.com\/noticias\/?p=9847","url":"https:\/\/colegioarquitectos.com\/noticias\/?p=9847","name":"Defunci\u00f3n: Arq. Le\u00f3n Rodriguez Vald\u00e9s - COLEGIO DE ARQUITECTOS DE CHILE","isPartOf":{"@id":"https:\/\/colegioarquitectos.com\/noticias\/#website"},"primaryImageOfPage":{"@id":"https:\/\/colegioarquitectos.com\/noticias\/?p=9847#primaryimage"},"image":{"@id":"https:\/\/colegioarquitectos.com\/noticias\/?p=9847#primaryimage"},"thumbnailUrl":"https:\/\/colegioarquitectos.com\/noticias\/wp-content\/uploads\/2015\/10\/Logo-CA-web1.jpg","datePublished":"2015-11-03T14:18:36+00:00","dateModified":"2015-11-18T19:17:33+00:00","breadcrumb":{"@id":"https:\/\/colegioarquitectos.com\/noticias\/?p=9847#breadcrumb"},"inLanguage":"es","potentialAction":[{"@type":"ReadAction","target":["https:\/\/colegioarquitectos.com\/noticias\/?p=9847"]}]},{"@type":"ImageObject","inLanguage":"es","@id":"https:\/\/colegioarquitectos.com\/noticias\/?p=9847#primaryimage","url":"https:\/\/colegioarquitectos.com\/noticias\/wp-content\/uploads\/2015\/10\/Logo-CA-web1.jpg","contentUrl":"https:\/\/colegioarquitectos.com\/noticias\/wp-content\/uploads\/2015\/10\/Logo-CA-web1.jpg","width":690,"height":320},{"@type":"BreadcrumbList","@id":"https:\/\/colegioarquitectos.com\/noticias\/?p=9847#breadcrumb","itemListElement":[{"@type":"ListItem","position":1,"name":"Portada","item":"https:\/\/colegioarquitectos.com\/noticias"},{"@type":"ListItem","position":2,"name":"Defunci\u00f3n: Arq. Le\u00f3n Rodriguez Vald\u00e9s"}]},{"@type":"WebSite","@id":"https:\/\/colegioarquitectos.com\/noticias\/#website","url":"https:\/\/colegioarquitectos.com\/noticias\/","name":"COLEGIO DE ARQUITECTOS DE CHILE","description":"","publisher":{"@id":"https:\/\/colegioarquitectos.com\/noticias\/#organization"},"potentialAction":[{"@type":"SearchAction","target":{"@type":"EntryPoint","urlTemplate":"https:\/\/colegioarquitectos.com\/noticias\/?s={search_term_string}"},"query-input":{"@type":"PropertyValueSpecification","valueRequired":true,"valueName":"search_term_string"}}],"inLanguage":"es"},{"@type":"Organization","@id":"https:\/\/colegioarquitectos.com\/noticias\/#organization","name":"COLEGIO DE ARQUITECTOS DE CHILE","url":"https:\/\/colegioarquitectos.com\/noticias\/","logo":{"@type":"ImageObject","inLanguage":"es","@id":"https:\/\/colegioarquitectos.com\/noticias\/#\/schema\/logo\/image\/","url":"https:\/\/colegioarquitectos.com\/noticias\/wp-content\/uploads\/2021\/05\/ENCABEZADO-LOGO-CA.jpg","contentUrl":"https:\/\/colegioarquitectos.com\/noticias\/wp-content\/uploads\/2021\/05\/ENCABEZADO-LOGO-CA.jpg","width":690,"height":350,"caption":"COLEGIO DE ARQUITECTOS DE CHILE"},"image":{"@id":"https:\/\/colegioarquitectos.com\/noticias\/#\/schema\/logo\/image\/"},"sameAs":["https:\/\/facebook.com\/Colegioarq\/","https:\/\/x.com\/colegioarq","https:\/\/instagram.com\/colegioarq","https:\/\/youtube.com\/@ColegiodeArquitectosdeChile"]},{"@type":"Person","@id":"https:\/\/colegioarquitectos.com\/noticias\/#\/schema\/person\/685cc0aad148303c5608f049af8285ad","name":"Colegio de Arquitectos de Chile","url":"https:\/\/colegioarquitectos.com\/noticias\/?author=4"}]}},"_links":{"self":[{"href":"https:\/\/colegioarquitectos.com\/noticias\/index.php?rest_route=\/wp\/v2\/posts\/9847","targetHints":{"allow":["GET"]}}],"collection":[{"href":"https:\/\/colegioarquitectos.com\/noticias\/index.php?rest_route=\/wp\/v2\/posts"}],"about":[{"href":"https:\/\/colegioarquitectos.com\/noticias\/index.php?rest_route=\/wp\/v2\/types\/post"}],"author":[{"embeddable":true,"href":"https:\/\/colegioarquitectos.com\/noticias\/index.php?rest_route=\/wp\/v2\/users\/4"}],"replies":[{"embeddable":true,"href":"https:\/\/colegioarquitectos.com\/noticias\/index.php?rest_route=%2Fwp%2Fv2%2Fcomments&post=9847"}],"version-history":[{"count":0,"href":"https:\/\/colegioarquitectos.com\/noticias\/index.php?rest_route=\/wp\/v2\/posts\/9847\/revisions"}],"wp:featuredmedia":[{"embeddable":true,"href":"https:\/\/colegioarquitectos.com\/noticias\/index.php?rest_route=\/wp\/v2\/media\/9775"}],"wp:attachment":[{"href":"https:\/\/colegioarquitectos.com\/noticias\/index.php?rest_route=%2Fwp%2Fv2%2Fmedia&parent=9847"}],"wp:term":[{"taxonomy":"category","embeddable":true,"href":"https:\/\/colegioarquitectos.com\/noticias\/index.php?rest_route=%2Fwp%2Fv2%2Fcategories&post=9847"},{"taxonomy":"post_tag","embeddable":true,"href":"https:\/\/colegioarquitectos.com\/noticias\/index.php?rest_route=%2Fwp%2Fv2%2Ftags&post=9847"}],"curies":[{"name":"wp","href":"https:\/\/api.w.org\/{rel}","templated":true}]}}